{"id":4208,"date":"2025-02-11T12:11:24","date_gmt":"2025-02-11T15:11:24","guid":{"rendered":"https:\/\/tveventos.tv.br\/?p=4208"},"modified":"2025-02-11T12:11:27","modified_gmt":"2025-02-11T15:11:27","slug":"abcasa-fair-2025-apresenta-itens-de-papelaria-e-presentes-criativos-que-estao-em-alta","status":"publish","type":"post","link":"https:\/\/tveventos.tv.br\/?p=4208","title":{"rendered":"ABCasa Fair 2025 apresenta itens de papelaria e presentes criativos que est\u00e3o em alta"},"content":{"rendered":"\n<p class=\"has-text-align-center\"><em>Personaliza\u00e7\u00e3o, sustentabilidade e design artesanal est\u00e3o entre as inspira\u00e7\u00f5es presentes na feira<\/em>.<\/p>\n\n\n\n<p>O setor de Papelaria e Presentes Criativos consolida-se como um dos mais promissores da ind\u00fastria de artigos para casa e decora\u00e7\u00e3o. A maior feira de neg\u00f3cios B2B do segmento de artigos para casa e decora\u00e7\u00e3o da Am\u00e9rica Latina, a ABCasa Fair, reflete um mercado aquecido, impulsionado por mudan\u00e7as comportamentais e tecnol\u00f3gicas.<\/p>\n\n\n\n<p>A personaliza\u00e7\u00e3o continua em alta, com consumidores buscando produtos \u00fanicos que cont\u00e9m hist\u00f3rias e reflitam sua identidade. Al\u00e9m disso, a sustentabilidade ganha for\u00e7a, com marcas investindo em materiais eco-friendly, como pap\u00e9is reciclados e embalagens biodegrad\u00e1veis. Outra tend\u00eancia \u00e9 a integra\u00e7\u00e3o entre tecnologia e tradi\u00e7\u00e3o, com itens que combinam design artesanal e funcionalidades digitais.<\/p>\n\n\n<div class=\"wp-block-image\">\n<figure class=\"aligncenter size-full is-resized\"><img loading=\"lazy\" decoding=\"async\" width=\"120\" height=\"149\" src=\"https:\/\/tveventos.tv.br\/wp-content\/uploads\/2025\/02\/image.png\" alt=\"\" class=\"wp-image-4209\" style=\"width:378px;height:auto\"\/><\/figure>\n<\/div>\n\n\n<p>Eduardo Cincinato, presidente da ABCasa, ressalta a import\u00e2ncia do setor: &#8220;o mercado de papelaria \u00e9 um dos mais promissores e diversos do Brasil. Ele n\u00e3o apenas cresce em volume, mas tamb\u00e9m em relev\u00e2ncia, atendendo a demandas que v\u00e3o do uso profissional ao pessoal, com produtos que encantam pela criatividade e qualidade.&#8221;<\/p>\n\n\n\n<p>A consolida\u00e7\u00e3o do home office como parte do cotidiano das fam\u00edlias brasileiras tamb\u00e9m impulsionou o setor. Muitas resid\u00eancias agora contam com espa\u00e7os dedicados ao trabalho e ao estudo, integrando a papelaria \u00e0 decora\u00e7\u00e3o da casa. Itens como organizadores, cadernos de design sofisticado e canetas de alta performance s\u00e3o alguns dos produtos que ganharam destaque, aliando praticidade e est\u00e9tica.<\/p>\n\n\n<div class=\"wp-block-image\">\n<figure class=\"aligncenter size-full is-resized\"><img loading=\"lazy\" decoding=\"async\" width=\"120\" height=\"120\" src=\"https:\/\/tveventos.tv.br\/wp-content\/uploads\/2025\/02\/image-1.png\" alt=\"\" class=\"wp-image-4210\" style=\"width:440px;height:auto\"\/><\/figure>\n<\/div>\n\n\n<p><strong>ABCasa Fair 2025&nbsp;<\/strong><\/p>\n\n\n\n<p>A 14\u00aa edi\u00e7\u00e3o da ABCasa Fair re\u00fane em m\u00e9dia 400 expositores, com novidades em papelaria, presentes criativos, decora\u00e7\u00e3o, utilidades dom\u00e9sticas, t\u00eaxtil, artigos para casa, flores e plantas permanentes. Tamb\u00e9m conta com palestras, workshops e espa\u00e7os de networking, proporcionando uma experi\u00eancia completa para profissionais e entusiastas do setor.<\/p>\n\n\n\n<p><strong>SERVI\u00c7O<\/strong><\/p>\n\n\n\n<p><strong>Evento:<\/strong>&nbsp;ABCasa Fair \u2013 Edi\u00e7\u00e3o Fevereiro de 2025<\/p>\n\n\n\n<p><strong>Local:<\/strong>&nbsp;Expo Center Norte<\/p>\n\n\n\n<p><strong>Endere\u00e7o:<\/strong>&nbsp;Rua Jos\u00e9 Bernardo Pinto, 333, Vila Guilherme, Zona Norte, S\u00e3o Paulo (SP)<\/p>\n\n\n\n<p><strong>Per\u00edodo:<\/strong>&nbsp;de 9 a 12 de fevereiro de 2025<\/p>\n\n\n\n<p><strong>Hor\u00e1rio:<\/strong>&nbsp;de 9 a 11 de fevereiro, das 10h \u00e0s 20h; e 12 de fevereiro, das 10h \u00e0s 17h (a abertura dos port\u00f5es acontece 1 hora antes do in\u00edcio do evento, \u00e0s 9h)<\/p>\n\n\n\n<p><a href=\"https:\/\/abcasa.org.br\/\" target=\"_blank\" rel=\"noreferrer noopener\"><strong>Sobre a ABCasa<\/strong><\/a><\/p>\n\n\n\n<p>A ABCasa &#8211; Associa\u00e7\u00e3o Brasileira de Artigos para a Casa, Decora\u00e7\u00e3o, Presentes, Utilidades Dom\u00e9sticas, Festas, Flores e T\u00eaxtil &#8211; \u00e9 uma entidade sem fins lucrativos, que se constitui como a mais representativa do setor. Seu objetivo principal \u00e9 fortalecer o segmento e criar uma base de relacionamento entre empresas, entidades de classe, fornecedores, distribuidores, importadoras e profissionais. Com mais de 650 associados, a organiza\u00e7\u00e3o auxilia na matura\u00e7\u00e3o do mercado de artigos para a casa e celebra\u00e7\u00e3o, oferecendo conte\u00fados, estudos setoriais e organizando eventos importantes que geram excelentes oportunidades de neg\u00f3cios aos associados.<\/p>\n\n\n\n<p><br><a href=\"https:\/\/abcasafair.com.br\/\" target=\"_blank\" rel=\"noreferrer noopener\"><strong>Sobre ABCasa Fair<\/strong><\/a><\/p>\n\n\n\n<p>Organizada e realizada pela ABCasa \u2013 Associa\u00e7\u00e3o Brasileira de artigos para casa, decora\u00e7\u00e3o, presente criativos, papelaria, utilidades dom\u00e9sticas, festas, flores e t\u00eaxteis para o lar \u2013, a ABCasa Fair \u00e9 uma feira B2B (business-to-business) que congrega lideran\u00e7as de neg\u00f3cios do setor para alcan\u00e7ar o que h\u00e1 de melhor em artigos para casa, presentes e festas. O evento tem a miss\u00e3o de transformar o mercado de modo sustent\u00e1vel, competitivo e inovador.<\/p>\n","protected":false},"excerpt":{"rendered":"<p>Personaliza\u00e7\u00e3o, sustentabilidade e design artesanal est\u00e3o entre as inspira\u00e7\u00f5es presentes na feira. O setor de Papelaria e Presentes Criativos consolida-se como um dos mais promissores da ind\u00fastria de artigos para casa e decora\u00e7\u00e3o. A maior feira de neg\u00f3cios B2B do segmento de artigos para casa e decora\u00e7\u00e3o da Am\u00e9rica Latina, a ABCasa Fair, reflete um [&hellip;]<\/p>\n","protected":false},"author":2,"featured_media":4211,"comment_status":"open","ping_status":"open","sticky":false,"template":"","format":"standard","meta":{"footnotes":""},"categories":[23],"tags":[],"class_list":{"0":"post-4208","1":"post","2":"type-post","3":"status-publish","4":"format-standard","5":"has-post-thumbnail","7":"category-feirasdenegocios"},"_links":{"self":[{"href":"https:\/\/tveventos.tv.br\/index.php?rest_route=\/wp\/v2\/posts\/4208","targetHints":{"allow":["GET"]}}],"collection":[{"href":"https:\/\/tveventos.tv.br\/index.php?rest_route=\/wp\/v2\/posts"}],"about":[{"href":"https:\/\/tveventos.tv.br\/index.php?rest_route=\/wp\/v2\/types\/post"}],"author":[{"embeddable":true,"href":"https:\/\/tveventos.tv.br\/index.php?rest_route=\/wp\/v2\/users\/2"}],"replies":[{"embeddable":true,"href":"https:\/\/tveventos.tv.br\/index.php?rest_route=%2Fwp%2Fv2%2Fcomments&post=4208"}],"version-history":[{"count":1,"href":"https:\/\/tveventos.tv.br\/index.php?rest_route=\/wp\/v2\/posts\/4208\/revisions"}],"predecessor-version":[{"id":4212,"href":"https:\/\/tveventos.tv.br\/index.php?rest_route=\/wp\/v2\/posts\/4208\/revisions\/4212"}],"wp:featuredmedia":[{"embeddable":true,"href":"https:\/\/tveventos.tv.br\/index.php?rest_route=\/wp\/v2\/media\/4211"}],"wp:attachment":[{"href":"https:\/\/tveventos.tv.br\/index.php?rest_route=%2Fwp%2Fv2%2Fmedia&parent=4208"}],"wp:term":[{"taxonomy":"category","embeddable":true,"href":"https:\/\/tveventos.tv.br\/index.php?rest_route=%2Fwp%2Fv2%2Fcategories&post=4208"},{"taxonomy":"post_tag","embeddable":true,"href":"https:\/\/tveventos.tv.br\/index.php?rest_route=%2Fwp%2Fv2%2Ftags&post=4208"}],"curies":[{"name":"wp","href":"https:\/\/api.w.org\/{rel}","templated":true}]}}