{"id":4213,"date":"2025-02-11T16:18:56","date_gmt":"2025-02-11T19:18:56","guid":{"rendered":"https:\/\/tveventos.tv.br\/?p=4213"},"modified":"2025-02-11T16:18:58","modified_gmt":"2025-02-11T19:18:58","slug":"marmomac-brazil","status":"publish","type":"post","link":"https:\/\/tveventos.tv.br\/?p=4213","title":{"rendered":"MARMOMAC BRAZIL"},"content":{"rendered":"\n<p>Ap\u00f3s 21 anos de sucesso, a Vit\u00f3ria Stone Fair, evento iniciado no Esp\u00edrito Santo, Brasil, ganhou for\u00e7a, reconhecimento e notoriedade, consolidando-se como o principal evento de pedras naturais das Am\u00e9ricas.<\/p>\n\n\n\n<p>Em 2025, um novo cap\u00edtulo se inicia. Incorporando a grandiosidade da rede Marmomac, a Vit\u00f3ria Stone Fair se transforma em Marmomac Brazil. O evento visa ser a principal plataforma de exposi\u00e7\u00e3o e troca de conhecimento para o setor de rochas das Am\u00e9ricas, destacando as \u00faltimas tend\u00eancias e tecnologias, al\u00e9m de fortalecer a integra\u00e7\u00e3o entre os diversos players da cadeia produtiva.<\/p>\n\n\n\n<p>Marmomac Brazil ser\u00e1 o ponto de encontro para aqueles que buscam excel\u00eancia, inova\u00e7\u00e3o e oportunidades no universo das pedras naturais.<\/p>\n\n\n\n<h4 class=\"wp-block-heading\">Junte-se a n\u00f3s nos dias 18 a 20 de Fevereiro, das 10h \u00e0s 19h, no Distrito Anhembi.<\/h4>\n\n\n\n<h4 class=\"wp-block-heading\">Endere\u00e7o: Avenida Olavo Fontoura, N\u00b0 1. 209\/Santana, S\u00e3o Paulo, SP, 02012-021.<\/h4>\n","protected":false},"excerpt":{"rendered":"<p>Ap\u00f3s 21 anos de sucesso, a Vit\u00f3ria Stone Fair, evento iniciado no Esp\u00edrito Santo, Brasil, ganhou for\u00e7a, reconhecimento e notoriedade, consolidando-se como o principal evento de pedras naturais das Am\u00e9ricas. Em 2025, um novo cap\u00edtulo se inicia. Incorporando a grandiosidade da rede Marmomac, a Vit\u00f3ria Stone Fair se transforma em Marmomac Brazil. O evento visa [&hellip;]<\/p>\n","protected":false},"author":2,"featured_media":4214,"comment_status":"open","ping_status":"open","sticky":false,"template":"","format":"standard","meta":{"footnotes":""},"categories":[25],"tags":[],"class_list":{"0":"post-4213","1":"post","2":"type-post","3":"status-publish","4":"format-standard","5":"has-post-thumbnail","7":"category-calendariodeeventos"},"_links":{"self":[{"href":"https:\/\/tveventos.tv.br\/index.php?rest_route=\/wp\/v2\/posts\/4213","targetHints":{"allow":["GET"]}}],"collection":[{"href":"https:\/\/tveventos.tv.br\/index.php?rest_route=\/wp\/v2\/posts"}],"about":[{"href":"https:\/\/tveventos.tv.br\/index.php?rest_route=\/wp\/v2\/types\/post"}],"author":[{"embeddable":true,"href":"https:\/\/tveventos.tv.br\/index.php?rest_route=\/wp\/v2\/users\/2"}],"replies":[{"embeddable":true,"href":"https:\/\/tveventos.tv.br\/index.php?rest_route=%2Fwp%2Fv2%2Fcomments&post=4213"}],"version-history":[{"count":1,"href":"https:\/\/tveventos.tv.br\/index.php?rest_route=\/wp\/v2\/posts\/4213\/revisions"}],"predecessor-version":[{"id":4215,"href":"https:\/\/tveventos.tv.br\/index.php?rest_route=\/wp\/v2\/posts\/4213\/revisions\/4215"}],"wp:featuredmedia":[{"embeddable":true,"href":"https:\/\/tveventos.tv.br\/index.php?rest_route=\/wp\/v2\/media\/4214"}],"wp:attachment":[{"href":"https:\/\/tveventos.tv.br\/index.php?rest_route=%2Fwp%2Fv2%2Fmedia&parent=4213"}],"wp:term":[{"taxonomy":"category","embeddable":true,"href":"https:\/\/tveventos.tv.br\/index.php?rest_route=%2Fwp%2Fv2%2Fcategories&post=4213"},{"taxonomy":"post_tag","embeddable":true,"href":"https:\/\/tveventos.tv.br\/index.php?rest_route=%2Fwp%2Fv2%2Ftags&post=4213"}],"curies":[{"name":"wp","href":"https:\/\/api.w.org\/{rel}","templated":true}]}}