{"id":4217,"date":"2025-02-11T16:23:00","date_gmt":"2025-02-11T19:23:00","guid":{"rendered":"https:\/\/tveventos.tv.br\/?p=4217"},"modified":"2025-02-11T16:23:02","modified_gmt":"2025-02-11T19:23:02","slug":"febratextil","status":"publish","type":"post","link":"https:\/\/tveventos.tv.br\/?p=4217","title":{"rendered":"FebraT\u00eaxtil"},"content":{"rendered":"\n<p>A FebraT\u00eaxtil \u2013 feira de insumos e solu\u00e7\u00f5es para a ind\u00fastria t\u00eaxtil e de confec\u00e7\u00e3o \u2013 volta ao calend\u00e1rio de eventos de S\u00e3o Paulo em sua 3\u00aa edi\u00e7\u00e3o. Neste evento, voc\u00ea poder\u00e1 contar com a presen\u00e7a dos principais expositores de insumos t\u00eaxteis do Brasil. Ou seja, \u00e9 a oportunidade perfeita para estar ao lado de empresas \u00e2ncoras do setor, que trazem confian\u00e7a, credibilidade e diversas oportunidades de neg\u00f3cios.<br><\/p>\n\n\n\n<p>Junte-se a n\u00f3s nos dias 18 a 20 de Fevereiro, das 14h \u00e0s 21h, no Expo Center Norte.<\/p>\n\n\n\n<p>Endere\u00e7o: Rua Jos\u00e9 Bernardo Pinto 333, S\u00e3o Paulo, SP, 02055-000.<\/p>\n\n\n\n<p><\/p>\n\n\n\n<p><br><\/p>\n","protected":false},"excerpt":{"rendered":"<p>A FebraT\u00eaxtil \u2013 feira de insumos e solu\u00e7\u00f5es para a ind\u00fastria t\u00eaxtil e de confec\u00e7\u00e3o \u2013 volta ao calend\u00e1rio de eventos de S\u00e3o Paulo em sua 3\u00aa edi\u00e7\u00e3o. Neste evento, voc\u00ea poder\u00e1 contar com a presen\u00e7a dos principais expositores de insumos t\u00eaxteis do Brasil. Ou seja, \u00e9 a oportunidade perfeita para estar ao lado de [&hellip;]<\/p>\n","protected":false},"author":2,"featured_media":4218,"comment_status":"open","ping_status":"open","sticky":false,"template":"","format":"standard","meta":{"footnotes":""},"categories":[25],"tags":[],"class_list":{"0":"post-4217","1":"post","2":"type-post","3":"status-publish","4":"format-standard","5":"has-post-thumbnail","7":"category-calendariodeeventos"},"_links":{"self":[{"href":"https:\/\/tveventos.tv.br\/index.php?rest_route=\/wp\/v2\/posts\/4217","targetHints":{"allow":["GET"]}}],"collection":[{"href":"https:\/\/tveventos.tv.br\/index.php?rest_route=\/wp\/v2\/posts"}],"about":[{"href":"https:\/\/tveventos.tv.br\/index.php?rest_route=\/wp\/v2\/types\/post"}],"author":[{"embeddable":true,"href":"https:\/\/tveventos.tv.br\/index.php?rest_route=\/wp\/v2\/users\/2"}],"replies":[{"embeddable":true,"href":"https:\/\/tveventos.tv.br\/index.php?rest_route=%2Fwp%2Fv2%2Fcomments&post=4217"}],"version-history":[{"count":1,"href":"https:\/\/tveventos.tv.br\/index.php?rest_route=\/wp\/v2\/posts\/4217\/revisions"}],"predecessor-version":[{"id":4219,"href":"https:\/\/tveventos.tv.br\/index.php?rest_route=\/wp\/v2\/posts\/4217\/revisions\/4219"}],"wp:featuredmedia":[{"embeddable":true,"href":"https:\/\/tveventos.tv.br\/index.php?rest_route=\/wp\/v2\/media\/4218"}],"wp:attachment":[{"href":"https:\/\/tveventos.tv.br\/index.php?rest_route=%2Fwp%2Fv2%2Fmedia&parent=4217"}],"wp:term":[{"taxonomy":"category","embeddable":true,"href":"https:\/\/tveventos.tv.br\/index.php?rest_route=%2Fwp%2Fv2%2Fcategories&post=4217"},{"taxonomy":"post_tag","embeddable":true,"href":"https:\/\/tveventos.tv.br\/index.php?rest_route=%2Fwp%2Fv2%2Ftags&post=4217"}],"curies":[{"name":"wp","href":"https:\/\/api.w.org\/{rel}","templated":true}]}}