{"id":4220,"date":"2025-02-13T11:39:31","date_gmt":"2025-02-13T14:39:31","guid":{"rendered":"https:\/\/tveventos.tv.br\/?p=4220"},"modified":"2025-02-13T11:39:36","modified_gmt":"2025-02-13T14:39:36","slug":"crescimento-do-mercado-plant-based-no-brasil","status":"publish","type":"post","link":"https:\/\/tveventos.tv.br\/?p=4220","title":{"rendered":"Crescimento do mercado plant-based no Brasil"},"content":{"rendered":"\n<p class=\"has-text-align-center\">O mercado plant-based no Brasil tem se destacado como uma das tend\u00eancias mais promissoras do setor aliment\u00edcio. Em uma entrevista exclusiva concedida \u00e0\u00a0<strong><a href=\"https:\/\/plantbasedtech.com.br\/\" target=\"_blank\" rel=\"noreferrer noopener\">Plant Based Tech<\/a><\/strong>, o Diretor-Geral da APAS (Associa\u00e7\u00e3o Paulista de Supermercados), Carlos Correa, compartilhou suas perspectivas e insights sobre esse fen\u00f4meno em ascens\u00e3o.\u00a0<\/p>\n\n\n\n<h2 class=\"wp-block-heading\">Um olhar otimista para o futuro&nbsp;<\/h2>\n\n\n\n<p>Carlos Correa expressa um entusiasmo not\u00e1vel em rela\u00e7\u00e3o ao crescimento do mercado plant-based.&nbsp;<em>&#8220;A demanda do consumidor por esse tipo de produto aumenta cada vez mais e o Brasil tem um mercado bem promissor&#8221;<\/em>, afirma Correa. Segundo ele,&nbsp;<strong>um recente levantamento da APAS indica que os produtos saud\u00e1veis est\u00e3o em franca acelera\u00e7\u00e3o, com os alimentos n\u00e3o-industrializados predominando nas cestas de compras dos brasileiros.<\/strong>&nbsp;Este movimento \u00e9 impulsionado por uma busca crescente por uma alimenta\u00e7\u00e3o mais saud\u00e1vel, motivada por diversos fatores.&nbsp;<\/p>\n\n\n\n<h2 class=\"wp-block-heading\">Receptividade e expans\u00e3o nos supermercados&nbsp;<\/h2>\n\n\n\n<p>A aceita\u00e7\u00e3o dos produtos plant-based no mercado tem sido positiva.&nbsp;<em>&#8220;O mercado opta por disponibilizar \u00e0 sociedade cada vez mais variedade desses produtos, uma vez que a demanda por parte do consumidor registra constante crescimento&#8221;<\/em>, explica Correa. Nos supermercados, \u00e9 poss\u00edvel encontrar uma vasta gama de itens, incluindo cereais integrais, frutas, verduras, legumes e sementes.<\/p>\n\n\n\n<p>A APAS tem desempenhado um papel ativo na promo\u00e7\u00e3o desse mercado. Correa destaca o sucesso da APAS SHOW, onde produtos org\u00e2nicos e plant-based ganharam um espa\u00e7o significativo. Al\u00e9m disso, a APAS firmou um acordo de coopera\u00e7\u00e3o t\u00e9cnica com a CEAGESP, visando o desenvolvimento de boas pr\u00e1ticas e o incentivo ao mercado de Frutas, Legumes e Verduras (FLV)<\/p>\n\n\n\n<h2 class=\"wp-block-heading\">Acessibilidade para todos&nbsp;<\/h2>\n\n\n\n<p>Embora o plant-based inicialmente tenha sido associado a consumidores de alto padr\u00e3o aquisitivo, essa realidade est\u00e1 mudando.&nbsp;<em>&#8220;Vem crescendo a parcela de consumidores de todas as classes que consomem e veem valor nesse tipo de alimenta\u00e7\u00e3o&#8221;<\/em>, observa Correa. Ele reconhece que o pre\u00e7o final dos produtos plant-based ainda pode ser mais alto, mas acredita que a maior variedade e oferta podem oferecer mais op\u00e7\u00f5es aos clientes.&nbsp;<\/p>\n\n\n\n<p><strong>Segundo uma pesquisa recente da APAS, 65% dos brasileiros consomem org\u00e2nicos, com essa participa\u00e7\u00e3o subindo para 71% entre os jovens de 18 a 34 anos.<\/strong>&nbsp;Esses n\u00fameros indicam um interesse crescente por parte dos consumidores em adotar uma alimenta\u00e7\u00e3o mais saud\u00e1vel.&nbsp;<\/p>\n\n\n\n<h2 class=\"wp-block-heading\">Perspectivas de crescimento&nbsp;<\/h2>\n\n\n\n<p>Correa est\u00e1 confiante no crescimento cont\u00ednuo do setor plant-based no Brasil.&nbsp;<em>&#8220;Os produtos saud\u00e1veis t\u00eam registrado crescimento ano ap\u00f3s ano em todas as cestas&#8221;<\/em>, afirma.&nbsp;<strong>Ele enfatiza que os consumidores est\u00e3o cada vez mais conscientes da origem dos produtos e de seu impacto na sa\u00fade e no meio ambiente.<\/strong>&nbsp;<\/p>\n\n\n\n<h2 class=\"wp-block-heading\">Expans\u00e3o nos Supermercados&nbsp;<\/h2>\n\n\n\n<p>Quando questionado sobre a presen\u00e7a dos produtos plant-based nos supermercados, Correa explica que a oferta varia conforme a regi\u00e3o e o porte das lojas.&nbsp;<em>&#8220;A maior parte dos supermercados de m\u00e9dio e grande porte possuem uma ampla gama de produtos plant-based&#8221;<\/em>, relata.&nbsp;<strong>Para os pr\u00f3ximos cinco anos, ele projeta um crescimento expressivo desse mercado, apoiado tanto na mudan\u00e7a dos h\u00e1bitos de consumo quanto na amplia\u00e7\u00e3o da oferta de novos produtos pela ind\u00fastria aliment\u00edcia.<\/strong>&nbsp;<\/p>\n\n\n\n<h3 class=\"wp-block-heading\">Adapta\u00e7\u00e3o dos supermercadistas&nbsp;<\/h3>\n\n\n\n<p>Os supermercadistas t\u00eam demonstrado uma abertura significativa para a tend\u00eancia do vegetarianismo e da alimenta\u00e7\u00e3o saud\u00e1vel.&nbsp;<em>&#8220;O supermercadista tem o desafio de estar sempre atento \u00e0s constantes mudan\u00e7as de demandas e perfis dos consumidores&#8221;<\/em>, destaca Correa. A alimenta\u00e7\u00e3o saud\u00e1vel e natural j\u00e1 \u00e9 uma realidade em muitos supermercados, com g\u00f4ndolas dedicadas a produtos naturais se tornando cada vez mais comuns.&nbsp;&nbsp;<\/p>\n\n\n\n<h2 class=\"wp-block-heading\">Conclus\u00e3o&nbsp;<\/h2>\n\n\n\n<p>O crescimento do mercado plant-based no Brasil \u00e9 uma realidade promissora, refletindo a busca dos consumidores por uma alimenta\u00e7\u00e3o mais saud\u00e1vel e sustent\u00e1vel. A APAS, sob a lideran\u00e7a de Carlos Correa, continua a desempenhar um papel crucial nesse movimento, promovendo e incentivando a oferta de produtos plant-based nos supermercados no Estado de S\u00e3o Paulo. Como bem resumiu Correa,&nbsp;<em>&#8220;A alimenta\u00e7\u00e3o saud\u00e1vel e natural virou uma escolha de uma vida mais feliz e equilibrada.&#8221;&nbsp;<\/em><\/p>\n\n\n\n<h2 class=\"wp-block-heading\">Plant Based Tech&nbsp;<\/h2>\n\n\n\n<p>A CEO da&nbsp;<strong><a href=\"https:\/\/trioxp.com.br\/\" target=\"_blank\" rel=\"noreferrer noopener\">TRIOXP Feiras e Eventos<\/a><\/strong>, organizadora da Plant Based Tech,&nbsp;<strong>L\u00facia Abdala<\/strong>, tamb\u00e9m destaca o grande potencial do mercado brasileiro para o setor plant-based.&nbsp;<em>\u201cO Brasil \u00e9 um dos mercados mais promissores para o setor plant-based. A nova gera\u00e7\u00e3o busca alimentos e produtos sustent\u00e1veis que n\u00e3o agridam o meio ambiente. Cada vez mais empreendedores buscam novidades que atendam \u00e0s expectativas desse consumidor,\u201d<\/em>&nbsp;afirmou L\u00facia. Ela ressalta a import\u00e2ncia de eventos como a&nbsp;<strong><a href=\"https:\/\/plantbasedtech.com.br\/\">Plant Based Tech<\/a><\/strong>, que serve como um palco para discuss\u00f5es e apresenta\u00e7\u00e3o de novas tecnologias de produ\u00e7\u00e3o, solu\u00e7\u00f5es para a ind\u00fastria, embalagens e novos produtos focados em food services e varejo.<\/p>\n","protected":false},"excerpt":{"rendered":"<p>O mercado plant-based no Brasil tem se destacado como uma das tend\u00eancias mais promissoras do setor aliment\u00edcio. Em uma entrevista exclusiva concedida \u00e0\u00a0Plant Based Tech, o Diretor-Geral da APAS (Associa\u00e7\u00e3o Paulista de Supermercados), Carlos Correa, compartilhou suas perspectivas e insights sobre esse fen\u00f4meno em ascens\u00e3o.\u00a0 Um olhar otimista para o futuro&nbsp; Carlos Correa expressa um [&hellip;]<\/p>\n","protected":false},"author":2,"featured_media":4221,"comment_status":"open","ping_status":"open","sticky":false,"template":"","format":"standard","meta":{"footnotes":""},"categories":[23],"tags":[],"class_list":{"0":"post-4220","1":"post","2":"type-post","3":"status-publish","4":"format-standard","5":"has-post-thumbnail","7":"category-feirasdenegocios"},"_links":{"self":[{"href":"https:\/\/tveventos.tv.br\/index.php?rest_route=\/wp\/v2\/posts\/4220","targetHints":{"allow":["GET"]}}],"collection":[{"href":"https:\/\/tveventos.tv.br\/index.php?rest_route=\/wp\/v2\/posts"}],"about":[{"href":"https:\/\/tveventos.tv.br\/index.php?rest_route=\/wp\/v2\/types\/post"}],"author":[{"embeddable":true,"href":"https:\/\/tveventos.tv.br\/index.php?rest_route=\/wp\/v2\/users\/2"}],"replies":[{"embeddable":true,"href":"https:\/\/tveventos.tv.br\/index.php?rest_route=%2Fwp%2Fv2%2Fcomments&post=4220"}],"version-history":[{"count":1,"href":"https:\/\/tveventos.tv.br\/index.php?rest_route=\/wp\/v2\/posts\/4220\/revisions"}],"predecessor-version":[{"id":4222,"href":"https:\/\/tveventos.tv.br\/index.php?rest_route=\/wp\/v2\/posts\/4220\/revisions\/4222"}],"wp:featuredmedia":[{"embeddable":true,"href":"https:\/\/tveventos.tv.br\/index.php?rest_route=\/wp\/v2\/media\/4221"}],"wp:attachment":[{"href":"https:\/\/tveventos.tv.br\/index.php?rest_route=%2Fwp%2Fv2%2Fmedia&parent=4220"}],"wp:term":[{"taxonomy":"category","embeddable":true,"href":"https:\/\/tveventos.tv.br\/index.php?rest_route=%2Fwp%2Fv2%2Fcategories&post=4220"},{"taxonomy":"post_tag","embeddable":true,"href":"https:\/\/tveventos.tv.br\/index.php?rest_route=%2Fwp%2Fv2%2Ftags&post=4220"}],"curies":[{"name":"wp","href":"https:\/\/api.w.org\/{rel}","templated":true}]}}