{"id":4223,"date":"2025-02-13T11:55:54","date_gmt":"2025-02-13T14:55:54","guid":{"rendered":"https:\/\/tveventos.tv.br\/?p=4223"},"modified":"2025-02-13T11:55:56","modified_gmt":"2025-02-13T14:55:56","slug":"prefeitura-abre-inscricoes-para-feiras-de-artesanato-de-marco","status":"publish","type":"post","link":"https:\/\/tveventos.tv.br\/?p=4223","title":{"rendered":"Prefeitura abre inscri\u00e7\u00f5es para feiras de artesanato de mar\u00e7o"},"content":{"rendered":"\n<p class=\"has-text-align-center\"><em>Artes\u00e3os e manualistas da capital ter\u00e3o oportunidade de comercializar seus produtos em eventos em todas regi\u00f5es da cidade<\/em>.<\/p>\n\n\n\n<p>A Prefeitura de S\u00e3o Paulo, por meio da Secretaria de Desenvolvimento Econ\u00f4mico e Trabalho, abriu inscri\u00e7\u00f5es para feiras de artesanato e manualidades em todas as regi\u00f5es da capital. At\u00e9 dia 16 de fevereiro, empreendedores manuais credenciados no programa M\u00e3os e Mentes Paulistanas poder\u00e3o se inscrever para o sorteio de vagas em 16 localidades pelo&nbsp;<a href=\"https:\/\/drive.google.com\/file\/d\/1IIOt9gSbKyrryrIstW74I7_T0R2f9p_1\/view\" target=\"_blank\" rel=\"noreferrer noopener\">link<\/a>.<\/p>\n\n\n\n<p>Idealizado para apoiar artes\u00e3os e manualistas da capital, o programa oferece gratuitamente oportunidades de comercializa\u00e7\u00e3o em diversos pontos estrat\u00e9gicos da cidade. Para se inscrever, \u00e9 preciso, al\u00e9m de ser credenciado no programa, vender apenas pe\u00e7as artesanais e de autoria pr\u00f3pria, possuir certificado de uma das turmas de 01 a 15 ou ter conclu\u00eddo os cursos de \u201cModelagem de Neg\u00f3cios\u201d e \u201cPlanejamento de Cole\u00e7\u00e3o\u201d da qualifica\u00e7\u00e3o empreendedora do M\u00e3os e Mentes e, por fim, ter disponibilidade de estar presente no evento durante todo o per\u00edodo de sua realiza\u00e7\u00e3o.<\/p>\n\n\n\n<p>No m\u00eas da celebra\u00e7\u00e3o do Dia Internacional das Mulheres, 08 de mar\u00e7o, tamb\u00e9m ser\u00e3o realizadas feiras especiais com vagas destinadas apenas para artes\u00e3s do g\u00eanero feminino.<\/p>\n\n\n\n<p>A participa\u00e7\u00e3o nas feiras do M\u00e3os e Mentes Paulistanas \u00e9 uma oportunidade \u00fanica de promover o talento e a criatividade local, oferecendo a chance aos empreendedores manuais de expor seu trabalho em eventos gratuitos na cidade de S\u00e3o Paulo, conectando-se diretamente com o p\u00fablico e ampliando suas redes de contato e venda.<\/p>\n\n\n\n<p>Em mar\u00e7o, os eventos ocorrem no Centro na Pra\u00e7a da S\u00e9, Pra\u00e7a do Patriarca, Pra\u00e7a Ant\u00f4nio Prado, Pra\u00e7a Ramos de Azevedo e Parque Buenos Aires.<\/p>\n\n\n\n<p>Na zona leste, os artes\u00e3os podem se inscrever para as feiras no Mercad\u00e3o da Penha, no Mercad\u00e3o de S\u00e3o Miguel Paulista e no Parque do Carmo. J\u00e1 na zona norte, as inscri\u00e7\u00f5es s\u00e3o para o Sacol\u00e3o da Freguesia do \u00d3, Largo do Clipper, Parque Anhanguera e bairro de Santana.<\/p>\n\n\n\n<p>A zona oeste oferece vagas para feiras no Parque Jardim das Perdizes e Mercad\u00e3o das Flores e, por fim, a zona sul tem feiras no parque Severo Gomes e Parque Cordeiro &#8211; Martin Luther King.<\/p>\n\n\n\n<p><strong>Sobre o M\u00e3os e Mentes Paulistanas<\/strong><\/p>\n\n\n\n<p>A Prefeitura de S\u00e3o Paulo, por meio da Secretaria Municipal de Desenvolvimento Econ\u00f4mico e Trabalho, conta com um programa de apoio ao setor de artesanato e manualidades da Capital, o M\u00e3os e Mentes Paulistanas.<\/p>\n\n\n\n<p>Lan\u00e7ada em 2019, a iniciativa tem como objetivo a melhoria da atividade econ\u00f4mica e social de empreendedores artesanais da cidade. O programa promove diversas atividades que buscam desenvolver o setor de artesanato e manualidades, al\u00e9m de estimular a inclus\u00e3o produtiva, o acesso ao mercado e a gera\u00e7\u00e3o de renda dos trabalhadores manuais.<br><br>O M\u00e3os e Mentes atua por tr\u00eas eixos principais, como o cadastramento municipal de empreendedores do setor; a promo\u00e7\u00e3o de cursos de capacita\u00e7\u00e3o empreendedora; e o acesso ao mercado e participa\u00e7\u00e3o em eventos. Para utilizar os servi\u00e7os e recursos oferecidos, \u00e9 necess\u00e1rio estar credenciado no programa.<\/p>\n\n\n\n<p><strong>Servi\u00e7o<\/strong><\/p>\n\n\n\n<p><strong>Especial Dia Internacional da Mulher (Inscri\u00e7\u00e3o exclusiva aos artes\u00e3os do g\u00eanero feminino)<\/strong><\/p>\n\n\n\n<p><strong>Feira de Artesanato Largo do Clipper<\/strong><br><strong>Inscri\u00e7\u00f5es at\u00e9 16\/02 pelo&nbsp;<\/strong><a href=\"https:\/\/drive.google.com\/file\/d\/1YWtgnXqTG3Nu_evqi1QKfXS91oYCd0Zs\/view\" target=\"_blank\" rel=\"noreferrer noopener\">link<\/a><br>Datas do evento: 07 (Dia Internacional da Mulher), de mar\u00e7o de 2025<br>Hor\u00e1rio: 11h \u00e0s 18h<br>Vagas: 10 vagas<br>Local: Largo do Clipper<br>Endere\u00e7o: Largo do Clipper &#8211; Vila Albertina<\/p>\n\n\n\n<p><strong>Feira de Artesanato Mercad\u00e3o das Flores<\/strong><br><strong>Inscri\u00e7\u00f5es at\u00e9 16\/02 pelo&nbsp;<\/strong><a href=\"https:\/\/drive.google.com\/file\/d\/1kHz2JyqGZ6oucZhhbQQWosmphkUrAAoD\/view\" target=\"_blank\" rel=\"noreferrer noopener\">link<\/a><br>Datas do evento: 08 (Dia Internacional da Mulher) de mar\u00e7o de 2025<br>Hor\u00e1rio: 09h \u00e0s 17h<br>Vagas: 10 vagas<br>Local: Mercad\u00e3o das Flores<br>Endere\u00e7o: Rua Hayden, 105 &#8211; Vila Leopoldina<\/p>\n\n\n\n<p><strong>Feira de Artesanato Sacol\u00e3o Freguesia do \u00d3<\/strong><br><strong>Inscri\u00e7\u00f5es at\u00e9 16\/02 pelo&nbsp;<\/strong><a href=\"https:\/\/drive.google.com\/file\/d\/1hbuFXh6amK-d8trq9phPp6rM-VEyXZtI\/view\" target=\"_blank\" rel=\"noreferrer noopener\">link<\/a><br>Datas do evento: 08 (Dia Internacional da Mulher) de mar\u00e7o de 2025<br>Hor\u00e1rio: 10h \u00e0s 16h<br>Vagas: 10 vagas<br>Local: Sacol\u00e3o Freguesia do \u00d3<br>Endere\u00e7o: Avenida Jo\u00e3o Paulo I, 2107 &#8211; Jardim Maracan\u00e3<\/p>\n\n\n\n<p><strong>Feira de Artesanato Mercado Municipal da Penha<\/strong><br><strong>Inscri\u00e7\u00f5es at\u00e9 16\/02 pelo&nbsp;<\/strong><a href=\"https:\/\/drive.google.com\/file\/d\/1ND8_L_fJ4LRPGU9IEoVe8aMZr4Lywz4f\/view\" target=\"_blank\" rel=\"noreferrer noopener\">link<\/a><br>Datas do evento: 08 e 09 (Dia Internacional da Mulher) de mar\u00e7o de 2025<br>Hor\u00e1rio: 10h \u00e0s 19h aos s\u00e1bados e das 09h \u00e0s 13h aos domingos<br>Vagas: 10 vagas<br>Local: Mercado Municipal da Penha<br>Endere\u00e7o: Av. Gabriela Mistral, 160 &#8211; Penha de Fran\u00e7a<\/p>\n\n\n\n<p><strong>Feira de Artesanato Parque Anhanguera<\/strong><br><strong>Inscri\u00e7\u00f5es at\u00e9 16\/02 pelo&nbsp;<\/strong><a href=\"https:\/\/drive.google.com\/file\/d\/1OykEB-GtdFg8j8awbbv30QOHLd3SGMno\/view\" target=\"_blank\" rel=\"noreferrer noopener\">link<\/a><br>Datas do evento: 09 (Dia Internacional da Mulher) e 23 de mar\u00e7o de 2025<br>Hor\u00e1rio: 10h \u00e0s 17h<br>Vagas: 10 vagas<br>Local: Parque Anhanguera<br>Endere\u00e7o: Avenida Fortunata Tadiello Natucci, 1000 &#8211; Antiga, Estr. de Perus<\/p>\n\n\n\n<p><strong>Feira Parque Buenos Aires<\/strong><br><strong>Inscri\u00e7\u00f5es at\u00e9 16\/02 pelo&nbsp;<\/strong><a href=\"https:\/\/drive.google.com\/file\/d\/1HGnxoZNIwue5VF_QW7UyYeFr8_USzMCS\/view\" target=\"_blank\" rel=\"noreferrer noopener\">link<\/a><br>Datas do evento: 09 (Dia Internacional da Mulher) de mar\u00e7o de 2025<br>Hor\u00e1rio: 10h \u00e0s 17h<br>Vagas: 10 vagas<br>Local: Parque Buenos Aires<br>Endere\u00e7o: Av. Ang\u00e9lica, 1500 \u2013 Higien\u00f3polis<\/p>\n\n\n\n<p><strong>Feira de Artesanato Parque do Carmo<\/strong><br><strong>Inscri\u00e7\u00f5es at\u00e9 16\/02 pelo&nbsp;<\/strong><a href=\"https:\/\/drive.google.com\/file\/d\/1n9MpLExVa5q_hnBFAvCHeaU-9QxvuVVS\/view\" target=\"_blank\" rel=\"noreferrer noopener\">link<\/a><br>Datas do evento: 09 (Dia Internacional da Mulher) de mar\u00e7o de 2025<br>Hor\u00e1rio: 10h \u00e0s 17h<br>Vagas: 10 vagas<br>Local: Parque do Carmo<br>Endere\u00e7o: Avenida Afonso de Sampaio e Souza, 951 \u2013 Itaquera<\/p>\n\n\n\n<p><strong>Feira de Artesanato Parque Cordeiro &#8211; Martin Luther King<\/strong><br><strong>Inscri\u00e7\u00f5es at\u00e9 16\/02 pelo&nbsp;<\/strong><a href=\"https:\/\/drive.google.com\/file\/d\/15S9z8L6FMzF44CXSYim7KcjNoUwZtgho\/view\" target=\"_blank\" rel=\"noreferrer noopener\">link<\/a><br>Datas do evento: 09 (Dia Internacional da Mulher) de mar\u00e7o de 2025<br>Hor\u00e1rio: 10h \u00e0s 17h<br>Vagas: 10 vagas<br>Local: Parque Cordeiro &#8211; Martin Luther King<br>Endere\u00e7o: Rua Breves, 968 &#8211; Ch\u00e1cara Monte Alegre<\/p>\n\n\n\n<p><strong>Feira de Artesanato Parque Jardim das Perdizes<\/strong><br><strong>Inscri\u00e7\u00f5es at\u00e9 16\/02 pelo&nbsp;<\/strong><a href=\"https:\/\/drive.google.com\/file\/d\/1Y2u_lkagiaUPl9tnTpF3zY-sg3R6U3oi\/view\" target=\"_blank\" rel=\"noreferrer noopener\">link<\/a><br>Datas do evento: 09 (Dia Internacional da Mulher) de mar\u00e7o de 2025<br>Hor\u00e1rio: 10h \u00e0s 17h<br>Vagas: 10 vagas<br>Local: Parque Jardim das Perdizes<br>Endere\u00e7o: Passagem Quatro, s\/n &#8211; \u00c1gua Branca<\/p>\n\n\n\n<p><strong>Feiras de artesanato de mar\u00e7o de 2025<\/strong><\/p>\n\n\n\n<p><strong>Feira Parque Buenos Aires<\/strong><br><strong>Inscri\u00e7\u00f5es at\u00e9 16\/02 pelo&nbsp;<\/strong><a href=\"https:\/\/drive.google.com\/file\/d\/19R3WX6BeHIRuqy4na_2QaURBf9_Ou15l\/view\" target=\"_blank\" rel=\"noreferrer noopener\">link<\/a><br>Datas do evento: 16 e 23 de mar\u00e7o de 2025<br>Hor\u00e1rio: 10h \u00e0s 17h<br>Vagas: 10 vagas<br>Local: Parque Buenos Aires<br>Endere\u00e7o: Av. Ang\u00e9lica, 1500 \u2013 Higien\u00f3polis<\/p>\n\n\n\n<p><strong>Feira de Artesanato Pra\u00e7a Ant\u00f4nio Prado<\/strong><br><strong>Inscri\u00e7\u00f5es at\u00e9 16\/02 pelo&nbsp;<\/strong><a href=\"https:\/\/drive.google.com\/file\/d\/1WJzkfYpxF5B36Elbs1SaThSZf_xOofiD\/view\" target=\"_blank\" rel=\"noreferrer noopener\">link<\/a><br>Datas do evento: de 10 a 14, 17 a 21, 24 a 28 de mar\u00e7o de 2025<br>Hor\u00e1rio: 10h \u00e0s 17h<br>Vagas: 10 vagas<br>Local: Pra\u00e7a Ant\u00f4nio Prado<br>Endere\u00e7o: Pra\u00e7a Ant\u00f4nio Prado \u2013 S\u00e9<\/p>\n\n\n\n<p><strong>Feira de Artesanato Pra\u00e7a do Patriarca<\/strong><br><strong>Inscri\u00e7\u00f5es at\u00e9 16\/02 pelo&nbsp;<\/strong><a href=\"https:\/\/drive.google.com\/file\/d\/1PfnboIYidpYTAmYpJCyv4zilzHcOwgFm\/view\" target=\"_blank\" rel=\"noreferrer noopener\">link<\/a><br>Datas do evento: de 10 a 14, 24 a 28 de mar\u00e7o de 2025<br>Hor\u00e1rio: 10h \u00e0s 17h<br>Vagas: 10 vagas<br>Local: Pra\u00e7a do Patriarca<br>Endere\u00e7o: Pra\u00e7a do Patriarca \u2013 S\u00e9<\/p>\n\n\n\n<p><strong>Feira de Artesanato Pra\u00e7a Ramos de Azevedo<\/strong><br><strong>Inscri\u00e7\u00f5es at\u00e9 16\/02 pelo&nbsp;<\/strong><a href=\"https:\/\/drive.google.com\/file\/d\/1K8-Y_pg15oDk31qLGriAp5jt0q-AFZ6-\/view\" target=\"_blank\" rel=\"noreferrer noopener\">link<\/a><br>Datas do evento: de 10 a 14, 17 a 21, 24 a 28 de mar\u00e7o de 2025<br>Hor\u00e1rio: 10h \u00e0s 17h<br>Vagas: 10 vagas<br>Local: Pra\u00e7a Ramos de Azevedo<br>Endere\u00e7o: Pra\u00e7a Ramos de Azevedo \u2013 S\u00e9<\/p>\n\n\n\n<p><strong>Feira de Artesanato Pra\u00e7a da S\u00e9<\/strong><br><strong>Inscri\u00e7\u00f5es at\u00e9 16\/02 pelo&nbsp;<\/strong><a href=\"https:\/\/drive.google.com\/file\/d\/1EspsOzvo6XtQwEJ1i7Cp7IkGoktoIapk\/view\" target=\"_blank\" rel=\"noreferrer noopener\">link<\/a><br>Datas do evento: de 10 a 14 e 24 a 28 de mar\u00e7o de 2025<br>Hor\u00e1rio: 10h \u00e0s 17h<br>Vagas: 10 vagas<br>Local: Pra\u00e7a Ramos de Azevedo<br>Endere\u00e7o: Pra\u00e7a da S\u00e9 \u2013 S\u00e9<\/p>\n\n\n\n<p><strong>Feira de Artesanato Mercado Municipal da Penha<\/strong><br><strong>Inscri\u00e7\u00f5es at\u00e9 16\/02 pelo&nbsp;<\/strong><a href=\"https:\/\/drive.google.com\/file\/d\/1h8Vjv9cM_gV8QW5DJOf_XlBdLkBFB1Nr\/view\" target=\"_blank\" rel=\"noreferrer noopener\">link<\/a><br>Datas do evento: 15 e 16, 22 e 23, 29 e 30 de mar\u00e7o de 2025<br>Hor\u00e1rio: 10h \u00e0s 19h aos s\u00e1bados e das 09h \u00e0s 13h aos domingos<br>Vagas: 10 vagas<br>Local: Mercado Municipal da Penha<br>Endere\u00e7o: Av. Gabriela Mistral, 160 &#8211; Penha de Fran\u00e7a<\/p>\n\n\n\n<p><strong>Feira de Artesanato Parque do Carmo<\/strong><br><strong>Inscri\u00e7\u00f5es at\u00e9 16\/02 pelo&nbsp;<\/strong><a href=\"https:\/\/drive.google.com\/file\/d\/1GEoUEOOKy2_-OpeTzXSz81P0XbF4PCLh\/view\" target=\"_blank\" rel=\"noreferrer noopener\">link<\/a><br>Datas do evento: 23 de mar\u00e7o de 2025<br>Hor\u00e1rio: 10h \u00e0s 17h<\/p>\n\n\n\n<p>Vagas: 10 vagas<br>Local: Parque do Carmo<br>Endere\u00e7o: Avenida Afonso de Sampaio e Souza, 951 \u2013 Itaquera<\/p>\n\n\n\n<p><strong>Feira de Artesanato Mercado Municipal de S\u00e3o Miguel Paulista<\/strong><br><strong>Inscri\u00e7\u00f5es at\u00e9 16\/02 pelo&nbsp;<\/strong><a href=\"https:\/\/drive.google.com\/file\/d\/11QZUmksDZfbmB6Z5uaIMG-wuKBvGGWm0\/view\" target=\"_blank\" rel=\"noreferrer noopener\">link<\/a><br>Datas do evento: 10 a 14, 17 a 21, 24 a 28 de mar\u00e7o de 2025<br>Hor\u00e1rio: 10h \u00e0s 17h<br>Vagas: 10 vagas<br>Local: Mercado Municipal de S\u00e3o Miguel Paulista<br>Endere\u00e7o: Avenida Marechal Tito, 567 &#8211; Cidade Nitro Oper\u00e1ria<\/p>\n\n\n\n<p><strong>Feira de Artesanato Sacol\u00e3o Freguesia do \u00d3<\/strong><br><strong>Inscri\u00e7\u00f5es at\u00e9 16\/02 pelo&nbsp;<\/strong><a href=\"https:\/\/drive.google.com\/file\/d\/1LYLFnWQSfjlzH-fB_5ea3rci5RpIkHTY\/view\" target=\"_blank\" rel=\"noreferrer noopener\">link<\/a><br>Datas do evento: 15, 22 e 29 de mar\u00e7o de 2025<br>Hor\u00e1rio: 10h \u00e0s 16h<br>Vagas: 10 vagas<br>Local: Sacol\u00e3o Freguesia do \u00d3<br>Endere\u00e7o: Avenida Jo\u00e3o Paulo I, 2107 &#8211; Jardim Maracan\u00e3<\/p>\n\n\n\n<p><strong>Feira de Artesanato Largo do Clipper<\/strong><br><strong>Inscri\u00e7\u00f5es at\u00e9 16\/02 pelo&nbsp;<\/strong><a href=\"https:\/\/drive.google.com\/file\/d\/17VClVni-W_nnDSQIaLIwR_UsvlwSYcYq\/view\" target=\"_blank\" rel=\"noreferrer noopener\">link<\/a><br>Datas do evento: 21 de mar\u00e7o de 2025<br>Hor\u00e1rio: 11h \u00e0s 18h<br>Vagas: 10 vagas<br>Local: Largo do Clipper<br>Endere\u00e7o: Largo do Clipper &#8211; Vila Albertina<\/p>\n\n\n\n<p><strong>Feira de Artesanato Parque Anhanguera<\/strong><br><strong>Inscri\u00e7\u00f5es at\u00e9 16\/02 pelo&nbsp;<\/strong><a href=\"https:\/\/drive.google.com\/file\/d\/1IExU-8JLf2tcpNcDZ-ugVJJmc3joTaja\/view\" target=\"_blank\" rel=\"noreferrer noopener\">link<\/a><br>Datas do evento: 23 de mar\u00e7o de 2025<br>Hor\u00e1rio: 10h \u00e0s 17h<br>Vagas: 10 vagas<br>Local: Parque Anhanguera<br>Endere\u00e7o: Avenida Fortunata Tadiello Natucci, 1000 &#8211; Antiga, Estr. de Perus<\/p>\n\n\n\n<p><strong>Feira de Artesanato Bairro de Santana<\/strong><br><strong>Inscri\u00e7\u00f5es at\u00e9 16\/02 pelo&nbsp;<\/strong><a href=\"https:\/\/drive.google.com\/file\/d\/1YbHw0ozr_KSbBIr4Xx78lmWfbB5yHaFs\/view\" target=\"_blank\" rel=\"noreferrer noopener\">link<\/a><br>Datas do evento: 10 a 14, 17 a 21, 24 a 28 de mar\u00e7o de 2025<br>Hor\u00e1rio: 10h \u00e0s 17h<br>Vagas: 5 vagas<br>Local: Bairro de Santana<br>Endere\u00e7o: Cruzamento da Avenida Cruzeiro do Sul com a Rua Leite de Morais (ao lado da esta\u00e7\u00e3o Santana do metr\u00f4)<\/p>\n\n\n\n<p><strong>Feira de Artesanato Parque Jardim das Perdizes<\/strong><br><strong>Inscri\u00e7\u00f5es at\u00e9 16\/02 pelo&nbsp;<\/strong><a href=\"https:\/\/drive.google.com\/file\/d\/1T0hTjvqcQ0k2IWe_Lvvs096iJPppJw5n\/view\" target=\"_blank\" rel=\"noreferrer noopener\">link<\/a><br>Datas do evento: 16 e 23 de mar\u00e7o de 2025<br>Hor\u00e1rio: 10h \u00e0s 17h<br>Vagas: 10 vagas<br>Local: Parque Jardim das Perdizes<br>Endere\u00e7o: Passagem Quatro, s\/n &#8211; \u00c1gua Branca<\/p>\n\n\n\n<p><strong>Feira de Artesanato Mercad\u00e3o das Flores<\/strong><br><strong>Inscri\u00e7\u00f5es at\u00e9 16\/02 pelo&nbsp;<\/strong><a href=\"https:\/\/drive.google.com\/file\/d\/1X1efxFrj-6SUoeRzHUW92AxXuv4q6lok\/view\" target=\"_blank\" rel=\"noreferrer noopener\">link<\/a><br>Datas do evento: 22 de mar\u00e7o de 2025<br>Hor\u00e1rio: 09h \u00e0s 17h<br>Vagas: 10 vagas<br>Local: Mercad\u00e3o das Flores<br>Endere\u00e7o: Rua Hayden, 105 &#8211; Vila Leopoldina<\/p>\n\n\n\n<p><strong>Feira de Artesanato Parque Severo Gomes<\/strong><br><strong>Inscri\u00e7\u00f5es at\u00e9 16\/02 pelo&nbsp;<\/strong><a href=\"https:\/\/drive.google.com\/file\/d\/1t2I_GDTrXj9W8Q8KHrVWh3Oe6Ghl6D2F\/view\" target=\"_blank\" rel=\"noreferrer noopener\">link<\/a><br>Data do evento: 02 de mar\u00e7o de 2025<br>Hor\u00e1rio: 10h \u00e0s 16h<br>Vagas: 08 vagas<br>Local: Parque Severo Gomes<br>Endere\u00e7o: Rua Pires de Oliveira, 356 &#8211; Granja Julieta<\/p>\n\n\n\n<p><strong>Feira de Artesanato Parque Cordeiro &#8211; Martin Luther King<\/strong><br><strong>Inscri\u00e7\u00f5es at\u00e9 16\/02 pelo&nbsp;<\/strong><a href=\"https:\/\/drive.google.com\/file\/d\/1eX35lDjpYkf2vSbWKGyzdZAu-MoYhYIq\/view\" target=\"_blank\" rel=\"noreferrer noopener\">link<\/a><br>Datas do evento: 16 e 23 de mar\u00e7o de 2025<br>Hor\u00e1rio: 10h \u00e0s 17h<br>Vagas: 10 vagas<br>Local: Parque Cordeiro &#8211; Martin Luther King<br>Endere\u00e7o: Rua Breves, 968 &#8211; Ch\u00e1cara Monte Alegre<\/p>\n","protected":false},"excerpt":{"rendered":"<p>Artes\u00e3os e manualistas da capital ter\u00e3o oportunidade de comercializar seus produtos em eventos em todas regi\u00f5es da cidade. A Prefeitura de S\u00e3o Paulo, por meio da Secretaria de Desenvolvimento Econ\u00f4mico e Trabalho, abriu inscri\u00e7\u00f5es para feiras de artesanato e manualidades em todas as regi\u00f5es da capital. At\u00e9 dia 16 de fevereiro, empreendedores manuais credenciados no [&hellip;]<\/p>\n","protected":false},"author":2,"featured_media":4224,"comment_status":"open","ping_status":"open","sticky":false,"template":"","format":"standard","meta":{"footnotes":""},"categories":[23],"tags":[],"class_list":{"0":"post-4223","1":"post","2":"type-post","3":"status-publish","4":"format-standard","5":"has-post-thumbnail","7":"category-feirasdenegocios"},"_links":{"self":[{"href":"https:\/\/tveventos.tv.br\/index.php?rest_route=\/wp\/v2\/posts\/4223","targetHints":{"allow":["GET"]}}],"collection":[{"href":"https:\/\/tveventos.tv.br\/index.php?rest_route=\/wp\/v2\/posts"}],"about":[{"href":"https:\/\/tveventos.tv.br\/index.php?rest_route=\/wp\/v2\/types\/post"}],"author":[{"embeddable":true,"href":"https:\/\/tveventos.tv.br\/index.php?rest_route=\/wp\/v2\/users\/2"}],"replies":[{"embeddable":true,"href":"https:\/\/tveventos.tv.br\/index.php?rest_route=%2Fwp%2Fv2%2Fcomments&post=4223"}],"version-history":[{"count":1,"href":"https:\/\/tveventos.tv.br\/index.php?rest_route=\/wp\/v2\/posts\/4223\/revisions"}],"predecessor-version":[{"id":4225,"href":"https:\/\/tveventos.tv.br\/index.php?rest_route=\/wp\/v2\/posts\/4223\/revisions\/4225"}],"wp:featuredmedia":[{"embeddable":true,"href":"https:\/\/tveventos.tv.br\/index.php?rest_route=\/wp\/v2\/media\/4224"}],"wp:attachment":[{"href":"https:\/\/tveventos.tv.br\/index.php?rest_route=%2Fwp%2Fv2%2Fmedia&parent=4223"}],"wp:term":[{"taxonomy":"category","embeddable":true,"href":"https:\/\/tveventos.tv.br\/index.php?rest_route=%2Fwp%2Fv2%2Fcategories&post=4223"},{"taxonomy":"post_tag","embeddable":true,"href":"https:\/\/tveventos.tv.br\/index.php?rest_route=%2Fwp%2Fv2%2Ftags&post=4223"}],"curies":[{"name":"wp","href":"https:\/\/api.w.org\/{rel}","templated":true}]}}