{"id":4226,"date":"2025-02-13T12:04:51","date_gmt":"2025-02-13T15:04:51","guid":{"rendered":"https:\/\/tveventos.tv.br\/?p=4226"},"modified":"2025-02-13T12:04:52","modified_gmt":"2025-02-13T15:04:52","slug":"febratextil-2025-esta-chegando-so-faltam-5-dias","status":"publish","type":"post","link":"https:\/\/tveventos.tv.br\/?p=4226","title":{"rendered":"FebraT\u00eaxtil 2025 Est\u00e1 Chegando: S\u00f3 Faltam 5 Dias!"},"content":{"rendered":"\n<p class=\"has-text-align-center\"><em>O evento ser\u00e1 realizado de 18 a 20 de fevereiro de 2025, em S\u00e3o Paulo. As inscri\u00e7\u00f5es podem feitas de forma gratuita pelo site oficial da FebraT\u00eaxtil.<\/em><\/p>\n\n\n\n<p>Faltam apenas 5 dias para o in\u00edcio da&nbsp;<strong>FebraT\u00eaxtil 2025<\/strong>, que promote ser um dos principais eventos do setor t\u00eaxtil no Brasil, focado em insumos e solu\u00e7\u00f5es para a ind\u00fastria. O evento ocorrer\u00e1 de 18 a 20 de fevereiro no&nbsp;<strong>Expo Center Norte<\/strong>, em S\u00e3o Paulo. Para garantir sua participa\u00e7\u00e3o, basta acessar o&nbsp;<a href=\"https:\/\/sigevent.pro\/fcemeventos\/visitantes\/index.php?id_edicao=774&amp;linguagem=portugues\" target=\"_blank\" rel=\"noreferrer noopener\">site oficial da FebraT\u00eaxtil<\/a>&nbsp;e preencher o cadastro com CPF. No dia do evento, o visitante deve apresentar o PDF gerado pela inscri\u00e7\u00e3o virtual.<br>&nbsp;<br>Com a expectativa de receber entre 10.000 e 12.000 visitantes, a FebraT\u00eaxtil 2025 ser\u00e1 um evento de destaque para o setor t\u00eaxtil, com foco em inova\u00e7\u00f5es tecnol\u00f3gicas e novos produtos t\u00eaxteis, como fios, tecidos, malhas e estamparia. O evento visa posicionar o Brasil como um polo de inova\u00e7\u00e3o e qualidade no setor t\u00eaxtil da Am\u00e9rica Latina, oferecendo uma programa\u00e7\u00e3o repleta de palestras, desfiles, exposi\u00e7\u00f5es e concursos.<\/p>\n\n\n\n<p><strong>Programa\u00e7\u00e3o e destaques da FebraT\u00eaxtil 2025:<\/strong><\/p>\n\n\n\n<ul class=\"wp-block-list\">\n<li><strong>Arena do Conhecimento<\/strong>: palestras sobre as \u00faltimas tend\u00eancias e inova\u00e7\u00f5es tecnol\u00f3gicas do setor.<\/li>\n\n\n\n<li><strong>Fashion Show<\/strong>: expositores mostram suas cria\u00e7\u00f5es de forma criativa e inovadora.<\/li>\n\n\n\n<li><strong>Brasil Fashion Designers (BFD)<\/strong>: concurso para promover novos talentos do design t\u00eaxtil.<\/li>\n\n\n\n<li><strong>Startup Corner<\/strong>: espa\u00e7o dedicado a startups com solu\u00e7\u00f5es tecnol\u00f3gicas para a ind\u00fastria.<\/li>\n\n\n\n<li><strong>Cobertura Exclusiva<\/strong>: a influenciadora e engenheira t\u00eaxtil Priscila Faiad far\u00e1 cobertura em tempo real e entrevistas com expositores.<\/li>\n<\/ul>\n\n\n\n<p><strong>Servi\u00e7o:<\/strong><\/p>\n\n\n\n<ul class=\"wp-block-list\">\n<li><strong>O que:<\/strong>\u00a0FebraT\u00eaxtil 2025<\/li>\n\n\n\n<li><strong>Onde:<\/strong>\u00a0Expo Center Norte, S\u00e3o Paulo, SP<\/li>\n\n\n\n<li><strong>Quando:<\/strong>\u00a018 a 20 de fevereiro de 2025<\/li>\n\n\n\n<li><strong>Local:<\/strong>\u00a0Pavilh\u00e3o Vermelho, Expo Center Norte, S\u00e3o Paulo<\/li>\n\n\n\n<li><strong>Inscri\u00e7\u00f5es:<\/strong>\u00a0Gratuitas, dispon\u00edveis no\u00a0<a href=\"https:\/\/sigevent.pro\/fcemeventos\/visitantes\/index.php?id_edicao=774&amp;linguagem=portugues\" target=\"_blank\" rel=\"noreferrer noopener\"><u>site oficial da FebraT\u00eaxtil<\/u><\/a>.<\/li>\n<\/ul>\n\n\n\n<p>N\u00e3o perca a chance de explorar as \u00faltimas inova\u00e7\u00f5es e fortalecer sua rede de contatos no setor t\u00eaxtil.&nbsp;<strong>Garanta sua inscri\u00e7\u00e3o agora<\/strong>&nbsp;e prepare-se para um evento que ser\u00e1 um marco para o setor t\u00eaxtil brasileiro!<\/p>\n","protected":false},"excerpt":{"rendered":"<p>O evento ser\u00e1 realizado de 18 a 20 de fevereiro de 2025, em S\u00e3o Paulo. As inscri\u00e7\u00f5es podem feitas de forma gratuita pelo site oficial da FebraT\u00eaxtil. Faltam apenas 5 dias para o in\u00edcio da&nbsp;FebraT\u00eaxtil 2025, que promote ser um dos principais eventos do setor t\u00eaxtil no Brasil, focado em insumos e solu\u00e7\u00f5es para a [&hellip;]<\/p>\n","protected":false},"author":2,"featured_media":4227,"comment_status":"open","ping_status":"open","sticky":false,"template":"","format":"standard","meta":{"footnotes":""},"categories":[23],"tags":[],"class_list":{"0":"post-4226","1":"post","2":"type-post","3":"status-publish","4":"format-standard","5":"has-post-thumbnail","7":"category-feirasdenegocios"},"_links":{"self":[{"href":"https:\/\/tveventos.tv.br\/index.php?rest_route=\/wp\/v2\/posts\/4226","targetHints":{"allow":["GET"]}}],"collection":[{"href":"https:\/\/tveventos.tv.br\/index.php?rest_route=\/wp\/v2\/posts"}],"about":[{"href":"https:\/\/tveventos.tv.br\/index.php?rest_route=\/wp\/v2\/types\/post"}],"author":[{"embeddable":true,"href":"https:\/\/tveventos.tv.br\/index.php?rest_route=\/wp\/v2\/users\/2"}],"replies":[{"embeddable":true,"href":"https:\/\/tveventos.tv.br\/index.php?rest_route=%2Fwp%2Fv2%2Fcomments&post=4226"}],"version-history":[{"count":1,"href":"https:\/\/tveventos.tv.br\/index.php?rest_route=\/wp\/v2\/posts\/4226\/revisions"}],"predecessor-version":[{"id":4228,"href":"https:\/\/tveventos.tv.br\/index.php?rest_route=\/wp\/v2\/posts\/4226\/revisions\/4228"}],"wp:featuredmedia":[{"embeddable":true,"href":"https:\/\/tveventos.tv.br\/index.php?rest_route=\/wp\/v2\/media\/4227"}],"wp:attachment":[{"href":"https:\/\/tveventos.tv.br\/index.php?rest_route=%2Fwp%2Fv2%2Fmedia&parent=4226"}],"wp:term":[{"taxonomy":"category","embeddable":true,"href":"https:\/\/tveventos.tv.br\/index.php?rest_route=%2Fwp%2Fv2%2Fcategories&post=4226"},{"taxonomy":"post_tag","embeddable":true,"href":"https:\/\/tveventos.tv.br\/index.php?rest_route=%2Fwp%2Fv2%2Ftags&post=4226"}],"curies":[{"name":"wp","href":"https:\/\/api.w.org\/{rel}","templated":true}]}}