{"id":4229,"date":"2025-02-13T15:03:49","date_gmt":"2025-02-13T18:03:49","guid":{"rendered":"https:\/\/tveventos.tv.br\/?p=4229"},"modified":"2025-02-13T15:03:51","modified_gmt":"2025-02-13T18:03:51","slug":"maior-evento-de-inovacao-na-construcao-do-brasil-abre-inscricoes-para-edicao-de-2025","status":"publish","type":"post","link":"https:\/\/tveventos.tv.br\/?p=4229","title":{"rendered":"Maior evento de inova\u00e7\u00e3o na constru\u00e7\u00e3o do Brasil abre inscri\u00e7\u00f5es para edi\u00e7\u00e3o de 2025"},"content":{"rendered":"\n<p class=\"has-text-align-center\"><em>ENICS espera receber mais de 4 mil visitantes nos dias 24 e 25 de abril no Expo Center Norte, em S\u00e3o Paulo<\/em>.<\/p>\n\n\n\n<p>O Encontro Nacional de Inova\u00e7\u00e3o na Constru\u00e7\u00e3o a Seco&nbsp;&#8211; ENICS &#8211; est\u00e1 com inscri\u00e7\u00f5es abertas a expositores e visitantes que desejam participar de sua 7\u00aa edi\u00e7\u00e3o, que ser\u00e1 realizada nos dias 24 e 25 de abril no Expo Center Norte, em S\u00e3o Paulo (SP). Mais de 4 mil pessoas s\u00e3o esperadas no evento que ter\u00e1 como tema a \u201cRevolu\u00e7\u00e3o da Constru\u00e7\u00e3o Tecnol\u00f3gica\u201d. No pavilh\u00e3o, estar\u00e3o alguns convidados especiais, como o empres\u00e1rio Felipe Titto, e profissionais que s\u00e3o refer\u00eancia no setor. O ENICS \u00e9 considerado o maior encontro do Brasil dedicado \u00e0 inova\u00e7\u00e3o na constru\u00e7\u00e3o civil. Em seis anos, j\u00e1 reuniu mais de 8 mil visitantes e 90 expositores, al\u00e9m de somar mais de 300 horas de conte\u00fado, entre palestras e workshops.<\/p>\n\n\n\n<p>\u201cO ENICS tem como prop\u00f3sito romper com todos os limites que ainda tentam segurar a expans\u00e3o do mercado de constru\u00e7\u00e3o a seco no Brasil. Nele, mostramos a evolu\u00e7\u00e3o na maneira de construir e todas as solu\u00e7\u00f5es para as dores de um mercado que parou no tempo e se prendeu ao convencional\u201d, afirma Caroline Siqueira, diretora do evento e vice-presidente comercial do Grupo Innova Steel, pioneiro em constru\u00e7\u00e3o a seco e no uso de Light Steel Frame no pa\u00eds.<\/p>\n\n\n\n<p>Em 2025, a feira trar\u00e1 grandes novidades. Uma delas \u00e9 a Batalha de Sistemas &#8211; uma competi\u00e7\u00e3o em tempo real que consistir\u00e1 na constru\u00e7\u00e3o de casas ao vivo utilizando diferentes m\u00e9todos construtivos: Steel Frame, Wood Frame, Painel de Concreto Leve (Lightwall) e Alvenaria. A ideia \u00e9 mostrar o tempo e os recursos que cada sistema requer. Outra estreia \u00e9 a Arena Tech Constru\u00e7\u00e3o, um espa\u00e7o dedicado \u00e0 inova\u00e7\u00e3o e tecnologia aplicadas ao setor. O local reunir\u00e1 palestras e as \u00faltimas tend\u00eancias e solu\u00e7\u00f5es que est\u00e3o transformando o mercado.<\/p>\n\n\n\n<p>Os palestrantes tamb\u00e9m participar\u00e3o de epis\u00f3dios ao vivo do Podcast ENICS, gravado no pavilh\u00e3o em uma estrutura moderna e interativa, gerando discuss\u00f5es ricas e&nbsp;<em>insights&nbsp;<\/em>\u00fanicos. Os ingressos para o 7\u00ba ENICS custam R$ 150 para estudantes e R$ 250 para profissionais. O evento oferece, ainda, o ENICS BLACK, uma experi\u00eancia diferenciada e exclusiva, com mais de 20 horas de conte\u00fado presencial e encontros de networking entre os inscritos, com expectativa de gera\u00e7\u00e3o de neg\u00f3cios dentro do evento. Quem adquirir esse ingresso, ainda ter\u00e1 direito a assistir a um pocket show do cantor Lucas Lucco. Expositores e visitantes interessados podem encontrar as informa\u00e7\u00f5es e contatos no site&nbsp;<a href=\"https:\/\/enics.com.br\/\" target=\"_blank\" rel=\"noreferrer noopener\">enics.com.br<\/a>.<\/p>\n\n\n\n<p><strong>SERVI\u00c7O<\/strong><\/p>\n\n\n\n<p><strong>7\u00ba ENICS &#8211; Encontro Nacional de Inova\u00e7\u00e3o na Constru\u00e7\u00e3o a Seco<\/strong><\/p>\n\n\n\n<p><strong>Data:&nbsp;<\/strong>24 e 25 de abril<\/p>\n\n\n\n<p><strong>Local:&nbsp;<\/strong>Expo Center Norte &#8211; Pavilh\u00e3o Amarelo<br>Av. Otto Baumgart, n\u00ba 1.000 | Vila Guilherme, S\u00e3o Paulo &#8211; SP<\/p>\n\n\n\n<p><strong>Mais informa\u00e7\u00f5es:&nbsp;<\/strong><a href=\"https:\/\/enics.com.br\/\" target=\"_blank\" rel=\"noreferrer noopener\">enics.com.br<\/a><\/p>\n","protected":false},"excerpt":{"rendered":"<p>ENICS espera receber mais de 4 mil visitantes nos dias 24 e 25 de abril no Expo Center Norte, em S\u00e3o Paulo. O Encontro Nacional de Inova\u00e7\u00e3o na Constru\u00e7\u00e3o a Seco&nbsp;&#8211; ENICS &#8211; est\u00e1 com inscri\u00e7\u00f5es abertas a expositores e visitantes que desejam participar de sua 7\u00aa edi\u00e7\u00e3o, que ser\u00e1 realizada nos dias 24 e [&hellip;]<\/p>\n","protected":false},"author":2,"featured_media":4230,"comment_status":"open","ping_status":"open","sticky":false,"template":"","format":"standard","meta":{"footnotes":""},"categories":[23],"tags":[],"class_list":{"0":"post-4229","1":"post","2":"type-post","3":"status-publish","4":"format-standard","5":"has-post-thumbnail","7":"category-feirasdenegocios"},"_links":{"self":[{"href":"https:\/\/tveventos.tv.br\/index.php?rest_route=\/wp\/v2\/posts\/4229","targetHints":{"allow":["GET"]}}],"collection":[{"href":"https:\/\/tveventos.tv.br\/index.php?rest_route=\/wp\/v2\/posts"}],"about":[{"href":"https:\/\/tveventos.tv.br\/index.php?rest_route=\/wp\/v2\/types\/post"}],"author":[{"embeddable":true,"href":"https:\/\/tveventos.tv.br\/index.php?rest_route=\/wp\/v2\/users\/2"}],"replies":[{"embeddable":true,"href":"https:\/\/tveventos.tv.br\/index.php?rest_route=%2Fwp%2Fv2%2Fcomments&post=4229"}],"version-history":[{"count":1,"href":"https:\/\/tveventos.tv.br\/index.php?rest_route=\/wp\/v2\/posts\/4229\/revisions"}],"predecessor-version":[{"id":4231,"href":"https:\/\/tveventos.tv.br\/index.php?rest_route=\/wp\/v2\/posts\/4229\/revisions\/4231"}],"wp:featuredmedia":[{"embeddable":true,"href":"https:\/\/tveventos.tv.br\/index.php?rest_route=\/wp\/v2\/media\/4230"}],"wp:attachment":[{"href":"https:\/\/tveventos.tv.br\/index.php?rest_route=%2Fwp%2Fv2%2Fmedia&parent=4229"}],"wp:term":[{"taxonomy":"category","embeddable":true,"href":"https:\/\/tveventos.tv.br\/index.php?rest_route=%2Fwp%2Fv2%2Fcategories&post=4229"},{"taxonomy":"post_tag","embeddable":true,"href":"https:\/\/tveventos.tv.br\/index.php?rest_route=%2Fwp%2Fv2%2Ftags&post=4229"}],"curies":[{"name":"wp","href":"https:\/\/api.w.org\/{rel}","templated":true}]}}