{"id":4232,"date":"2025-02-17T14:10:50","date_gmt":"2025-02-17T17:10:50","guid":{"rendered":"https:\/\/tveventos.tv.br\/?p=4232"},"modified":"2025-02-17T14:10:52","modified_gmt":"2025-02-17T17:10:52","slug":"beauty-show-2025-anuncia-pre-venda-e-programacao-exclusiva","status":"publish","type":"post","link":"https:\/\/tveventos.tv.br\/?p=4232","title":{"rendered":"Beauty Show 2025 anuncia pr\u00e9-venda e programa\u00e7\u00e3o exclusiva"},"content":{"rendered":"\n<p><em>Feira re\u00fane profissionais de beleza para tr\u00eas dias de novidades, workshops e networking no Expo Center Norte, em S\u00e3o Paulo<\/em>.<\/p>\n\n\n\n<p>A terceira edi\u00e7\u00e3o da <a href=\"https:\/\/beautyshow.com.br\/\">Beauty Show \u2013 Make &amp; Nails<\/a> acontece de 24 a 26 de maio de 2025, das 10h \u00e0s 20h, no Expo Center Norte, em S\u00e3o Paulo. O evento tem a miss\u00e3o de impulsionar a carreira dos profissionais apaixonados por maquiagem e <em>nail art<\/em>, oferecendo tr\u00eas dias de imers\u00e3o no universo da beleza, com oportunidades exclusivas de aprendizado, <em>networking <\/em>e neg\u00f3cios. Com a assinatura da <strong><em>Beauty Fair<\/em><\/strong> \u2013 a maior plataforma de conte\u00fado e neg\u00f3cios em beleza das Am\u00e9ricas \u2013, a <em>Beauty Show <\/em>\u00e9 feita para quem deseja crescer, aprimorar suas habilidades e se conectar com os melhores do setor.<\/p>\n\n\n\n<p><br>O credenciamento oficial abre em 24 de fevereiro no site da <em>Beauty Show<\/em>, <a href=\"https:\/\/beautyshow.com.br\/\">clicando aqui<\/a>. Mas os interessados podem garantir acesso antecipado com valor promocional na pr\u00e9-venda, de 17 a 23 de fevereiro. Os ingressos est\u00e3o dispon\u00edveis por R$ 15 (Lote 1) para aqueles inscritos no grupo exclusivo de <em>WhatsApp<\/em>. Para acess\u00e1-lo, basta <a href=\"https:\/\/beleza.beautyfair.com.br\/beauty-show-2025\">clicar aqui<\/a>. Ap\u00f3s essa fase, os valores seguir\u00e3o os seguintes lotes: de 24\/02 a 02\/03, por R$ 19,90 (Lote 2); de 03\/03 a 24\/04, por R$ 25 (Lote 3); e de 25\/04 a 24\/05, por R$ 27 (Lote 4).<\/p>\n\n\n\n<figure class=\"wp-block-image size-large\"><img loading=\"lazy\" decoding=\"async\" width=\"1024\" height=\"280\" src=\"https:\/\/tveventos.tv.br\/wp-content\/uploads\/2025\/02\/image-2-1024x280.png\" alt=\"\" class=\"wp-image-4233\" srcset=\"https:\/\/tveventos.tv.br\/wp-content\/uploads\/2025\/02\/image-2-1024x280.png 1024w, https:\/\/tveventos.tv.br\/wp-content\/uploads\/2025\/02\/image-2-300x82.png 300w, https:\/\/tveventos.tv.br\/wp-content\/uploads\/2025\/02\/image-2-768x210.png 768w, https:\/\/tveventos.tv.br\/wp-content\/uploads\/2025\/02\/image-2-696x190.png 696w, https:\/\/tveventos.tv.br\/wp-content\/uploads\/2025\/02\/image-2-1068x292.png 1068w, https:\/\/tveventos.tv.br\/wp-content\/uploads\/2025\/02\/image-2.png 1222w\" sizes=\"auto, (max-width: 1024px) 100vw, 1024px\" \/><\/figure>\n\n\n\n<p><strong>Atra\u00e7\u00f5es e novidades da 3\u00aa edi\u00e7\u00e3o<\/strong><br>&nbsp;<\/p>\n\n\n\n<p>O evento contar\u00e1 com a participa\u00e7\u00e3o das principais marcas do mercado, que apresentar\u00e3o lan\u00e7amentos e condi\u00e7\u00f5es especiais para os visitantes. O cronograma inclui mais de 15 <em>workshops<\/em> gratuitos com especialistas em maquiagem e <em>nail art<\/em>. Al\u00e9m disso, quatro palestras <em>premium<\/em> trar\u00e3o influenciadoras do setor, como Bianca Andrade (Boca Rosa), Mari Maria, Bruna Tavares e Nat\u00e1lia <em>Beauty<\/em>, que compartilhar\u00e3o tend\u00eancias e <em>insights<\/em> sobre a ind\u00fastria da beleza.<br>&nbsp;<\/p>\n\n\n\n<p>E mais: aten\u00e7\u00e3o, teremos olheiros no local! Haver\u00e1 concursos di\u00e1rios premiando as melhores produ\u00e7\u00f5es de maquiagem e <em>nail art <\/em>da feira. Ser\u00e3o sorteadas tr\u00eas sacolas por dia, com <em>kits <\/em>de brindes das marcas expositoras e a chance de destaque no portal Neg\u00f3cios de Beleza. Al\u00e9m dos brindes, um participante por dia ganhar\u00e1 uma mentoria <em>online <\/em>de uma hora com as curadoras do evento: Michele Carine (mentoria para manicures) e Raquel Spositto (mentoria para maquiadores), abordando estrat\u00e9gias para o desenvolvimento profissional no setor.<\/p>\n\n\n<div class=\"wp-block-image\">\n<figure class=\"aligncenter size-full\"><img loading=\"lazy\" decoding=\"async\" width=\"799\" height=\"450\" src=\"https:\/\/tveventos.tv.br\/wp-content\/uploads\/2025\/02\/image-3.png\" alt=\"\" class=\"wp-image-4234\" srcset=\"https:\/\/tveventos.tv.br\/wp-content\/uploads\/2025\/02\/image-3.png 799w, https:\/\/tveventos.tv.br\/wp-content\/uploads\/2025\/02\/image-3-300x169.png 300w, https:\/\/tveventos.tv.br\/wp-content\/uploads\/2025\/02\/image-3-768x433.png 768w, https:\/\/tveventos.tv.br\/wp-content\/uploads\/2025\/02\/image-3-746x420.png 746w, https:\/\/tveventos.tv.br\/wp-content\/uploads\/2025\/02\/image-3-696x392.png 696w\" sizes=\"auto, (max-width: 799px) 100vw, 799px\" \/><\/figure>\n<\/div>\n\n\n<p><strong>Meet &amp; Greet<\/strong><br>&nbsp;<\/p>\n\n\n\n<p>A<em> Beauty Show <\/em>2025 traz em sua programa\u00e7\u00e3o uma oportunidade exclusiva para os participantes: o <em>Meet &amp; Greet<\/em> com <a href=\"https:\/\/www.instagram.com\/bianca\/\">Bianca Andrade<\/a> &#8211; Boca Rosa e <a href=\"https:\/\/www.instagram.com\/marimaria\/\">Mari Maria<\/a>, duas das principais influenciadoras e empreendedoras do mercado de maquiagem nacional. Durante o evento, os visitantes ter\u00e3o a chance de interagir diretamente com as personalidades em encontros reservados, garantindo uma experi\u00eancia personalizada.<br>&nbsp;<\/p>\n\n\n\n<p>Os ingressos para o<em> Meet &amp; Greet <\/em>est\u00e3o dispon\u00edveis por R$ 297,00, com vagas limitadas a 10 por influenciadora. Os ingressos podem ser adquiridos [<a href=\"https:\/\/app.4.events\/c\/SlN4REpGUXRVMFJnQ21BSw==\/plugin\/inscricao\/55\/ef575e8837d065a1683c022d2077d342?direct=true&amp;autoopen=true\">aqui<\/a>] para Bianca Andrade e [<a href=\"https:\/\/app.4.events\/c\/SlN4REpGUXRVMFJnQ21BSw==\/plugin\/inscricao\/55\/5ef0b4eba35ab2d6180b0bca7e46b6f9?direct=true&amp;autoopen=true\">aqui<\/a>] para Mari Maria.<br><br>Al\u00e9m da venda de ingressos, o evento realizar\u00e1 sorteios semanais para garantir o acesso a esses encontros exclusivos. Para participar, \u00e9 necess\u00e1rio adquirir o ingresso da feira e seguir a p\u00e1gina oficial do evento no <a href=\"https:\/\/www.instagram.com\/beautyshowoficial\/\">Instagram,<\/a> onde ser\u00e3o divulgadas todas as informa\u00e7\u00f5es sobre os sorteios.<br>&nbsp;<\/p>\n\n\n\n<p><strong>Credenciamento para Influenciadores<\/strong><br>&nbsp;<\/p>\n\n\n\n<p>Os criadores de conte\u00fado interessados em participar da <em>Beauty Show<\/em> devem acessar o formul\u00e1rio de credenciamento no site oficial do evento a partir de 07 de abril e preench\u00ea-lo integralmente. A feira, por meio da <em>Approach <\/em>Comunica\u00e7\u00e3o, receber\u00e1 as solicita\u00e7\u00f5es de credenciamento at\u00e9 16 de maio, com an\u00e1lise dos pedidos a ser realizada at\u00e9 21 de maio, conforme os crit\u00e9rios estabelecidos abaixo:<br>&nbsp;<\/p>\n\n\n\n<figure class=\"wp-block-image size-large\"><img loading=\"lazy\" decoding=\"async\" width=\"1024\" height=\"305\" src=\"https:\/\/tveventos.tv.br\/wp-content\/uploads\/2025\/02\/image-4-1024x305.png\" alt=\"\" class=\"wp-image-4235\" srcset=\"https:\/\/tveventos.tv.br\/wp-content\/uploads\/2025\/02\/image-4-1024x305.png 1024w, https:\/\/tveventos.tv.br\/wp-content\/uploads\/2025\/02\/image-4-300x89.png 300w, https:\/\/tveventos.tv.br\/wp-content\/uploads\/2025\/02\/image-4-768x229.png 768w, https:\/\/tveventos.tv.br\/wp-content\/uploads\/2025\/02\/image-4-696x208.png 696w, https:\/\/tveventos.tv.br\/wp-content\/uploads\/2025\/02\/image-4-1068x319.png 1068w, https:\/\/tveventos.tv.br\/wp-content\/uploads\/2025\/02\/image-4.png 1133w\" sizes=\"auto, (max-width: 1024px) 100vw, 1024px\" \/><\/figure>\n\n\n\n<p>A <em>Beauty Show<\/em> se reserva o direito de n\u00e3o aprovar todas as candidaturas, sem a necessidade de justificar a decis\u00e3o. A confirma\u00e7\u00e3o do credenciamento ser\u00e1 enviada em at\u00e9 4 dias \u00fateis. <strong>N\u00e3o ser\u00e1 poss\u00edvel realizar credenciamento de influenciadores durante o evento, pois \u00e9 necess\u00e1ria uma an\u00e1lise pr\u00e9via dos perfis.<\/strong><br>&nbsp;<\/p>\n\n\n\n<p>Ap\u00f3s a aprova\u00e7\u00e3o, voc\u00ea poder\u00e1 imprimir sua credencial diretamente no nosso sistema, utilizando o login e senha cadastrados. Imprima o crach\u00e1 e leve-o no dia do evento, juntamente com um documento de identifica\u00e7\u00e3o. Isso ajudar\u00e1 a evitar aglomera\u00e7\u00f5es e agilizar\u00e1 sua entrada.<br>&nbsp;<\/p>\n\n\n\n<p><strong>Credenciamento de Imprensa &#8211; Beauty Show 2025<\/strong><br>&nbsp;<\/p>\n\n\n\n<p>Para garantir o acesso \u00e0 <em>Beauty Show<\/em> 2025, jornalistas e profissionais da m\u00eddia devem realizar o credenciamento por meio do preenchimento completo do formul\u00e1rio dispon\u00edvel no site oficial do evento, <a href=\"https:\/\/beautyshow.com.br\/credenciamento\/\">clicando aqui<\/a>. O credenciamento \u00e9 destinado a profissionais de ve\u00edculos de comunica\u00e7\u00e3o que atuem nas \u00e1reas de<em> lifestyle<\/em>, beleza, maquiagem, manicure, neg\u00f3cios, feiras, empreendedorismo, varejo, consumo, cidades e eventos.<br><br>Com o objetivo de facilitar o acesso \u00e0 informa\u00e7\u00e3o, a<em> Beauty Show<\/em> disponibiliza um<em> hub<\/em> digital centralizado, onde fotos, <em>releases<\/em> e outros materiais sobre a feira e seus expositores estar\u00e3o \u00e0 disposi\u00e7\u00e3o da imprensa. O acesso ao conte\u00fado ser\u00e1 liberado a partir de 19 de maio. A sala de imprensa ser\u00e1 exclusiva para jornalistas devidamente credenciados, proporcionando um ambiente adequado para a produ\u00e7\u00e3o de conte\u00fado e o fortalecimento de relacionamentos profissionais.<br>&nbsp;<\/p>\n\n\n\n<p>Demandas adicionais de imprensa devem ser enviadas para o e-mail beautyshow@approach.com.br, canal exclusivo para esse tipo de solicita\u00e7\u00e3o.<br>&nbsp;<\/p>\n\n\n\n<p><strong>Equipe de TV e Cobertura Ao Vivo &#8211; Agendamento Pr\u00e9vio Necess\u00e1rio<\/strong><br>&nbsp;<\/p>\n\n\n\n<p>Equipes de TV interessadas em cobrir o evento devem agendar com anteced\u00eancia o dia e hor\u00e1rio de visita\u00e7\u00e3o para receber suporte da assessoria durante a feira. \u00c9 essencial informar se a cobertura ser\u00e1 gravada ou ao vivo para melhor organiza\u00e7\u00e3o da produ\u00e7\u00e3o. Os agendamentos podem ser feitos pelo e-mail beautyshow@approach.com.br.<br>&nbsp;<\/p>\n\n\n\n<p><strong>Porta-Voz da Beauty Show<\/strong><br>&nbsp;O principal porta-voz da <em>Beauty Show <\/em>\u00e9 C\u00e9sar Tsukuda, diretor-geral da <em>Beauty Fair<\/em>, com mais de 20 anos de experi\u00eancia no setor de beleza. Bacharel em Com\u00e9rcio Exterior pela Universidade Presbiteriana Mackenzie e especializado em Governan\u00e7a Corporativa pelo IBGC,Tsukuda estar\u00e1 dispon\u00edvel para entrevistas durante os dias de feira. Os hor\u00e1rios podem ser agendados diretamente com a <em>Approach<\/em> Comunica\u00e7\u00e3o<\/p>\n\n\n<div class=\"wp-block-image\">\n<figure class=\"aligncenter size-full\"><img loading=\"lazy\" decoding=\"async\" width=\"251\" height=\"277\" src=\"https:\/\/tveventos.tv.br\/wp-content\/uploads\/2025\/02\/image-5.png\" alt=\"\" class=\"wp-image-4236\" \/><\/figure>\n<\/div>\n\n\n<p><strong>SERVI\u00c7O \u2013 BEAUTY SHOW MAKE&amp;NAILS 2025<\/strong>&nbsp;<\/p>\n\n\n\n<p><strong>Dias:<\/strong> 24 a 26 de maio de 2025<\/p>\n\n\n\n<p><strong>Hor\u00e1rio Oficial:<\/strong> das 10h \u00e0s 20h<\/p>\n\n\n\n<p><strong>Local: <\/strong>Expo Center Norte, em S\u00e3o Paulo<\/p>\n\n\n\n<p>Rua Jos\u00e9 Bernardo Pinto, 333. Vila Guilherme &#8211; S\u00e3o Paulo\/SP CEP: 02055-000.<\/p>\n\n\n\n<p><\/p>\n","protected":false},"excerpt":{"rendered":"<p>Feira re\u00fane profissionais de beleza para tr\u00eas dias de novidades, workshops e networking no Expo Center Norte, em S\u00e3o Paulo. A terceira edi\u00e7\u00e3o da Beauty Show \u2013 Make &amp; Nails acontece de 24 a 26 de maio de 2025, das 10h \u00e0s 20h, no Expo Center Norte, em S\u00e3o Paulo. O evento tem a miss\u00e3o [&hellip;]<\/p>\n","protected":false},"author":3,"featured_media":4237,"comment_status":"open","ping_status":"open","sticky":false,"template":"","format":"standard","meta":{"footnotes":""},"categories":[23],"tags":[],"class_list":{"0":"post-4232","1":"post","2":"type-post","3":"status-publish","4":"format-standard","5":"has-post-thumbnail","7":"category-feirasdenegocios"},"_links":{"self":[{"href":"https:\/\/tveventos.tv.br\/index.php?rest_route=\/wp\/v2\/posts\/4232","targetHints":{"allow":["GET"]}}],"collection":[{"href":"https:\/\/tveventos.tv.br\/index.php?rest_route=\/wp\/v2\/posts"}],"about":[{"href":"https:\/\/tveventos.tv.br\/index.php?rest_route=\/wp\/v2\/types\/post"}],"author":[{"embeddable":true,"href":"https:\/\/tveventos.tv.br\/index.php?rest_route=\/wp\/v2\/users\/3"}],"replies":[{"embeddable":true,"href":"https:\/\/tveventos.tv.br\/index.php?rest_route=%2Fwp%2Fv2%2Fcomments&post=4232"}],"version-history":[{"count":1,"href":"https:\/\/tveventos.tv.br\/index.php?rest_route=\/wp\/v2\/posts\/4232\/revisions"}],"predecessor-version":[{"id":4238,"href":"https:\/\/tveventos.tv.br\/index.php?rest_route=\/wp\/v2\/posts\/4232\/revisions\/4238"}],"wp:featuredmedia":[{"embeddable":true,"href":"https:\/\/tveventos.tv.br\/index.php?rest_route=\/wp\/v2\/media\/4237"}],"wp:attachment":[{"href":"https:\/\/tveventos.tv.br\/index.php?rest_route=%2Fwp%2Fv2%2Fmedia&parent=4232"}],"wp:term":[{"taxonomy":"category","embeddable":true,"href":"https:\/\/tveventos.tv.br\/index.php?rest_route=%2Fwp%2Fv2%2Fcategories&post=4232"},{"taxonomy":"post_tag","embeddable":true,"href":"https:\/\/tveventos.tv.br\/index.php?rest_route=%2Fwp%2Fv2%2Ftags&post=4232"}],"curies":[{"name":"wp","href":"https:\/\/api.w.org\/{rel}","templated":true}]}}