{"id":4246,"date":"2025-02-17T18:01:03","date_gmt":"2025-02-17T21:01:03","guid":{"rendered":"https:\/\/tveventos.tv.br\/?p=4246"},"modified":"2025-02-17T18:01:56","modified_gmt":"2025-02-17T21:01:56","slug":"e-amanha-ia-em-acao-especialistas-debatem-aplicacao-da-inteligencia-artificial-para-aprimorar-servicos-publicos","status":"publish","type":"post","link":"https:\/\/tveventos.tv.br\/?p=4246","title":{"rendered":"\u00c9 amanh\u00e3! IA em A\u00e7\u00e3o: especialistas debatem aplica\u00e7\u00e3o da intelig\u00eancia artificial para aprimorar servi\u00e7os p\u00fablicos"},"content":{"rendered":"\n<p><em>Evento com transmiss\u00e3o ao vivo no dia 18 de fevereiro \u00e9 promovido pelo Serpro e pelo Minist\u00e9rio da Gest\u00e3o e Inova\u00e7\u00e3o em Servi\u00e7os P\u00fablicos<\/em><\/p>\n\n\n\n<p>No dia 18 de fevereiro, o audit\u00f3rio da Sede do Serpro, em Bras\u00edlia, ser\u00e1 palco do evento <a href=\"https:\/\/www.serpro.gov.br\/menu\/quem-somos\/eventos\/ia-em-acao\">IA em A\u00e7\u00e3o: Transformando o Governo Brasileiro<\/a>. Destinado a servidores p\u00fablicos, o encontro reunir\u00e1 especialistas do Serpro, da Secretaria de Governo Digital do Minist\u00e9rio da Gest\u00e3o (SGD\/MGI) e de outras institui\u00e7\u00f5es e \u00f3rg\u00e3os de Governo para discutir o impacto da intelig\u00eancia artificial no governo, destacando seu potencial para aprimorar a vida dos cidad\u00e3os e otimizar os servi\u00e7os p\u00fablicos.<\/p>\n\n\n\n<p>As inscri\u00e7\u00f5es para participa\u00e7\u00e3o presencial foram encerradas, com todas as 100 vagas preenchidas. No entanto, o evento ser\u00e1 transmitido ao vivo pelo <a href=\"https:\/\/www.youtube.com\/watch?v=g7u5jDlwwoQ\">canal do Serpro no YouTube<\/a>, permitindo que todos os interessados acompanhem as discuss\u00f5es e palestras.<\/p>\n\n\n\n<p>\u201cA intelig\u00eancia artificial est\u00e1 cada vez mais presente nas solu\u00e7\u00f5es do governo federal e na vida das pessoas. Indispens\u00e1vel que sejam criados espa\u00e7os como esse para compartilhar as inova\u00e7\u00f5es, discutir as quest\u00f5es \u00e9ticas e apontar caminhos para novas aplica\u00e7\u00f5es. Tudo isso para aprimorar a gest\u00e3o p\u00fablica e melhorar a vida da popula\u00e7\u00e3o\u201d, declarou o presidente do Serpro, Alexandre Amorim.<\/p>\n\n\n\n<p>A diretora de Neg\u00f3cios Econ\u00f4mico-Fazend\u00e1rios da estatal de TI, Ariadne Fonseca, destaca que a programa\u00e7\u00e3o diversificada, abordando diretrizes, tecnologias, seguran\u00e7a, acessibilidade e novos usos, \u00e9 uma grande oportunidade para os agentes governamentais. \u201cO evento \u00e9 muito oportuno para que servidores p\u00fablicos ampliem seus conhecimentos e possam adotar inova\u00e7\u00f5es nas suas \u00e1reas de atua\u00e7\u00e3o, al\u00e9m do importante alinhamento com a pol\u00edtica federal\u201d, avalia.<\/p>\n\n\n\n<p>Conhe\u00e7a a programa\u00e7\u00e3o:<\/p>\n\n\n\n<p><em>Manh\u00e3<\/em><\/p>\n\n\n\n<p>9h &#8211; Abertura &#8211; Rog\u00e9rio Mascarenhas (Secret\u00e1rio de Governo Digital), Alexandre Amorim (Presidente do Serpro), Ariadne Fonseca (Diretora de Neg\u00f3cios Econ\u00f4mico-Fazend\u00e1rios) e Renan Gaya (Diretor de Infraestrutura de Dados P\u00fablicos)<\/p>\n\n\n\n<p>9h30 &#8211; Uma breve hist\u00f3ria da Intelig\u00eancia Artificial: de Alan Turing \u00e0s ferramentas conversacionais, com Rafael Alencar (Serpro)<\/p>\n\n\n\n<p>10h10 &#8211; Coffee Break<\/p>\n\n\n\n<p>10h30 &#8211; Plano Brasileiro de Intelig\u00eancia Artificial (PBIA), eixo 3: IA para melhoria dos servi\u00e7os p\u00fablicos, com Renan Gaya (SGD) e Eliana Cardoso Azambuja (MCTI)<\/p>\n\n\n\n<p>11h10 &#8211; N\u00facleo de Intelig\u00eancia Artificial do Governo Federal (NIA), com Thaciana Cerqueira (SGD)<\/p>\n\n\n\n<p>11h50 &#8211; Governan\u00e7a de IA e \u00c9tica na IA Respons\u00e1vel, com Inah Barbosa (Serpro)<\/p>\n\n\n\n<p>12h30 &#8211; Almo\u00e7o<\/p>\n\n\n\n<p><em>Tarde<\/em><\/p>\n\n\n\n<p>14h &#8211; Governo Inteligente: Aplica\u00e7\u00f5es pr\u00e1ticas de intelig\u00eancia artificial, com Carlos Lima (Serpro)<\/p>\n\n\n\n<p>14h40 &#8211; Desvendando a IA Generativa: conceitos e aplica\u00e7\u00f5es, com Marlon Carvalho (Serpro)<\/p>\n\n\n\n<p>15h20 &#8211; Ferramentas para Intelig\u00eancia Artificial, com Marcelo Pita (Serpro)<\/p>\n\n\n\n<p>16h &#8211; Coffee Break<\/p>\n\n\n\n<p>16h15 &#8211; Intelig\u00eancia Artificial: combatendo fraudes, com Alexandre Soares (Serpro)<\/p>\n\n\n\n<p>17h15 &#8211; IA Generativa e ESG: solu\u00e7\u00e3o tecnol\u00f3gica de compreens\u00e3o visual de cen\u00e1rios para acessibilidade, Sebasti\u00e3o Fonseca (Serpro)<\/p>\n\n\n\n<p>18h &#8211; Encerramento<\/p>\n\n\n\n<p>Plano Brasileiro de Intelig\u00eancia Artificial<\/p>\n\n\n\n<p>O evento \u201cIA em A\u00e7\u00e3o: Transformando o Governo Brasileiro\u201d est\u00e1 alinhado diretamente ao Plano Brasileiro de Intelig\u00eancia Artificial (PBIA), uma iniciativa estrat\u00e9gica do Minist\u00e9rio da Ci\u00eancia, Tecnologia e Inova\u00e7\u00e3o (MCTI).<\/p>\n\n\n\n<p>O PBIA tem como objetivo posicionar o Brasil como uma refer\u00eancia global no desenvolvimento e uso \u00e9tico e sustent\u00e1vel da intelig\u00eancia artificial (IA), promovendo a inclus\u00e3o social e melhorando a qualidade de vida da popula\u00e7\u00e3o. Para isso, prev\u00ea investimentos de R$23 bilh\u00f5es ao longo de quatro anos, provenientes do or\u00e7amento p\u00fablico, do Fundo Nacional de Desenvolvimento Cient\u00edfico e Tecnol\u00f3gico (FNDCT), de parcerias com o setor privado e de outras fontes de financiamento.<\/p>\n\n\n\n<p><\/p>\n","protected":false},"excerpt":{"rendered":"<p>Evento com transmiss\u00e3o ao vivo no dia 18 de fevereiro \u00e9 promovido pelo Serpro e pelo Minist\u00e9rio da Gest\u00e3o e Inova\u00e7\u00e3o em Servi\u00e7os P\u00fablicos No dia 18 de fevereiro, o audit\u00f3rio da Sede do Serpro, em Bras\u00edlia, ser\u00e1 palco do evento IA em A\u00e7\u00e3o: Transformando o Governo Brasileiro. Destinado a servidores p\u00fablicos, o encontro reunir\u00e1 [&hellip;]<\/p>\n","protected":false},"author":3,"featured_media":4248,"comment_status":"open","ping_status":"open","sticky":false,"template":"","format":"standard","meta":{"footnotes":""},"categories":[1],"tags":[],"class_list":{"0":"post-4246","1":"post","2":"type-post","3":"status-publish","4":"format-standard","5":"has-post-thumbnail","7":"category-workshopsepalestras"},"_links":{"self":[{"href":"https:\/\/tveventos.tv.br\/index.php?rest_route=\/wp\/v2\/posts\/4246","targetHints":{"allow":["GET"]}}],"collection":[{"href":"https:\/\/tveventos.tv.br\/index.php?rest_route=\/wp\/v2\/posts"}],"about":[{"href":"https:\/\/tveventos.tv.br\/index.php?rest_route=\/wp\/v2\/types\/post"}],"author":[{"embeddable":true,"href":"https:\/\/tveventos.tv.br\/index.php?rest_route=\/wp\/v2\/users\/3"}],"replies":[{"embeddable":true,"href":"https:\/\/tveventos.tv.br\/index.php?rest_route=%2Fwp%2Fv2%2Fcomments&post=4246"}],"version-history":[{"count":1,"href":"https:\/\/tveventos.tv.br\/index.php?rest_route=\/wp\/v2\/posts\/4246\/revisions"}],"predecessor-version":[{"id":4247,"href":"https:\/\/tveventos.tv.br\/index.php?rest_route=\/wp\/v2\/posts\/4246\/revisions\/4247"}],"wp:featuredmedia":[{"embeddable":true,"href":"https:\/\/tveventos.tv.br\/index.php?rest_route=\/wp\/v2\/media\/4248"}],"wp:attachment":[{"href":"https:\/\/tveventos.tv.br\/index.php?rest_route=%2Fwp%2Fv2%2Fmedia&parent=4246"}],"wp:term":[{"taxonomy":"category","embeddable":true,"href":"https:\/\/tveventos.tv.br\/index.php?rest_route=%2Fwp%2Fv2%2Fcategories&post=4246"},{"taxonomy":"post_tag","embeddable":true,"href":"https:\/\/tveventos.tv.br\/index.php?rest_route=%2Fwp%2Fv2%2Ftags&post=4246"}],"curies":[{"name":"wp","href":"https:\/\/api.w.org\/{rel}","templated":true}]}}