{"id":4252,"date":"2025-02-19T16:54:47","date_gmt":"2025-02-19T19:54:47","guid":{"rendered":"https:\/\/tveventos.tv.br\/?p=4252"},"modified":"2025-02-19T16:54:49","modified_gmt":"2025-02-19T19:54:49","slug":"abrin","status":"publish","type":"post","link":"https:\/\/tveventos.tv.br\/?p=4252","title":{"rendered":"ABRIN"},"content":{"rendered":"\n<p>Ao longo das d\u00e9cadas, a Feira Abrin fomentou o mercado nacional ao trazer as mais recentes novidades e importantes pautas do setor de brinquedos. Agora, algo igualmente grandioso est\u00e1 por vir: a edi\u00e7\u00e3o especial em comemora\u00e7\u00e3o \u00e0s 40\u00aa edi\u00e7\u00f5es do principal evento de brinquedos da Am\u00e9rica Latina!<\/p>\n\n\n\n<p>Para celebrar este momento t\u00e3o especial, a 41\u00aa edi\u00e7\u00e3o traz em sua comunica\u00e7\u00e3o todo o\u202fsentimento de nostalgia deste universo m\u00e1gico. Em 2024 estaremos\u202fempenhados\u202fem trazer de volta as sensa\u00e7\u00f5es que nos fizeram chegar at\u00e9\u202faqui.\u200b&nbsp;<\/p>\n\n\n\n<p>Junte-se a n\u00f3s, nos dias&nbsp; 9 a 12 de mar\u00e7o das 10h \u00e0s 20h, no prestigiado EXPO CENTER NORTE.<\/p>\n\n\n\n<p>Endere\u00e7o: Rua Jos\u00e9 Bernardo Pinto, 333 \u2013 Vila Guilherme-S\u00e3o Paulo, SP 02055-000 Brasil.<\/p>\n","protected":false},"excerpt":{"rendered":"<p>Ao longo das d\u00e9cadas, a Feira Abrin fomentou o mercado nacional ao trazer as mais recentes novidades e importantes pautas do setor de brinquedos. Agora, algo igualmente grandioso est\u00e1 por vir: a edi\u00e7\u00e3o especial em comemora\u00e7\u00e3o \u00e0s 40\u00aa edi\u00e7\u00f5es do principal evento de brinquedos da Am\u00e9rica Latina! Para celebrar este momento t\u00e3o especial, a 41\u00aa [&hellip;]<\/p>\n","protected":false},"author":2,"featured_media":4253,"comment_status":"open","ping_status":"open","sticky":false,"template":"","format":"standard","meta":{"footnotes":""},"categories":[25],"tags":[],"class_list":{"0":"post-4252","1":"post","2":"type-post","3":"status-publish","4":"format-standard","5":"has-post-thumbnail","7":"category-calendariodeeventos"},"_links":{"self":[{"href":"https:\/\/tveventos.tv.br\/index.php?rest_route=\/wp\/v2\/posts\/4252","targetHints":{"allow":["GET"]}}],"collection":[{"href":"https:\/\/tveventos.tv.br\/index.php?rest_route=\/wp\/v2\/posts"}],"about":[{"href":"https:\/\/tveventos.tv.br\/index.php?rest_route=\/wp\/v2\/types\/post"}],"author":[{"embeddable":true,"href":"https:\/\/tveventos.tv.br\/index.php?rest_route=\/wp\/v2\/users\/2"}],"replies":[{"embeddable":true,"href":"https:\/\/tveventos.tv.br\/index.php?rest_route=%2Fwp%2Fv2%2Fcomments&post=4252"}],"version-history":[{"count":1,"href":"https:\/\/tveventos.tv.br\/index.php?rest_route=\/wp\/v2\/posts\/4252\/revisions"}],"predecessor-version":[{"id":4254,"href":"https:\/\/tveventos.tv.br\/index.php?rest_route=\/wp\/v2\/posts\/4252\/revisions\/4254"}],"wp:featuredmedia":[{"embeddable":true,"href":"https:\/\/tveventos.tv.br\/index.php?rest_route=\/wp\/v2\/media\/4253"}],"wp:attachment":[{"href":"https:\/\/tveventos.tv.br\/index.php?rest_route=%2Fwp%2Fv2%2Fmedia&parent=4252"}],"wp:term":[{"taxonomy":"category","embeddable":true,"href":"https:\/\/tveventos.tv.br\/index.php?rest_route=%2Fwp%2Fv2%2Fcategories&post=4252"},{"taxonomy":"post_tag","embeddable":true,"href":"https:\/\/tveventos.tv.br\/index.php?rest_route=%2Fwp%2Fv2%2Ftags&post=4252"}],"curies":[{"name":"wp","href":"https:\/\/api.w.org\/{rel}","templated":true}]}}