{"id":4255,"date":"2025-02-19T21:13:32","date_gmt":"2025-02-20T00:13:32","guid":{"rendered":"https:\/\/tveventos.tv.br\/?p=4255"},"modified":"2025-02-19T21:17:34","modified_gmt":"2025-02-20T00:17:34","slug":"lacte20","status":"publish","type":"post","link":"https:\/\/tveventos.tv.br\/?p=4255","title":{"rendered":"LACTE20"},"content":{"rendered":"\n<p>LACTE20 Uma experi\u00eancia \u00fanica com imers\u00e3o em conhecimento para o seu dia a dia, atualiza\u00e7\u00e3o, troca com seus pares e muito mais!<\/p>\n\n\n\n<p>Seja encontrando aquele match perfeito de empresa, seja aprendendo um novo conceito inspirador, cada um de n\u00f3s tem uma lembran\u00e7a no maior encontro de eventos e viagens da Am\u00e9rica Latina, que se tornou um dos principais motivos para sempre estar presente na pr\u00f3xima edi\u00e7\u00e3o.<\/p>\n\n\n\n<h4 class=\"wp-block-heading\">Junte-se a n\u00f3s nos dias 24 e 25 de Fevereiro, das 10h \u00e0s 20:00h, no WTC Events Center.<\/h4>\n\n\n\n<h4 class=\"wp-block-heading\">Endere\u00e7o: Av. das Na\u00e7\u00f5es Unidas, 12551 &#8211; Brooklin Novo, S\u00e3o Paulo &#8211; SP, 04578-903.<\/h4>\n","protected":false},"excerpt":{"rendered":"<p>LACTE20 Uma experi\u00eancia \u00fanica com imers\u00e3o em conhecimento para o seu dia a dia, atualiza\u00e7\u00e3o, troca com seus pares e muito mais! Seja encontrando aquele match perfeito de empresa, seja aprendendo um novo conceito inspirador, cada um de n\u00f3s tem uma lembran\u00e7a no maior encontro de eventos e viagens da Am\u00e9rica Latina, que se tornou [&hellip;]<\/p>\n","protected":false},"author":2,"featured_media":4256,"comment_status":"open","ping_status":"open","sticky":false,"template":"","format":"standard","meta":{"footnotes":""},"categories":[25],"tags":[],"class_list":{"0":"post-4255","1":"post","2":"type-post","3":"status-publish","4":"format-standard","5":"has-post-thumbnail","7":"category-calendariodeeventos"},"_links":{"self":[{"href":"https:\/\/tveventos.tv.br\/index.php?rest_route=\/wp\/v2\/posts\/4255","targetHints":{"allow":["GET"]}}],"collection":[{"href":"https:\/\/tveventos.tv.br\/index.php?rest_route=\/wp\/v2\/posts"}],"about":[{"href":"https:\/\/tveventos.tv.br\/index.php?rest_route=\/wp\/v2\/types\/post"}],"author":[{"embeddable":true,"href":"https:\/\/tveventos.tv.br\/index.php?rest_route=\/wp\/v2\/users\/2"}],"replies":[{"embeddable":true,"href":"https:\/\/tveventos.tv.br\/index.php?rest_route=%2Fwp%2Fv2%2Fcomments&post=4255"}],"version-history":[{"count":2,"href":"https:\/\/tveventos.tv.br\/index.php?rest_route=\/wp\/v2\/posts\/4255\/revisions"}],"predecessor-version":[{"id":4259,"href":"https:\/\/tveventos.tv.br\/index.php?rest_route=\/wp\/v2\/posts\/4255\/revisions\/4259"}],"wp:featuredmedia":[{"embeddable":true,"href":"https:\/\/tveventos.tv.br\/index.php?rest_route=\/wp\/v2\/media\/4256"}],"wp:attachment":[{"href":"https:\/\/tveventos.tv.br\/index.php?rest_route=%2Fwp%2Fv2%2Fmedia&parent=4255"}],"wp:term":[{"taxonomy":"category","embeddable":true,"href":"https:\/\/tveventos.tv.br\/index.php?rest_route=%2Fwp%2Fv2%2Fcategories&post=4255"},{"taxonomy":"post_tag","embeddable":true,"href":"https:\/\/tveventos.tv.br\/index.php?rest_route=%2Fwp%2Fv2%2Ftags&post=4255"}],"curies":[{"name":"wp","href":"https:\/\/api.w.org\/{rel}","templated":true}]}}