{"id":4263,"date":"2025-02-20T16:51:06","date_gmt":"2025-02-20T19:51:06","guid":{"rendered":"https:\/\/tveventos.tv.br\/?p=4263"},"modified":"2025-02-20T16:51:08","modified_gmt":"2025-02-20T19:51:08","slug":"expo-revestir-2025","status":"publish","type":"post","link":"https:\/\/tveventos.tv.br\/?p=4263","title":{"rendered":"EXPO REVESTIR 2025"},"content":{"rendered":"\n<p>Expo Revestir 2025: mais dias, mais neg\u00f3cios e conex\u00f5es Maior feira de revestimentos e acabamentos da Am\u00e9rica Latina, a Expo Revestir anuncia data e hor\u00e1rio estendidos A Expo Revestir ter\u00e1 seus dias e hor\u00e1rios ampliados em resposta \u00e0 crescente demanda de seu p\u00fablico especializado, reafirmando sua voca\u00e7\u00e3o na gera\u00e7\u00e3o de novos neg\u00f3cios.\u00a0<\/p>\n\n\n\n<h4 class=\"wp-block-heading\">Junte-se a n\u00f3s nos dias 10 a 14 de Mar\u00e7o, das segunda e ter\u00e7a-feira, das 9h \u00e0s 19h, demais dias das 9h \u00e0s 19h\/ sexta-feira das 9h \u00e0s 17h no S\u00e3o Paulo Expo.<\/h4>\n\n\n\n<p>Os dias 10 e 11 de mar\u00e7o (segunda e ter\u00e7a-feira) ser\u00e3o exclusivos aos convidados da promotora da feira. Os dias 12, 13 e 14 de mar\u00e7o (quarta, quinta e sexta-feira) ser\u00e3o abertos ao p\u00fablico profissional.Endere\u00e7o: Rod. dos Imigrantes 5, S\/N, km. 1, S\u00e3o Paulo, SP, 04329-900.<\/p>\n","protected":false},"excerpt":{"rendered":"<p>Expo Revestir 2025: mais dias, mais neg\u00f3cios e conex\u00f5es Maior feira de revestimentos e acabamentos da Am\u00e9rica Latina, a Expo Revestir anuncia data e hor\u00e1rio estendidos A Expo Revestir ter\u00e1 seus dias e hor\u00e1rios ampliados em resposta \u00e0 crescente demanda de seu p\u00fablico especializado, reafirmando sua voca\u00e7\u00e3o na gera\u00e7\u00e3o de novos neg\u00f3cios.\u00a0 Junte-se a n\u00f3s [&hellip;]<\/p>\n","protected":false},"author":2,"featured_media":4264,"comment_status":"open","ping_status":"open","sticky":false,"template":"","format":"standard","meta":{"footnotes":""},"categories":[25],"tags":[],"class_list":{"0":"post-4263","1":"post","2":"type-post","3":"status-publish","4":"format-standard","5":"has-post-thumbnail","7":"category-calendariodeeventos"},"_links":{"self":[{"href":"https:\/\/tveventos.tv.br\/index.php?rest_route=\/wp\/v2\/posts\/4263","targetHints":{"allow":["GET"]}}],"collection":[{"href":"https:\/\/tveventos.tv.br\/index.php?rest_route=\/wp\/v2\/posts"}],"about":[{"href":"https:\/\/tveventos.tv.br\/index.php?rest_route=\/wp\/v2\/types\/post"}],"author":[{"embeddable":true,"href":"https:\/\/tveventos.tv.br\/index.php?rest_route=\/wp\/v2\/users\/2"}],"replies":[{"embeddable":true,"href":"https:\/\/tveventos.tv.br\/index.php?rest_route=%2Fwp%2Fv2%2Fcomments&post=4263"}],"version-history":[{"count":1,"href":"https:\/\/tveventos.tv.br\/index.php?rest_route=\/wp\/v2\/posts\/4263\/revisions"}],"predecessor-version":[{"id":4265,"href":"https:\/\/tveventos.tv.br\/index.php?rest_route=\/wp\/v2\/posts\/4263\/revisions\/4265"}],"wp:featuredmedia":[{"embeddable":true,"href":"https:\/\/tveventos.tv.br\/index.php?rest_route=\/wp\/v2\/media\/4264"}],"wp:attachment":[{"href":"https:\/\/tveventos.tv.br\/index.php?rest_route=%2Fwp%2Fv2%2Fmedia&parent=4263"}],"wp:term":[{"taxonomy":"category","embeddable":true,"href":"https:\/\/tveventos.tv.br\/index.php?rest_route=%2Fwp%2Fv2%2Fcategories&post=4263"},{"taxonomy":"post_tag","embeddable":true,"href":"https:\/\/tveventos.tv.br\/index.php?rest_route=%2Fwp%2Fv2%2Ftags&post=4263"}],"curies":[{"name":"wp","href":"https:\/\/api.w.org\/{rel}","templated":true}]}}