{"id":4266,"date":"2025-02-21T11:58:17","date_gmt":"2025-02-21T14:58:17","guid":{"rendered":"https:\/\/tveventos.tv.br\/?p=4266"},"modified":"2025-02-21T11:58:19","modified_gmt":"2025-02-21T14:58:19","slug":"arenas-de-conteudo-do-abradilan-conexao-farma-2025-estao-definidas","status":"publish","type":"post","link":"https:\/\/tveventos.tv.br\/?p=4266","title":{"rendered":"Arenas de conte\u00fado do ABRADILAN Conex\u00e3o Farma 2025 est\u00e3o definidas"},"content":{"rendered":"\n<p>A Associa\u00e7\u00e3o Brasileira de Distribui\u00e7\u00e3o e Log\u00edstica de Produtos Farmac\u00eauticos (Abradilan) apresenta mais uma edi\u00e7\u00e3o do Conex\u00e3o Farma 2025.<\/p>\n\n\n\n<p>O evento que une os principais players do setor farmac\u00eautico em torno de conte\u00fados inovadores e estrat\u00e9gicos acontece de 18 a 20 de mar\u00e7o, no Expo Center Norte.<\/p>\n\n\n\n<p>Em 2025, o destaque vai para as quatro arenas tem\u00e1ticas, que prometem transformar a forma como o mercado lida com desafios e oportunidades.<\/p>\n\n\n\n<p>Oleg\u00e1rio Ara\u00fajo, mestre pela Funda\u00e7\u00e3o Getulio Vargas (FGV) e curador das arenas, compartilha insights exclusivos sobre o impacto dos conte\u00fados.<\/p>\n\n\n\n<p>&nbsp;\u201cEstamos em um momento em que o ritmo das mudan\u00e7as \u00e9 acelerado \u2013 novos modelos de neg\u00f3cios, comportamento do consumidor e tecnologias. \u00c9 essencial que o varejo farmac\u00eautico esteja preparado para essas transforma\u00e7\u00f5es\u201d, aponta<\/p>\n\n\n\n<p>\u201cAl\u00e9m disso, o relacionamento \u00e9 um ativo valioso, permitindo fortalecer parcerias e abrir novos caminhos para o desenvolvimento do setor,\u201d completa.<\/p>\n\n\n\n<p><strong>CONHE\u00c7A AS QUATRO ARENAS DE CONTE\u00daDO:<\/strong><\/p>\n\n\n\n<p><strong>1. Arena Varejo em Foco: c<\/strong>om foco em estrat\u00e9gias para melhorar a opera\u00e7\u00e3o das farm\u00e1cias, esta arena aborda:<\/p>\n\n\n\n<p>\u2022 Melhoria do mix de produtos;<\/p>\n\n\n\n<p>\u2022 Personaliza\u00e7\u00e3o no atendimento ao cliente;<\/p>\n\n\n\n<p>\u2022 Cria\u00e7\u00e3o da loja perfeita para maximizar a experi\u00eancia do consumidor.<\/p>\n\n\n\n<p><strong>2. Arena Farma Trends:&nbsp;<\/strong>aqui, as inova\u00e7\u00f5es tecnol\u00f3gicas e tend\u00eancias do mercado s\u00e3o destaque, com temas como:<\/p>\n\n\n\n<p>\u2022 Uso de dados para entender melhor clientes e neg\u00f3cios;<\/p>\n\n\n\n<p>\u2022 Novas categorias de produtos em crescimento;<\/p>\n\n\n\n<p>\u2022 O impacto da tecnologia na cadeia de suprimentos.<\/p>\n\n\n\n<p><strong>3. Arena Conecta Farma:<\/strong>&nbsp;Focada em inova\u00e7\u00f5es disruptivas e hist\u00f3rias inspiradoras, esta arena destaca:<\/p>\n\n\n\n<p>\u2022 Casos de sucesso e solu\u00e7\u00f5es criativas;<\/p>\n\n\n\n<p>\u2022 Iniciativas que conectam diferentes elos da cadeia farmac\u00eautica;<\/p>\n\n\n\n<p>\u2022 Adapta\u00e7\u00e3o de tend\u00eancias globais ao mercado brasileiro.<\/p>\n\n\n\n<p><strong>4. Arena Gest\u00e3o 360\u00ba:&nbsp;<\/strong>com uma abordagem hol\u00edstica, esta arena explora temas como:<\/p>\n\n\n\n<p>\u2022 Lideran\u00e7a emocional em tempos desafiadores;<\/p>\n\n\n\n<p>\u2022 Pr\u00e1ticas de gest\u00e3o alinhadas ao contexto atual;<\/p>\n\n\n\n<p>\u2022 Como integrar pessoas, processos e tecnologia para alcan\u00e7ar resultados consistentes.<\/p>\n\n\n\n<p>Analisar a grade de palestras com anteced\u00eancia \u00e9 essencial para identificar o que mais se alinha \u00e0s necessidades do seu neg\u00f3cio.<\/p>\n\n\n\n<p>\u201cAl\u00e9m disso, levar uma equipe diversificada pode ser uma estrat\u00e9gia para ampliar o aproveitamento do conte\u00fado, com cada membro focando em temas espec\u00edficos\u201d, diz Ara\u00fajo.<\/p>\n\n\n\n<p>\u201cParticipar de um evento como o Conex\u00e3o Farma \u00e9 s\u00f3 o primeiro passo. O diferencial est\u00e1 em transformar os insights em a\u00e7\u00f5es concretas que gerem valor para a empresa\u201d, finaliza.<\/p>\n\n\n\n<p><strong>&nbsp;SERVI\u00c7O:<\/strong><\/p>\n\n\n\n<p>Data: 18 a 20 de mar\u00e7o de 2025<\/p>\n\n\n\n<p>Hor\u00e1rio: dias 18 e 19, das 14h00 \u00e0s 21h00; e dia 20, das 14h00 \u00e0s 20h00<\/p>\n\n\n\n<p>Local: Expo Center Norte, S\u00e3o Paulo (SP)<\/p>\n\n\n\n<p>Inscri\u00e7\u00f5es: pelo site oficial do evento&nbsp;<a href=\"https:\/\/www.abradilan.com.br\/conexao-farma-25\/\" target=\"_blank\" rel=\"noreferrer noopener\">https:\/\/www.abradilan.com.br\/conexao-farma-25\/<\/a><\/p>\n","protected":false},"excerpt":{"rendered":"<p>A Associa\u00e7\u00e3o Brasileira de Distribui\u00e7\u00e3o e Log\u00edstica de Produtos Farmac\u00eauticos (Abradilan) apresenta mais uma edi\u00e7\u00e3o do Conex\u00e3o Farma 2025. O evento que une os principais players do setor farmac\u00eautico em torno de conte\u00fados inovadores e estrat\u00e9gicos acontece de 18 a 20 de mar\u00e7o, no Expo Center Norte. Em 2025, o destaque vai para as quatro [&hellip;]<\/p>\n","protected":false},"author":2,"featured_media":4267,"comment_status":"open","ping_status":"open","sticky":false,"template":"","format":"standard","meta":{"footnotes":""},"categories":[23],"tags":[],"class_list":{"0":"post-4266","1":"post","2":"type-post","3":"status-publish","4":"format-standard","5":"has-post-thumbnail","7":"category-feirasdenegocios"},"_links":{"self":[{"href":"https:\/\/tveventos.tv.br\/index.php?rest_route=\/wp\/v2\/posts\/4266","targetHints":{"allow":["GET"]}}],"collection":[{"href":"https:\/\/tveventos.tv.br\/index.php?rest_route=\/wp\/v2\/posts"}],"about":[{"href":"https:\/\/tveventos.tv.br\/index.php?rest_route=\/wp\/v2\/types\/post"}],"author":[{"embeddable":true,"href":"https:\/\/tveventos.tv.br\/index.php?rest_route=\/wp\/v2\/users\/2"}],"replies":[{"embeddable":true,"href":"https:\/\/tveventos.tv.br\/index.php?rest_route=%2Fwp%2Fv2%2Fcomments&post=4266"}],"version-history":[{"count":1,"href":"https:\/\/tveventos.tv.br\/index.php?rest_route=\/wp\/v2\/posts\/4266\/revisions"}],"predecessor-version":[{"id":4268,"href":"https:\/\/tveventos.tv.br\/index.php?rest_route=\/wp\/v2\/posts\/4266\/revisions\/4268"}],"wp:featuredmedia":[{"embeddable":true,"href":"https:\/\/tveventos.tv.br\/index.php?rest_route=\/wp\/v2\/media\/4267"}],"wp:attachment":[{"href":"https:\/\/tveventos.tv.br\/index.php?rest_route=%2Fwp%2Fv2%2Fmedia&parent=4266"}],"wp:term":[{"taxonomy":"category","embeddable":true,"href":"https:\/\/tveventos.tv.br\/index.php?rest_route=%2Fwp%2Fv2%2Fcategories&post=4266"},{"taxonomy":"post_tag","embeddable":true,"href":"https:\/\/tveventos.tv.br\/index.php?rest_route=%2Fwp%2Fv2%2Ftags&post=4266"}],"curies":[{"name":"wp","href":"https:\/\/api.w.org\/{rel}","templated":true}]}}