{"id":4269,"date":"2025-02-21T12:01:25","date_gmt":"2025-02-21T15:01:25","guid":{"rendered":"https:\/\/tveventos.tv.br\/?p=4269"},"modified":"2025-02-21T12:01:26","modified_gmt":"2025-02-21T15:01:26","slug":"xerox-qualidade-em-artes-graficas-na-fespa-2025","status":"publish","type":"post","link":"https:\/\/tveventos.tv.br\/?p=4269","title":{"rendered":"Xerox: qualidade em artes gr\u00e1ficas na FESPA 2025"},"content":{"rendered":"\n<p class=\"has-text-align-center\">Inova\u00e7\u00e3o com mais cores e acabamentos especiais. Esta \u00e9 a vis\u00e3o para a Xerox em sua atua\u00e7\u00e3o no mercado hoje e tamb\u00e9m para a sua participa\u00e7\u00e3o na FESPA Digital Printing 2025.<\/p>\n\n\n\n<p>Inova\u00e7\u00e3o com mais cores e acabamentos especiais. Esta \u00e9 a vis\u00e3o para a Xerox em sua atua\u00e7\u00e3o no mercado hoje e tamb\u00e9m para a sua participa\u00e7\u00e3o na FESPA Digital Printing 2025, que acontece de 17 a 20 de mar\u00e7o no Expo Center Norte, em S\u00e3o Paulo.<\/p>\n\n\n\n<blockquote class=\"wp-block-quote is-layout-flow wp-block-quote-is-layout-flow\">\n<p>Ticiana Neves, Head of LATAM Field Marketing, Xerox, diz: &#8220;Nossa expectativa para a FESPA 2025 \u00e9 refor\u00e7ar nossa lideran\u00e7a na ind\u00fastria de artes gr\u00e1ficas no Brasil, destacando a inova\u00e7\u00e3o e a efici\u00eancia de nossas solu\u00e7\u00f5es. Estamos focados em oferecer tecnologia de ponta, impulsionada por intelig\u00eancia artificial e por nossa tecnologia CMYK+, que permite impress\u00e3o com acabamentos especiais, como dourado e outras tonalidades avan\u00e7adas. Com essas solu\u00e7\u00f5es, buscamos otimizar a produ\u00e7\u00e3o, reduzir custos e elevar a qualidade em aplica\u00e7\u00f5es de impress\u00e3o comercial, embalagens e materiais gr\u00e1ficos personalizados&#8221;.<\/p>\n<\/blockquote>\n\n\n\n<h2 class=\"wp-block-heading\"><strong>Solu\u00e7\u00f5es de impress\u00e3o no mercado de artes gr\u00e1ficas<\/strong><\/h2>\n\n\n\n<p>No estande, estar\u00e3o as solu\u00e7\u00f5es:<\/p>\n\n\n\n<ul class=\"wp-block-list\">\n<li><strong>Iridesse:<\/strong>\u00a0impressora que oferece automa\u00e7\u00e3o completa com at\u00e9 seis esta\u00e7\u00f5es de impress\u00e3o em linha, permitindo o uso de tintas secas especiais, como branco, transparente, prata, dourado e rosa fluorescente. Isso amplia a gama de cores e garante uma reprodu\u00e7\u00e3o precisa de cores diretas de marca.<\/li>\n\n\n\n<li><strong>Versant 280:<\/strong>\u00a0conta com um sistema tudo-em-um que leva a automa\u00e7\u00e3o a um novo n\u00edvel, proporcionando qualidade de cor. Permite impress\u00e3o de tons vibrantes e fluorescentes, incluindo dourado, prateado, branco, transparente, ciano fluorescente, magenta fluorescente e amarelo fluorescente.<\/li>\n\n\n\n<li><strong>Versant V4100:<\/strong>\u00a0impressora vers\u00e1til com automa\u00e7\u00e3o inteligente que minimiza a interven\u00e7\u00e3o do operador e maximiza a precis\u00e3o. Oferece qualidade de impress\u00e3o superior com resolu\u00e7\u00e3o de ultra-alta defini\u00e7\u00e3o de 2400 x 2400 dpi.<\/li>\n<\/ul>\n\n\n\n<h2 class=\"wp-block-heading\"><strong>Lan\u00e7amentos em equipamentos de impress\u00e3o<\/strong><\/h2>\n\n\n\n<ul class=\"wp-block-list\">\n<li><strong>Nova S\u00e9rie PrimeLink C9200:<\/strong>\u00a0equipamento multifuncional projetado para otimizar a produtividade, permitindo impress\u00e3o, digitaliza\u00e7\u00e3o e c\u00f3pia com fluxos de trabalho \u00e1geis e configura\u00e7\u00f5es avan\u00e7adas de cor.<\/li>\n\n\n\n<li><strong>Nova S\u00e9rie AltaLink 8200:<\/strong>\u00a0solu\u00e7\u00e3o que incorpora intelig\u00eancia artificial para otimizar a efici\u00eancia energ\u00e9tica sem comprometer a qualidade da impress\u00e3o. Sua tecnologia de redu\u00e7\u00e3o de res\u00edduos e economia de energia ajuda a minimizar o impacto ambiental, facilitando a transforma\u00e7\u00e3o digital dos clientes por meio da automa\u00e7\u00e3o e do aumento da produtividade.<\/li>\n<\/ul>\n\n\n\n<p>Ticiana completa: &#8220;Estamos entusiasmados por participar mais uma vez da FESPA Brasil, especialmente neste ano em que a Xerox celebra seu 60\u00ba anivers\u00e1rio no pa\u00eds. As artes gr\u00e1ficas s\u00e3o uma ferramenta poderosa para a express\u00e3o criativa e cultural, e na Xerox temos orgulho de ser parceiros estrat\u00e9gicos na materializa\u00e7\u00e3o de ideias em impress\u00f5es digitais de alta qualidade&#8221;.<\/p>\n","protected":false},"excerpt":{"rendered":"<p>Inova\u00e7\u00e3o com mais cores e acabamentos especiais. Esta \u00e9 a vis\u00e3o para a Xerox em sua atua\u00e7\u00e3o no mercado hoje e tamb\u00e9m para a sua participa\u00e7\u00e3o na FESPA Digital Printing 2025. Inova\u00e7\u00e3o com mais cores e acabamentos especiais. Esta \u00e9 a vis\u00e3o para a Xerox em sua atua\u00e7\u00e3o no mercado hoje e tamb\u00e9m para a [&hellip;]<\/p>\n","protected":false},"author":2,"featured_media":4270,"comment_status":"open","ping_status":"open","sticky":false,"template":"","format":"standard","meta":{"footnotes":""},"categories":[23],"tags":[],"class_list":{"0":"post-4269","1":"post","2":"type-post","3":"status-publish","4":"format-standard","5":"has-post-thumbnail","7":"category-feirasdenegocios"},"_links":{"self":[{"href":"https:\/\/tveventos.tv.br\/index.php?rest_route=\/wp\/v2\/posts\/4269","targetHints":{"allow":["GET"]}}],"collection":[{"href":"https:\/\/tveventos.tv.br\/index.php?rest_route=\/wp\/v2\/posts"}],"about":[{"href":"https:\/\/tveventos.tv.br\/index.php?rest_route=\/wp\/v2\/types\/post"}],"author":[{"embeddable":true,"href":"https:\/\/tveventos.tv.br\/index.php?rest_route=\/wp\/v2\/users\/2"}],"replies":[{"embeddable":true,"href":"https:\/\/tveventos.tv.br\/index.php?rest_route=%2Fwp%2Fv2%2Fcomments&post=4269"}],"version-history":[{"count":1,"href":"https:\/\/tveventos.tv.br\/index.php?rest_route=\/wp\/v2\/posts\/4269\/revisions"}],"predecessor-version":[{"id":4271,"href":"https:\/\/tveventos.tv.br\/index.php?rest_route=\/wp\/v2\/posts\/4269\/revisions\/4271"}],"wp:featuredmedia":[{"embeddable":true,"href":"https:\/\/tveventos.tv.br\/index.php?rest_route=\/wp\/v2\/media\/4270"}],"wp:attachment":[{"href":"https:\/\/tveventos.tv.br\/index.php?rest_route=%2Fwp%2Fv2%2Fmedia&parent=4269"}],"wp:term":[{"taxonomy":"category","embeddable":true,"href":"https:\/\/tveventos.tv.br\/index.php?rest_route=%2Fwp%2Fv2%2Fcategories&post=4269"},{"taxonomy":"post_tag","embeddable":true,"href":"https:\/\/tveventos.tv.br\/index.php?rest_route=%2Fwp%2Fv2%2Ftags&post=4269"}],"curies":[{"name":"wp","href":"https:\/\/api.w.org\/{rel}","templated":true}]}}