{"id":4272,"date":"2025-02-24T12:34:34","date_gmt":"2025-02-24T15:34:34","guid":{"rendered":"https:\/\/tveventos.tv.br\/?p=4272"},"modified":"2025-02-24T12:34:36","modified_gmt":"2025-02-24T15:34:36","slug":"reciclagem-reuso-de-agua-e-fibras-sustentaveis-ganham-destaque-na-febratextil-2025","status":"publish","type":"post","link":"https:\/\/tveventos.tv.br\/?p=4272","title":{"rendered":"Reciclagem, re\u00faso de \u00e1gua e fibras sustent\u00e1veis ganham destaque na FebraT\u00eaxtil 2025"},"content":{"rendered":"\n<p class=\"has-text-align-center\">Vicunha, Dini T\u00eaxtil, CTM Fios e Saltorelli apresentam inova\u00e7\u00f5es sustent\u00e1veis na durante a feira, que ir\u00e1 at\u00e9 o dia 20 de fevereiro.<\/p>\n\n\n\n<p>A FebraT\u00eaxtil 2025, um dos mais aguardados eventos do setor t\u00eaxtil, que acontece at\u00e9 o dia 20 de fevereiro de 2025, no Expo Center Norte, em S\u00e3o Paulo, est\u00e1 sendo palco para diversas solu\u00e7\u00f5es inovadoras voltadas para a sustentabilidade, refor\u00e7ando o compromisso das principais empresas do segmento com pr\u00e1ticas ambientalmente respons\u00e1veis.<br>&nbsp;<\/p>\n\n\n\n<p><strong>Dini T\u00eaxtil aposta na reciclagem de PET e res\u00edduos t\u00eaxteis<\/strong><\/p>\n\n\n\n<figure class=\"wp-block-image size-large\"><img loading=\"lazy\" decoding=\"async\" width=\"1024\" height=\"682\" src=\"https:\/\/tveventos.tv.br\/wp-content\/uploads\/2025\/02\/image-6-1024x682.png\" alt=\"\" class=\"wp-image-4273\" srcset=\"https:\/\/tveventos.tv.br\/wp-content\/uploads\/2025\/02\/image-6-1024x682.png 1024w, https:\/\/tveventos.tv.br\/wp-content\/uploads\/2025\/02\/image-6-300x200.png 300w, https:\/\/tveventos.tv.br\/wp-content\/uploads\/2025\/02\/image-6-768x512.png 768w, https:\/\/tveventos.tv.br\/wp-content\/uploads\/2025\/02\/image-6-1536x1023.png 1536w, https:\/\/tveventos.tv.br\/wp-content\/uploads\/2025\/02\/image-6-630x420.png 630w, https:\/\/tveventos.tv.br\/wp-content\/uploads\/2025\/02\/image-6-696x464.png 696w, https:\/\/tveventos.tv.br\/wp-content\/uploads\/2025\/02\/image-6-1068x712.png 1068w, https:\/\/tveventos.tv.br\/wp-content\/uploads\/2025\/02\/image-6.png 1600w\" sizes=\"auto, (max-width: 1024px) 100vw, 1024px\" \/><\/figure>\n\n\n\n<p>A&nbsp;<strong>Dini T\u00eaxtil<\/strong>, empresa t\u00eaxtil 100% brasileira de Ferraz de Vasconcelos (SP), aposta na sustentabilidade com projetos de&nbsp;<strong>reciclagem de PET e reaproveitamento de res\u00edduos t\u00eaxteis<\/strong>. Participando da FebraT\u00eaxtil 2025, a empresa destaca sua meta de&nbsp;<strong>desperd\u00edcio zero em at\u00e9 cinco anos<\/strong>.<\/p>\n\n\n\n<p><br>\u201cN\u00f3s reciclamos garrafas PET p\u00f3s-consumo coletadas no Brasil e reaproveitamos as sobras de tecido da nossa pr\u00f3pria produ\u00e7\u00e3o. Todo o processo \u00e9 feito internamente, garantindo rastreabilidade total e um impacto ambiental reduzido\u201d, explica Ricieri Pisole, representante da Dini T\u00eaxtil.<\/p>\n\n\n\n<p><br>A empresa j\u00e1 fornece tecidos sustent\u00e1veis para os setores&nbsp;<strong>automotivo e cal\u00e7adista<\/strong>, com marcas como&nbsp;<strong>Marcopolo e Veja<\/strong>, e agora se prepara para entrar no mercado de&nbsp;<strong>confec\u00e7\u00e3o de roupas<\/strong>. \u201cNosso objetivo \u00e9 levar a mesma inova\u00e7\u00e3o e compromisso ambiental para a moda, oferecendo materiais sustent\u00e1veis para a ind\u00fastria t\u00eaxtil\u201d, afirma Pisole.<br>&nbsp;<\/p>\n\n\n\n<p><strong>Saltorelli apresenta Eco Denim e inova\u00e7\u00f5es no uso de \u00e1gua<\/strong><\/p>\n\n\n\n<figure class=\"wp-block-image size-large\"><img loading=\"lazy\" decoding=\"async\" width=\"1024\" height=\"682\" src=\"https:\/\/tveventos.tv.br\/wp-content\/uploads\/2025\/02\/image-7-1024x682.png\" alt=\"\" class=\"wp-image-4274\" srcset=\"https:\/\/tveventos.tv.br\/wp-content\/uploads\/2025\/02\/image-7-1024x682.png 1024w, https:\/\/tveventos.tv.br\/wp-content\/uploads\/2025\/02\/image-7-300x200.png 300w, https:\/\/tveventos.tv.br\/wp-content\/uploads\/2025\/02\/image-7-768x512.png 768w, https:\/\/tveventos.tv.br\/wp-content\/uploads\/2025\/02\/image-7-1536x1023.png 1536w, https:\/\/tveventos.tv.br\/wp-content\/uploads\/2025\/02\/image-7-630x420.png 630w, https:\/\/tveventos.tv.br\/wp-content\/uploads\/2025\/02\/image-7-696x464.png 696w, https:\/\/tveventos.tv.br\/wp-content\/uploads\/2025\/02\/image-7-1068x712.png 1068w, https:\/\/tveventos.tv.br\/wp-content\/uploads\/2025\/02\/image-7.png 1600w\" sizes=\"auto, (max-width: 1024px) 100vw, 1024px\" \/><\/figure>\n\n\n\n<p>A sustentabilidade \u00e9 um pilar fundamental para a&nbsp;<strong>Saltorelli<\/strong>. A empresa adota pr\u00e1ticas conscientes na fabrica\u00e7\u00e3o de seus produtos, utilizando mat\u00e9rias-primas sustent\u00e1veis, como&nbsp;<strong>poli\u00e9ster reciclado e biodegrad\u00e1vel<\/strong>, al\u00e9m do&nbsp;<strong>algod\u00e3o org\u00e2nico<\/strong>, presente em suas cole\u00e7\u00f5es h\u00e1 mais de 15 anos. Esses materiais s\u00e3o escolhidos por unir qualidade e causar menor impacto ambiental.<\/p>\n\n\n\n<p><br>Na FebraT\u00eaxtil 2025, a empresa est\u00e1 apresentando o&nbsp;<strong>Eco Denim<\/strong>, um projeto inovador que transforma res\u00edduos da produ\u00e7\u00e3o t\u00eaxtil em um novo fio sustent\u00e1vel. \u201cEstamos falando de um produto nobre, desenvolvido a partir da reutiliza\u00e7\u00e3o de materiais que antes seriam descartados ou destinados a processos de menor valor agregado. No Eco Denim, aproveitamos 37% de fios recuperados e res\u00edduos t\u00eaxteis internos, reduzindo desperd\u00edcios e minimizando impactos ambientais\u201d, explica&nbsp;<strong>Emerson Carneiro<\/strong>, respons\u00e1vel pelo Controle de Qualidade e Comercial da Saltorelli.<br>&nbsp;<\/p>\n\n\n\n<p>Al\u00e9m disso, a empresa inovou em seus processos de&nbsp;<strong>beneficiamento t\u00eaxtil<\/strong>, implantando um&nbsp;<strong>sistema de segrega\u00e7\u00e3o de \u00e1gua<\/strong>&nbsp;que permite reutilizar&nbsp;<strong>100% do volume de \u00e1gua do enx\u00e1gue final dos tecidos<\/strong>, reduzindo o consumo h\u00eddrico e a gera\u00e7\u00e3o de poluentes.<\/p>\n\n\n\n<p><br><strong>Vicunha investe em re\u00faso de \u00e1gua e algod\u00e3o regenerativo<\/strong><\/p>\n\n\n\n<figure class=\"wp-block-image size-large\"><img loading=\"lazy\" decoding=\"async\" width=\"1024\" height=\"682\" src=\"https:\/\/tveventos.tv.br\/wp-content\/uploads\/2025\/02\/image-8-1024x682.png\" alt=\"\" class=\"wp-image-4275\" srcset=\"https:\/\/tveventos.tv.br\/wp-content\/uploads\/2025\/02\/image-8-1024x682.png 1024w, https:\/\/tveventos.tv.br\/wp-content\/uploads\/2025\/02\/image-8-300x200.png 300w, https:\/\/tveventos.tv.br\/wp-content\/uploads\/2025\/02\/image-8-768x512.png 768w, https:\/\/tveventos.tv.br\/wp-content\/uploads\/2025\/02\/image-8-1536x1023.png 1536w, https:\/\/tveventos.tv.br\/wp-content\/uploads\/2025\/02\/image-8-630x420.png 630w, https:\/\/tveventos.tv.br\/wp-content\/uploads\/2025\/02\/image-8-696x464.png 696w, https:\/\/tveventos.tv.br\/wp-content\/uploads\/2025\/02\/image-8-1068x712.png 1068w, https:\/\/tveventos.tv.br\/wp-content\/uploads\/2025\/02\/image-8.png 1600w\" sizes=\"auto, (max-width: 1024px) 100vw, 1024px\" \/><\/figure>\n\n\n\n<p>Outra grande presen\u00e7a \u00e9 a Vicunha, l\u00edder global em solu\u00e7\u00f5es para o setor t\u00eaxtil, que apresenta ao evento inova\u00e7\u00f5es sustent\u00e1veis, como a utiliza\u00e7\u00e3o de 100% de \u00e1gua de re\u00faso na produ\u00e7\u00e3o de denim e brim. Essa conquista foi viabilizada pela esta\u00e7\u00e3o de tratamento VSA, inaugurada em maio de 2024, em Pacajus (CE), capaz de purificar esgoto dom\u00e9stico urbano para uso industrial, reduzindo significativamente a capta\u00e7\u00e3o de recursos h\u00eddricos naturais.<\/p>\n\n\n\n<p><br>\u201cNo \u00faltimo ano fizemos um investimento para potencializar a redu\u00e7\u00e3o da nossa pegada h\u00eddrica nas opera\u00e7\u00f5es e produzir tecidos com 100% de \u00e1gua de reuso. Na pr\u00e1tica, significa mais \u00e1gua de manancial dispon\u00edvel pra popula\u00e7\u00e3o de cidades onde operamos no Cear\u00e1, j\u00e1 que aquilo que seria utilizado pela ind\u00fastria passa a ser atendido pela VSA. O projeto n\u00e3o atende s\u00f3 a Vicunha e pode ser utilizado por outras empresas que est\u00e3o na regi\u00e3o\u201d, destaca Lorena Botti, especialista em tend\u00eancias da Vicunha.<\/p>\n\n\n\n<p><br>Atualmente, a capacidade inicial da&nbsp;<strong>Esta\u00e7\u00e3o de Tratamento Industrial<\/strong>&nbsp;\u00e9 de&nbsp;<strong>50.000 litros\/hora<\/strong>, podendo dobrar no futuro. A&nbsp;<strong>Esta\u00e7\u00e3o de Produ\u00e7\u00e3o de \u00c1gua de Re\u00faso<\/strong>, por sua vez, tem capacidade para uma produ\u00e7\u00e3o de&nbsp;<strong>60.000 litros\/h<\/strong>, podendo aumentar para at\u00e9&nbsp;<strong>130.000 litros\/h<\/strong>.<\/p>\n\n\n\n<p><br>Entre os lan\u00e7amentos da Vicunha, durante a FebraT\u00eaxtil, est\u00e3o os tecidos da linha&nbsp;<strong>Less Water<\/strong>, que utilizam de um a tr\u00eas litros de \u00e1gua por metro de tecido fabricado, e a linha&nbsp;<strong>Regen<\/strong>, desenvolvida com&nbsp;<strong>algod\u00e3o de pr\u00e1ticas regenerativas<\/strong>, que melhora a&nbsp;<strong>sa\u00fade do solo e reduz o consumo de \u00e1gua<\/strong>. Destaque tamb\u00e9m para o&nbsp;<strong>Pietro Royal Regen<\/strong>, um dos produtos mais inovadores da cole\u00e7\u00e3o.<br>&nbsp;<\/p>\n\n\n\n<p><strong>CTM FIOS e o avan\u00e7o dos fios reciclados<\/strong><\/p>\n\n\n\n<figure class=\"wp-block-image size-large\"><img loading=\"lazy\" decoding=\"async\" width=\"1024\" height=\"682\" src=\"https:\/\/tveventos.tv.br\/wp-content\/uploads\/2025\/02\/image-9-1024x682.png\" alt=\"\" class=\"wp-image-4276\" srcset=\"https:\/\/tveventos.tv.br\/wp-content\/uploads\/2025\/02\/image-9-1024x682.png 1024w, https:\/\/tveventos.tv.br\/wp-content\/uploads\/2025\/02\/image-9-300x200.png 300w, https:\/\/tveventos.tv.br\/wp-content\/uploads\/2025\/02\/image-9-768x512.png 768w, https:\/\/tveventos.tv.br\/wp-content\/uploads\/2025\/02\/image-9-1536x1023.png 1536w, https:\/\/tveventos.tv.br\/wp-content\/uploads\/2025\/02\/image-9-630x420.png 630w, https:\/\/tveventos.tv.br\/wp-content\/uploads\/2025\/02\/image-9-696x464.png 696w, https:\/\/tveventos.tv.br\/wp-content\/uploads\/2025\/02\/image-9-1068x712.png 1068w, https:\/\/tveventos.tv.br\/wp-content\/uploads\/2025\/02\/image-9.png 1600w\" sizes=\"auto, (max-width: 1024px) 100vw, 1024px\" \/><\/figure>\n\n\n\n<p>A&nbsp;<strong>CTM FIOS<\/strong>&nbsp;tamb\u00e9m marca presen\u00e7a na&nbsp;<strong>FebraT\u00eaxtil 2025<\/strong>&nbsp;com solu\u00e7\u00f5es tecnol\u00f3gicas e sustent\u00e1veis. A empresa utiliza a tecnologia&nbsp;<strong>RECNYL<\/strong>&nbsp;para produzir tecidos com fios reciclados, al\u00e9m de apresentar o fio&nbsp;<strong>Greenfiber<\/strong>, produzido sem corantes, reduzindo em&nbsp;<strong>at\u00e9 70%<\/strong>&nbsp;o consumo de \u00e1gua e energia. Outro destaque \u00e9 a&nbsp;<strong>Bioamida<\/strong>, uma fibra de origem vegetal altamente el\u00e1stica e resistente, que amplia a durabilidade das pe\u00e7as e refor\u00e7a o compromisso com a sustentabilidade no setor t\u00eaxtil.<\/p>\n\n\n\n<p><br>Segundo&nbsp;<strong>Felipe Hoops<\/strong>,&nbsp;<strong>Sourcing Director<\/strong>&nbsp;da CTM FIOS, a empresa investe continuamente em inova\u00e7\u00e3o para minimizar o impacto ambiental da produ\u00e7\u00e3o t\u00eaxtil. \u201cBuscamos sempre a melhor forma de utilizar os materiais de maneira sustent\u00e1vel. Um exemplo \u00e9 o fio reciclado, que passa por um processo de reciclagem pr\u00e9-consumo, reaproveitando res\u00edduos gerados na f\u00e1brica para criar novos fios. Al\u00e9m disso, contamos com a certifica\u00e7\u00e3o Green Fiber, que assegura uma produ\u00e7\u00e3o com menor impacto ambiental, reduzindo ou at\u00e9 eliminando res\u00edduos s\u00f3lidos, l\u00edquidos e gasosos\u201d, explica Hoops.<\/p>\n\n\n\n<p><br>A&nbsp;<strong>FebraT\u00eaxtil 2025<\/strong>&nbsp;promete consolidar a feira como um dos principais eventos do setor para a divulga\u00e7\u00e3o de&nbsp;<strong>solu\u00e7\u00f5es sustent\u00e1veis<\/strong>, refletindo a evolu\u00e7\u00e3o da ind\u00fastria t\u00eaxtil.<\/p>\n\n\n\n<p><\/p>\n\n\n\n<p><\/p>\n\n\n\n<p><\/p>\n","protected":false},"excerpt":{"rendered":"<p>Vicunha, Dini T\u00eaxtil, CTM Fios e Saltorelli apresentam inova\u00e7\u00f5es sustent\u00e1veis na durante a feira, que ir\u00e1 at\u00e9 o dia 20 de fevereiro. A FebraT\u00eaxtil 2025, um dos mais aguardados eventos do setor t\u00eaxtil, que acontece at\u00e9 o dia 20 de fevereiro de 2025, no Expo Center Norte, em S\u00e3o Paulo, est\u00e1 sendo palco para diversas [&hellip;]<\/p>\n","protected":false},"author":2,"featured_media":4277,"comment_status":"open","ping_status":"open","sticky":false,"template":"","format":"standard","meta":{"footnotes":""},"categories":[23],"tags":[],"class_list":{"0":"post-4272","1":"post","2":"type-post","3":"status-publish","4":"format-standard","5":"has-post-thumbnail","7":"category-feirasdenegocios"},"_links":{"self":[{"href":"https:\/\/tveventos.tv.br\/index.php?rest_route=\/wp\/v2\/posts\/4272","targetHints":{"allow":["GET"]}}],"collection":[{"href":"https:\/\/tveventos.tv.br\/index.php?rest_route=\/wp\/v2\/posts"}],"about":[{"href":"https:\/\/tveventos.tv.br\/index.php?rest_route=\/wp\/v2\/types\/post"}],"author":[{"embeddable":true,"href":"https:\/\/tveventos.tv.br\/index.php?rest_route=\/wp\/v2\/users\/2"}],"replies":[{"embeddable":true,"href":"https:\/\/tveventos.tv.br\/index.php?rest_route=%2Fwp%2Fv2%2Fcomments&post=4272"}],"version-history":[{"count":1,"href":"https:\/\/tveventos.tv.br\/index.php?rest_route=\/wp\/v2\/posts\/4272\/revisions"}],"predecessor-version":[{"id":4278,"href":"https:\/\/tveventos.tv.br\/index.php?rest_route=\/wp\/v2\/posts\/4272\/revisions\/4278"}],"wp:featuredmedia":[{"embeddable":true,"href":"https:\/\/tveventos.tv.br\/index.php?rest_route=\/wp\/v2\/media\/4277"}],"wp:attachment":[{"href":"https:\/\/tveventos.tv.br\/index.php?rest_route=%2Fwp%2Fv2%2Fmedia&parent=4272"}],"wp:term":[{"taxonomy":"category","embeddable":true,"href":"https:\/\/tveventos.tv.br\/index.php?rest_route=%2Fwp%2Fv2%2Fcategories&post=4272"},{"taxonomy":"post_tag","embeddable":true,"href":"https:\/\/tveventos.tv.br\/index.php?rest_route=%2Fwp%2Fv2%2Ftags&post=4272"}],"curies":[{"name":"wp","href":"https:\/\/api.w.org\/{rel}","templated":true}]}}