{"id":4279,"date":"2025-02-24T12:46:40","date_gmt":"2025-02-24T15:46:40","guid":{"rendered":"https:\/\/tveventos.tv.br\/?p=4279"},"modified":"2025-02-24T12:46:42","modified_gmt":"2025-02-24T15:46:42","slug":"ministros-da-fazenda-e-dos-transportes-estao-confirmados-na-abertura-do-p3c","status":"publish","type":"post","link":"https:\/\/tveventos.tv.br\/?p=4279","title":{"rendered":"MINISTROS DA FAZENDA E DOS TRANSPORTES EST\u00c3O CONFIRMADOS NA ABERTURA DO P3C"},"content":{"rendered":"\n<p class=\"has-text-align-center\">O governador do Piau\u00ed tamb\u00e9m participa do principal evento especializado no mercado de Parcerias P\u00fablico-Privadas (PPPs) e concess\u00f5es, com foco em investimentos em infraestrutura no pa\u00eds que come\u00e7a nesta segunda-feira (24).<\/p>\n\n\n\n<p>O ministro da Fazenda, Fernando Haddad, e o ministro dos Transportes, Renan Filho participar\u00e3o na pr\u00f3xima semana do painel de abertura do P3C \u2013 PPPs e Concess\u00f5es \u2013 Investimentos em Infraestrutura no Brasil. O evento, especializado no mercado de Parcerias P\u00fablico-Privadas (PPPs) e concess\u00f5es, tem foco em investimentos em infraestrutura no pa\u00eds e acontecer\u00e1 de 24 a 25 de fevereiro, em S\u00e3o Paulo. O encontro reunir\u00e1 empresas, entidades e representantes de governos para discutir as principais tend\u00eancias e desafios do setor.<\/p>\n\n\n\n<p>Os ministros abrir\u00e3o o P3C e dividir\u00e3o o palco da B3 com o governador do Piau\u00ed, Rafael Fonteles. A media\u00e7\u00e3o do painel ficar\u00e1 a cargo do superintendente de Licita\u00e7\u00f5es da B3, Guilherme Peixoto. O governador de S\u00e3o Paulo, Tarc\u00edsio Gomes de Freitas, tamb\u00e9m \u00e9 esperado para compor o painel.<\/p>\n\n\n\n<p>\u201cO P3C \u00e9 um evento estrat\u00e9gico para o desenvolvimento da infraestrutura no Brasil porque re\u00fane governo, investidores e empresas para debater modelos inovadores de concess\u00f5es e parcerias p\u00fablico-privadas. Como B3, temos um papel fundamental na estrutura\u00e7\u00e3o e na transpar\u00eancia desses projetos e contribu\u00edmos ativamente na atra\u00e7\u00e3o de capital e na moderniza\u00e7\u00e3o da gest\u00e3o p\u00fablica. Acreditamos que a troca de experi\u00eancias promovida no evento fortalece um ambiente de neg\u00f3cios mais seguro e eficiente para o setor\u201d, declarou o superintendente de Licita\u00e7\u00f5es da B3, Guilherme Peixoto.<\/p>\n\n\n\n<p>Em sua quarta edi\u00e7\u00e3o, o P3C tem promovido debates sobre a viabilidade econ\u00f4mica, pol\u00edtica e social de projetos que envolvem o setor p\u00fablico e a iniciativa privada. O evento consolidou-se como uma plataforma estrat\u00e9gica para articular atores de diversos segmentos da infraestrutura e facilitar avan\u00e7os no setor. As inscri\u00e7\u00f5es est\u00e3o abertas no site do evento.<\/p>\n\n\n\n<p>A cerim\u00f4nia de abertura ocorre no dia 24 de fevereiro na B3, com a presen\u00e7a de autoridades e representantes das principais empresas investidoras em infraestrutura no pa\u00eds, al\u00e9m da entrega do Pr\u00eamio P3C. No dia 25, no Frei Caneca, a programa\u00e7\u00e3o contar\u00e1 com mais de 40 paineis, abordando temas como mobilidade urbana, saneamento, transforma\u00e7\u00e3o digital para cidades inteligentes, energia renov\u00e1vel e infraestrutura de transporte (rodovias, portos, aeroportos e ferrovias), entre outros.<\/p>\n\n\n\n<p>O evento conta tamb\u00e9m com \u00e1reas para networking, rodadas de neg\u00f3cios, apresenta\u00e7\u00e3o de projetos subnacionais e exposi\u00e7\u00e3o de mais de 20 organiza\u00e7\u00f5es. Entre os especialistas e autoridades confirmados est\u00e3o Marcus Cavalcanti, Secret\u00e1rio e Men\u00e7\u00e3o Honrosa \u2013 PPI (Programa de Parcerias de Investimentos) da Casa Civil, George Santoro, Secret\u00e1rio-Executivo do Minist\u00e9rio dos Transportes, Jorge Bastos, Diretor Presidente da- INFRA S.A, Luciene Machado, Superintendente da \u00c1rea de Solu\u00e7\u00f5es para Cidades do BNDES (Banco Nacional de Desenvolvimento Econ\u00f4mico e Social), Alex Sandro de \u00c1vila (secret\u00e1rio Nacional de Portos e Transportes Aquavi\u00e1rios), Felipe Borim Villen (superintendente de Infraestrutura do BNDES) e Fl\u00e1via Takafashi (diretora da ANTAQ), entre outros.<\/p>\n\n\n\n<h3 class=\"wp-block-heading\"><strong>Perspectivas para 2025<\/strong><\/h3>\n\n\n\n<p>A estrat\u00e9gia econ\u00f4mica do Brasil refor\u00e7a a import\u00e2ncia das PPPs como ferramenta essencial para o crescimento do pa\u00eds. Em 2024, por exemplo, 64 leil\u00f5es realizados na B3 concederam 83 ativos \u00e0 iniciativa privada, assegurando R$ 186 bilh\u00f5es em investimentos para os pr\u00f3ximos anos e prevendo a gera\u00e7\u00e3o de 800 mil empregos diretos e indiretos. Entre os principais setores beneficiados est\u00e3o rodovias, portos e transmiss\u00e3o de energia.<\/p>\n\n\n\n<p>Para 2025, as proje\u00e7\u00f5es s\u00e3o ainda mais otimistas. O governo federal estima investimentos de R$ 106,42 bilh\u00f5es distribu\u00eddos entre rodovias, portos, aeroportos e outros setores. J\u00e1 o setor privado, de acordo com o Livro Azul da Infraestrutura 2024, elaborado pela Associa\u00e7\u00e3o Brasileira da Infraestrutura e Ind\u00fastrias de Base (Abdib), prev\u00ea investimentos de R$ 372,3 bilh\u00f5es entre 2025 e 2029 \u2013 um crescimento de 63,4% em rela\u00e7\u00e3o ao ciclo anterior.<\/p>\n\n\n\n<h3 class=\"wp-block-heading\"><strong>P3C Nacional<\/strong><\/h3>\n\n\n\n<p>Nesse contexto, o P3C se consolida como uma plataforma estrat\u00e9gica de conex\u00e3o entre governo, iniciativa privada, investidores e academia, com o objetivo de discutir e propor solu\u00e7\u00f5es para os desafios e oportunidades da infraestrutura no Brasil. O evento \u00e9 organizado pela Necta, com correaliza\u00e7\u00e3o da B3, do escrit\u00f3rio Portugal Ribeiro &amp; Jord\u00e3o Advogados e do Estad\u00e3o Blue Studio.<\/p>\n\n\n\n<p>A programa\u00e7\u00e3o do P3C Nacional inclui eventos, capacita\u00e7\u00f5es e pr\u00eamios que impulsionam o mercado de infraestrutura, promovendo avan\u00e7os colaborativos. A plataforma conecta l\u00edderes e especialistas do setor, oferecendo espa\u00e7o para debates estrat\u00e9gicos, troca de ideias e desenvolvimento de projetos que moldam o futuro do pa\u00eds.<\/p>\n\n\n\n<p>\u201cO P3C Nacional \u00e9 mais do que um encontro; \u00e9 um marco no calend\u00e1rio do setor de infraestrutura, fomentando di\u00e1logos que se traduzem em a\u00e7\u00f5es concretas para o desenvolvimento sustent\u00e1vel e econ\u00f4mico do Brasil. Se o pa\u00eds busca crescimento com inova\u00e7\u00e3o e responsabilidade, o P3C \u00e9 o caminho a ser seguido\u201d, ressalta Paula Faria, CEO da Necta e idealizadora do evento.<\/p>\n\n\n\n<h3 class=\"wp-block-heading\"><strong>Pr\u00eamio P3C<\/strong><\/h3>\n\n\n\n<p>Em sua quarta edi\u00e7\u00e3o, o Pr\u00eamio P3C reconhecer\u00e1 profissionais, empresas e \u00f3rg\u00e3os p\u00fablicos que se destacaram em projetos de infraestrutura econ\u00f4mica, social e ambiental. A premia\u00e7\u00e3o contar\u00e1 com duas categorias: uma para entidades e outra para profissionais.<\/p>\n\n\n\n<p>Servi\u00e7o:<\/p>\n\n\n\n<p>P3C 2022 \u2013 PPPs e Concess\u00f5es \u2013 Investimentos em Infraestrutura no Brasil<\/p>\n\n\n\n<p>Quando:&nbsp;&nbsp;&nbsp;<\/p>\n\n\n\n<p>24 de fevereiro \u2013 Abertura e Pr\u00eamio P3C \u2013 B3, S\u00e3o Paulo.<\/p>\n\n\n\n<p>&nbsp;25 de fevereiro \u2013 Confer\u00eancia e Exposi\u00e7\u00e3o \u2013 Centro de Conven\u00e7\u00f5es Frei Caneca\/SP.<\/p>\n\n\n\n<p>Credenciamento evento: Clique&nbsp;<a href=\"https:\/\/p3c.com.br\/\">aqui<\/a><\/p>\n\n\n\n<p><strong>Credenciamento Imprensa: Clique&nbsp;<\/strong><a href=\"https:\/\/evento.p3c.com.br\/credenciamento-imprensa\/\"><strong>aqui<\/strong><\/a><\/p>\n\n\n\n<p><strong>Sobre P3C<\/strong><\/p>\n\n\n\n<p>Organizado pela Necta, com correaliza\u00e7\u00e3o da B3, da Portugal Ribeiro &amp; Jord\u00e3o Advogados e do Estad\u00e3o Blue Studio, o P3C \u00e9 especializado no mercado de PPPs e Concess\u00f5es com foco nos investimentos em infraestrutura no Brasil envolvendo empresas, entidades e governos com a miss\u00e3o de envolver essa cadeia para debater sobre a colabora\u00e7\u00e3o entre os diferentes atores, com a finalidade de encontrar alternativas para tornar o ambiente de neg\u00f3cios mais previs\u00edvel e seguro para os investidores no Brasil seguindo crit\u00e9rios ambientais, sociais e de governan\u00e7a. O evento \u00e9 destinado aos profissionais do setor, executivos de empresas privadas e estatais, investidoras ou operadoras de infraestrutura, consultores, financiadores, agentes p\u00fablicos, acad\u00eamicos e interessados por temas que permeiam os diferentes setores de infraestrutura.<\/p>\n\n\n\n<p><strong>Sobre a Necta<\/strong><\/p>\n\n\n\n<p>A Necta \u00e9 uma das principais promotoras de conte\u00fado e eventos no Brasil especialista em aproximar os p\u00fablicos B2B, B2G, G2B e G2G atrav\u00e9s da implementa\u00e7\u00e3o de atividades orientadas a impactar positivamente os ecossistemas onde est\u00e3o inseridas.<\/p>\n\n\n\n<p>Desenvolve plataformas que conectam pessoas e transformam ecossistemas por meio de solu\u00e7\u00f5es de conte\u00fado especializado, promo\u00e7\u00e3o de eventos de neg\u00f3cios, premia\u00e7\u00f5es, cursos, rankings, estudos, marketplace e utiliza\u00e7\u00e3o de ferramentas de intelig\u00eancia de mercado.<\/p>\n\n\n\n<p>\u00c9 a idealizadora e realizadora do Connected Smart Cities, \u00fanica plataforma de cidades inteligentes e mobilidade urbana do Brasil, e da principal plataforma de PPPs e Concess\u00f5es, o P3C Investimentos em Infraestrutura.<\/p>\n\n\n\n<p>Cr\u00e9dito: NECTA.<\/p>\n","protected":false},"excerpt":{"rendered":"<p>O governador do Piau\u00ed tamb\u00e9m participa do principal evento especializado no mercado de Parcerias P\u00fablico-Privadas (PPPs) e concess\u00f5es, com foco em investimentos em infraestrutura no pa\u00eds que come\u00e7a nesta segunda-feira (24). O ministro da Fazenda, Fernando Haddad, e o ministro dos Transportes, Renan Filho participar\u00e3o na pr\u00f3xima semana do painel de abertura do P3C \u2013 [&hellip;]<\/p>\n","protected":false},"author":2,"featured_media":4280,"comment_status":"open","ping_status":"open","sticky":false,"template":"","format":"standard","meta":{"footnotes":""},"categories":[23],"tags":[],"class_list":{"0":"post-4279","1":"post","2":"type-post","3":"status-publish","4":"format-standard","5":"has-post-thumbnail","7":"category-feirasdenegocios"},"_links":{"self":[{"href":"https:\/\/tveventos.tv.br\/index.php?rest_route=\/wp\/v2\/posts\/4279","targetHints":{"allow":["GET"]}}],"collection":[{"href":"https:\/\/tveventos.tv.br\/index.php?rest_route=\/wp\/v2\/posts"}],"about":[{"href":"https:\/\/tveventos.tv.br\/index.php?rest_route=\/wp\/v2\/types\/post"}],"author":[{"embeddable":true,"href":"https:\/\/tveventos.tv.br\/index.php?rest_route=\/wp\/v2\/users\/2"}],"replies":[{"embeddable":true,"href":"https:\/\/tveventos.tv.br\/index.php?rest_route=%2Fwp%2Fv2%2Fcomments&post=4279"}],"version-history":[{"count":1,"href":"https:\/\/tveventos.tv.br\/index.php?rest_route=\/wp\/v2\/posts\/4279\/revisions"}],"predecessor-version":[{"id":4281,"href":"https:\/\/tveventos.tv.br\/index.php?rest_route=\/wp\/v2\/posts\/4279\/revisions\/4281"}],"wp:featuredmedia":[{"embeddable":true,"href":"https:\/\/tveventos.tv.br\/index.php?rest_route=\/wp\/v2\/media\/4280"}],"wp:attachment":[{"href":"https:\/\/tveventos.tv.br\/index.php?rest_route=%2Fwp%2Fv2%2Fmedia&parent=4279"}],"wp:term":[{"taxonomy":"category","embeddable":true,"href":"https:\/\/tveventos.tv.br\/index.php?rest_route=%2Fwp%2Fv2%2Fcategories&post=4279"},{"taxonomy":"post_tag","embeddable":true,"href":"https:\/\/tveventos.tv.br\/index.php?rest_route=%2Fwp%2Fv2%2Ftags&post=4279"}],"curies":[{"name":"wp","href":"https:\/\/api.w.org\/{rel}","templated":true}]}}