{"id":4285,"date":"2025-02-25T11:53:51","date_gmt":"2025-02-25T14:53:51","guid":{"rendered":"https:\/\/tveventos.tv.br\/?p=4285"},"modified":"2025-02-25T11:53:52","modified_gmt":"2025-02-25T14:53:52","slug":"solucoes-sustentaveis-do-setor-de-construcao-civil-terao-destaque-na-feicon-2025","status":"publish","type":"post","link":"https:\/\/tveventos.tv.br\/?p=4285","title":{"rendered":"Solu\u00e7\u00f5es sustent\u00e1veis do setor de constru\u00e7\u00e3o civil ter\u00e3o destaque na FEICON 2025"},"content":{"rendered":"\n<p class=\"has-text-align-center\"><em>Expositores podem inscrever seus produtos inovadores na Rota da Sustentabilidade ESG at\u00e9 o dia 10 de mar\u00e7o. Evento ser\u00e1 realizado em abril, em S\u00e3o Paulo<\/em>.<\/p>\n\n\n\n<p>A FEICON &#8211; Feira Internacional da Constru\u00e7\u00e3o Civil est\u00e1 com as inscri\u00e7\u00f5es abertas para a Rota da Sustentabilidade, iniciativa que visa divulgar a sustentabilidade dos produtos expostos na feira, seguindo diretrizes ESG (Ambiental, Social e Governan\u00e7a).&nbsp;<\/p>\n\n\n\n<p>Desenvolvida em parceria com a Inovatech Engenharia, a Rota proporciona \u00e0s marcas selecionadas uma divulga\u00e7\u00e3o e sinaliza\u00e7\u00e3o diferenciadas dentro do evento, para destacar e ampliar o alcance destas iniciativas. O prazo para inscri\u00e7\u00e3o das empresas interessadas segue at\u00e9 o dia 10 de mar\u00e7o e \u00e9 realizada pelo site da&nbsp;<a href=\"https:\/\/www.feicon.com.br\/\" target=\"_blank\" rel=\"noreferrer noopener\">FEICON<\/a>&nbsp;(<a href=\"https:\/\/www.feicon.com.br\/\" target=\"_blank\" rel=\"noreferrer noopener\">www.feicon.com.br<\/a>).<\/p>\n\n\n\n<p>Para participar, as empresas expositoras devem inscrever produtos ou solu\u00e7\u00f5es que atendam a, no m\u00ednimo, dez dos 24 crit\u00e9rios de avalia\u00e7\u00e3o de sustentabilidade, divididos em tr\u00eas eixos: Fabrica\u00e7\u00e3o, Obra e Produto Aplicado.<\/p>\n\n\n\n<p><strong>Crit\u00e9rios de avalia\u00e7\u00e3o<\/strong><\/p>\n\n\n\n<p>No eixo fabrica\u00e7\u00e3o, por exemplo, entre os aspectos analisados est\u00e3o a redu\u00e7\u00e3o de emiss\u00f5es de CO2, uso de materiais reciclados e gest\u00e3o eficiente da \u00e1gua. J\u00e1 no eixo obra, a diminui\u00e7\u00e3o de res\u00edduos e a melhoria das condi\u00e7\u00f5es de trabalho s\u00e3o a\u00e7\u00f5es que ser\u00e3o consideradas. Quanto ao produto aplicado ser\u00e3o considerados os benef\u00edcios ambientais e sociais ap\u00f3s a aplica\u00e7\u00e3o do produto, como efici\u00eancia energ\u00e9tica, conforto t\u00e9rmico e ac\u00fastico, reciclabilidade e facilidade de manuten\u00e7\u00e3o.<\/p>\n\n\n\n<p>\u201cA Rota da Sustentabilidade ESG permite que fabricantes evidenciem seu compromisso com a sustentabilidade e a inova\u00e7\u00e3o, facilitando a escolha por solu\u00e7\u00f5es mais eficientes e alinhadas \u00e0s exig\u00eancias do mercado global\u201d, explica o diretor da FEICON, Ivan Rom\u00e3o.<\/p>\n\n\n\n<p><strong>Destaques<\/strong><\/p>\n\n\n\n<p>Os expositores aprovados ter\u00e3o sinaliza\u00e7\u00e3o espec\u00edfica no pavilh\u00e3o da feira, destaque na planta do evento e visibilidade nas redes sociais da FEICON. Al\u00e9m disso, as avalia\u00e7\u00f5es realizadas pelo p\u00fablico visitante ser\u00e3o divulgadas ao final da feira no site oficial da&nbsp;<a href=\"https:\/\/www.rotadasustentabilidade.com.br\/\" target=\"_blank\" rel=\"noreferrer noopener\">Rota da Sustentabilidade<\/a>&nbsp;(<a href=\"https:\/\/www.rotadasustentabilidade.com.br\/\" target=\"_blank\" rel=\"noreferrer noopener\">www.rotadasustentabilidade.com.br<\/a>). Em 2025, a feira ser\u00e1 realizada de 8 a 11 de abril no S\u00e3o Paulo Expo, na capital paulista.&nbsp;<\/p>\n\n\n\n<p>Em sua \u00faltima edi\u00e7\u00e3o, a Rota da Sustentabilidade registrou um crescimento expressivo na diversidade de solu\u00e7\u00f5es apresentadas, abrangendo desde equipamentos para obras at\u00e9 tomadas e sistemas construtivos inovadores. Segundo o CEO e fundador da Inovatech, Luiz Henrique Ferreira, respons\u00e1vel pela curadoria da Rota, esse avan\u00e7o refor\u00e7a o papel fundamental da iniciativa em toda a cadeia da constru\u00e7\u00e3o civil, consolidando-se como uma grande aliada na busca por um setor mais sustent\u00e1vel e um planeta melhor.<\/p>\n\n\n\n<p>\u201cEm 2025, estamos aprimorando nossa metodologia para garantir uma an\u00e1lise ainda mais detalhada dos produtos inscritos. Com isso, queremos ampliar o n\u00famero de expositores comprometidos e oferecer um panorama ainda mais completo do setor\u201d, conclui Ferreira.<\/p>\n\n\n\n<p><strong>Credenciamento<\/strong><\/p>\n\n\n\n<p>O credenciamento para a FEICON 2025 est\u00e1 aberto. On-line e gratuito, ele \u00e9 v\u00e1lido para&nbsp;<a href=\"https:\/\/na.eventscloud.com\/ereg\/newreg.php?eventid=820979&amp;categoryid=5525160&amp;_gl=1*8ys4nh*_ga*MTIwODI2Njg3LjE3MjYwODMzNzg.*_ga_8YR3216FZP*MTczNjc3MzU4OS45NS4xLjE3MzY3ODAwNTAuMC4wLjA.\" target=\"_blank\" rel=\"noreferrer noopener\">visitantes<\/a>,<a href=\"https:\/\/na.eventscloud.com\/ereg\/newreg.php?eventid=820979&amp;categoryid=5525163&amp;_gl=1*1v8tqjx*_ga*MTIwODI2Njg3LjE3MjYwODMzNzg.*_ga_8YR3216FZP*MTczNjc3MzU4OS45NS4xLjE3MzY3ODAwMTguMC4wLjA\" target=\"_blank\" rel=\"noreferrer noopener\">&nbsp;imprensa<\/a>&nbsp;e<a href=\"https:\/\/na.eventscloud.com\/ereg\/newreg.php?eventid=820979&amp;categoryid=5525151&amp;_gl=1*1evkofk*_ga*MTIwODI2Njg3LjE3MjYwODMzNzg.*_ga_8YR3216FZP*MTczNjc3MzU4OS45NS4xLjE3MzY3ODAwMzYuMC4wLjA\" target=\"_blank\" rel=\"noreferrer noopener\">&nbsp;assessorias<\/a>&nbsp;e pode ser feito por meio do<a href=\"https:\/\/www.feicon.com.br\/\" target=\"_blank\" rel=\"noreferrer noopener\">&nbsp;site<\/a>.&nbsp;<\/p>\n\n\n\n<p><strong>Sobre a FEICON<\/strong><\/p>\n\n\n\n<p>Com 29 edi\u00e7\u00f5es, a FEICON \u00e9 o principal evento voltado para os mercados de constru\u00e7\u00e3o civil e arquitetura na Am\u00e9rica Latina, reconhecido como o ambiente perfeito para atualiza\u00e7\u00e3o, vis\u00e3o estrat\u00e9gica, inova\u00e7\u00e3o e contato direto com os principais players da constru\u00e7\u00e3o civil e arquitetura. Para mais informa\u00e7\u00f5es acesse&nbsp;o&nbsp;<a href=\"https:\/\/www.feicon.com.br\/\" target=\"_blank\" rel=\"noreferrer noopener\">Link<\/a>.<\/p>\n\n\n\n<p><strong>RX<\/strong><\/p>\n\n\n\n<p>A&nbsp;<a href=\"https:\/\/www.rxglobal.com\/rx-brazil\" target=\"_blank\" rel=\"noreferrer noopener\">RX<\/a>&nbsp;oferece oportunidades de conex\u00e3o e desenvolvimento de neg\u00f3cios para indiv\u00edduos, comunidades e organiza\u00e7\u00f5es. Utilizando o poder dos eventos presenciais e combinando-os com dados e produtos digitais, a&nbsp;<a href=\"https:\/\/www.rxglobal.com\/rx-brazil\" target=\"_blank\" rel=\"noreferrer noopener\">RX<\/a>&nbsp;conecta pessoas por meio de experi\u00eancias e oportunidades comerciais em mais de 350 eventos realizados anualmente em 25 pa\u00edses, abrangendo 42 setores econ\u00f4micos diferentes. Dedicada a gerar impactos positivos na sociedade, a empresa est\u00e1 comprometida com a cria\u00e7\u00e3o de um ambiente de trabalho inclusivo para todos. A&nbsp;<a href=\"https:\/\/www.rxglobal.com\/rx-brazil\" target=\"_blank\" rel=\"noreferrer noopener\">RX<\/a>&nbsp;\u00e9 uma divis\u00e3o da RELX, um provedor global de an\u00e1lises e ferramentas de decis\u00e3o baseadas em informa\u00e7\u00f5es para profissionais e clientes corporativos.<\/p>\n\n\n\n<p><a href=\"https:\/\/www.rxglobal.com\/rx-brazil\" target=\"_blank\" rel=\"noreferrer noopener\">RX<\/a><strong>&nbsp;\u2013 In the business of building businesses<\/strong><\/p>\n\n\n\n<p><a href=\"https:\/\/www.rxglobal.com\/rx-brazil\" target=\"_blank\" rel=\"noreferrer noopener\">www.rxglobal.com\/rx-brazil<\/a><\/p>\n\n\n\n<p><strong>RELX<\/strong><\/p>\n\n\n\n<p>A RELX \u00e9 uma provedora global de ferramentas de an\u00e1lise e decis\u00e3o baseadas em informa\u00e7\u00f5es, atendendo clientes profissionais e empresariais em mais de 180 pa\u00edses, com escrit\u00f3rios em aproximadamente 40 pa\u00edses. Empregando mais de 36.000 pessoas, mais de 40% delas na Am\u00e9rica do Norte, a RELX se destaca no mercado global. As a\u00e7\u00f5es da RELX PLC, empresa controladora, s\u00e3o negociadas nas Bolsas de Valores de Londres, Amsterd\u00e3 e Nova York, sob os s\u00edmbolos: Londres: REL; Amsterd\u00e3: REN; Nova York: RELX.<\/p>\n\n\n\n<p>*Nota: A capitaliza\u00e7\u00e3o de mercado atual pode ser encontrada em&nbsp;<a href=\"https:\/\/www.relx.com\/investors\" target=\"_blank\" rel=\"noreferrer noopener\">Link<\/a>.<\/p>\n\n\n\n<p><\/p>\n","protected":false},"excerpt":{"rendered":"<p>Expositores podem inscrever seus produtos inovadores na Rota da Sustentabilidade ESG at\u00e9 o dia 10 de mar\u00e7o. Evento ser\u00e1 realizado em abril, em S\u00e3o Paulo. A FEICON &#8211; Feira Internacional da Constru\u00e7\u00e3o Civil est\u00e1 com as inscri\u00e7\u00f5es abertas para a Rota da Sustentabilidade, iniciativa que visa divulgar a sustentabilidade dos produtos expostos na feira, seguindo [&hellip;]<\/p>\n","protected":false},"author":2,"featured_media":4286,"comment_status":"open","ping_status":"open","sticky":false,"template":"","format":"standard","meta":{"footnotes":""},"categories":[1],"tags":[],"class_list":{"0":"post-4285","1":"post","2":"type-post","3":"status-publish","4":"format-standard","5":"has-post-thumbnail","7":"category-workshopsepalestras"},"_links":{"self":[{"href":"https:\/\/tveventos.tv.br\/index.php?rest_route=\/wp\/v2\/posts\/4285","targetHints":{"allow":["GET"]}}],"collection":[{"href":"https:\/\/tveventos.tv.br\/index.php?rest_route=\/wp\/v2\/posts"}],"about":[{"href":"https:\/\/tveventos.tv.br\/index.php?rest_route=\/wp\/v2\/types\/post"}],"author":[{"embeddable":true,"href":"https:\/\/tveventos.tv.br\/index.php?rest_route=\/wp\/v2\/users\/2"}],"replies":[{"embeddable":true,"href":"https:\/\/tveventos.tv.br\/index.php?rest_route=%2Fwp%2Fv2%2Fcomments&post=4285"}],"version-history":[{"count":1,"href":"https:\/\/tveventos.tv.br\/index.php?rest_route=\/wp\/v2\/posts\/4285\/revisions"}],"predecessor-version":[{"id":4287,"href":"https:\/\/tveventos.tv.br\/index.php?rest_route=\/wp\/v2\/posts\/4285\/revisions\/4287"}],"wp:featuredmedia":[{"embeddable":true,"href":"https:\/\/tveventos.tv.br\/index.php?rest_route=\/wp\/v2\/media\/4286"}],"wp:attachment":[{"href":"https:\/\/tveventos.tv.br\/index.php?rest_route=%2Fwp%2Fv2%2Fmedia&parent=4285"}],"wp:term":[{"taxonomy":"category","embeddable":true,"href":"https:\/\/tveventos.tv.br\/index.php?rest_route=%2Fwp%2Fv2%2Fcategories&post=4285"},{"taxonomy":"post_tag","embeddable":true,"href":"https:\/\/tveventos.tv.br\/index.php?rest_route=%2Fwp%2Fv2%2Ftags&post=4285"}],"curies":[{"name":"wp","href":"https:\/\/api.w.org\/{rel}","templated":true}]}}