{"id":4295,"date":"2025-02-25T14:14:53","date_gmt":"2025-02-25T17:14:53","guid":{"rendered":"https:\/\/tveventos.tv.br\/?p=4295"},"modified":"2025-02-25T14:14:54","modified_gmt":"2025-02-25T17:14:54","slug":"alagev-promove-sessoes-educacionais-e-paineis-no-lacte-20-e-amplia-conhecimento-no-setor-corporativo-2","status":"publish","type":"post","link":"https:\/\/tveventos.tv.br\/?p=4295","title":{"rendered":"ALAGEV promove sess\u00f5es educacionais e pain\u00e9is no LACTE 20 e amplia conhecimento no setor corporativo"},"content":{"rendered":"\n<p class=\"has-text-align-center\">ALAGEV promove sess\u00f5es educacionais e pain\u00e9is no LACTE 20 e amplia conhecimento no setor corporativo.<\/p>\n\n\n\n<p>A Associa\u00e7\u00e3o Latino Americana de Gest\u00e3o de Eventos e Viagens Corporativas (ALAGEV) divulgou a programa\u00e7\u00e3o das sess\u00f5es educacionais e pain\u00e9is da 20\u00aa edi\u00e7\u00e3o do LACTE, principal encontro do setor de eventos e viagens corporativas. O evento ocorrer\u00e1 nos dias 24 e 25 de fevereiro no Golden Hall do WTC Events Center, em S\u00e3o Paulo.<\/p>\n\n\n\n<p>As palestras abordar\u00e3o temas relevantes para o setor, como tecnologia, inova\u00e7\u00e3o e comportamento, permitindo que os participantes absorvam tend\u00eancias do setor corporativo em diversas \u00e1reas e possam aplic\u00e1-las em seus pr\u00f3prios neg\u00f3cios. &#8220;O LACTE proporciona um ambiente de aprendizado e troca, onde os profissionais t\u00eam a oportunidade de explorar novas ideias e aprimorar suas estrat\u00e9gias. Nosso objetivo \u00e9 oferecer conte\u00fados que gerem insights valiosos para a gest\u00e3o de eventos e viagens corporativas&#8221;, destaca Luana Nogueira, diretora executiva da ALAGEV.<\/p>\n\n\n\n<p>Tanto as sess\u00f5es educacionais como os pain\u00e9is ter\u00e3o tradu\u00e7\u00e3o simult\u00e2nea e os participantes dever\u00e3o estar com seus dispositivos eletr\u00f4nicos e fones de ouvido para acompanhar a tradu\u00e7\u00e3o, que estar\u00e1 dispon\u00edvel em \u00e1udio e legenda.<\/p>\n\n\n\n<p>Os encontros acontecer\u00e3o em tr\u00eas palcos diferentes: Lideran\u00e7a, Atitude e Evolu\u00e7\u00e3o, ao longo dos dois dias do LACTE.<\/p>\n\n\n\n<p>&nbsp;Confira a programa\u00e7\u00e3o:<\/p>\n\n\n\n<p><strong>Dia 24 de fevereiro (2a-feira)<\/strong><\/p>\n\n\n\n<p><strong>11h50 \u00e0s 12h30<\/strong><br><strong>Palco Evolu\u00e7\u00e3o<\/strong><br><strong><em>Experienciando a vida para produzir grandes eventos<\/em><\/strong>Como viv\u00eancias pessoais se tornam recursos na produ\u00e7\u00e3o de eventos memor\u00e1veis.<br>Palestrante: Lorys Aleixo \u2013 Coordenadora S\u00eanior de Brand do iFood<\/p>\n\n\n\n<p><strong>11h50 \u00e0s 12h30<\/strong><br><strong>Palco Lideran\u00e7a<\/strong><br><strong><em>Eu Vou Mudar o Mundo<\/em><\/strong>Mauro Tagliaferri compartilha como conectou experi\u00eancias para descobrir seu legado.<br>Palestrante: Mauro Tagliaferri<\/p>\n\n\n\n<p><strong>11h50 \u00e0s 12h30<\/strong><br><strong>Palco Atitude<\/strong><br><strong><em>Thought Leadership: Gerando neg\u00f3cios para empresas atrav\u00e9s de seus l\u00edderes<\/em><\/strong>A import\u00e2ncia do posicionamento digital para atrair talentos e oportunidades.<br>Palestrante: Fernanda Nascimento, CEO da Stratlab<\/p>\n\n\n\n<p><strong>14h00 \u00e0s 14h40<\/strong><br><strong>Palco Lideran\u00e7a<\/strong><br><strong><em>Uma Estrat\u00e9gia Chamada Felicidade<\/em><\/strong>A felicidade como ferramenta estrat\u00e9gica nos eventos.<br>Palestrante: Melina Konstadinidis Porcel, Chief Happiness Officer do Grupo Nexo<\/p>\n\n\n\n<p><strong>15h00 \u00e0s 15h40<\/strong><br><strong>Palco Lideran\u00e7a<\/strong><br><strong><em>Painel: Am\u00e9rica Latina: Uma Fiesta de Incentivos (Onde Todos Ganham!)<\/em><\/strong>Eventos de incentivo como estrat\u00e9gia de neg\u00f3cios na Am\u00e9rica Latina.<br>Palestrantes: Andr\u00e9 Diaz Silva, c\u00f4nsul comercial do Chile no Brasil, e Ver\u00f3nica Pardo, subsecret\u00e1ria de Turismo do Chile. Media\u00e7\u00e3o de Thais Medina (Business Factory)<\/p>\n\n\n\n<p><strong>16h00 \u00e0s 16h40<\/strong><br><strong>Palco Evolu\u00e7\u00e3o<\/strong><br><strong><em>A Expans\u00e3o da Experi\u00eancia dos Eventos em Outras M\u00eddias<\/em><\/strong>A utiliza\u00e7\u00e3o de diferentes plataformas para ampliar o impacto dos eventos.<br>Palestrante: M\u00e1rio Toledo, diretor comercial multiplataforma do Grupo Record, e Marcio Quartilho, managing director da NP Digital Brasil.<br>Media\u00e7\u00e3o: Thais Medina, CEO da Business Factory<\/p>\n\n\n\n<p><strong>16h00 \u00e0s 16h40<\/strong><br><strong>Palco Atitude<\/strong><br><strong><em>Se a Tecnologia Faz Tudo, Qual \u00e9 o Seu Papel?<\/em><\/strong>A evolu\u00e7\u00e3o das habilidades humanas em um mundo automatizado.<br>Palestrante: Tricia Neves, s\u00f3cia-fundadora da Maple Consultoria<\/p>\n\n\n\n<p><strong>17h00 \u00e0s 17h40<\/strong><br><strong>Palco Atitude<\/strong><br><strong><em>O Guia Duty of Care de Sobreviv\u00eancia para Eventos e Viagens<\/em><\/strong>Estrat\u00e9gias para minimizar riscos e garantir seguran\u00e7a em eventos e viagens.<br>Palestrante: David Kries, Relationship Manager da Imex<\/p>\n\n\n\n<p><strong>17h00 \u00e0s 17h40<\/strong><br><strong>Palco Evolu\u00e7\u00e3o<\/strong><br><strong><em>Data Storytelling: Transforme Dados em Hist\u00f3rias Engajadoras<\/em><\/strong>Uso de dados para criar apresenta\u00e7\u00f5es impactantes.<br>Palestrante: Renata Catto, diretora de Neg\u00f3cios da SOAP<\/p>\n\n\n\n<p><strong>18h00 \u00e0s 18h40<\/strong><br><strong>Palco Lideran\u00e7a<\/strong><br><strong><em>Intelig\u00eancia Aplicada: Como Desbloquear o Seu &#8220;Cabe\u00e7\u00e3o&#8221;<\/em><\/strong>Neuroci\u00eancia aplicada ao aumento da cogni\u00e7\u00e3o e da consci\u00eancia.<br>Palestrante: Vanessa Ferrari, escritora e especialista em desenvolvimento humano<\/p>\n\n\n\n<p><strong>Dia 25 de fevereiro (3a-feira)<\/strong><\/p>\n\n\n\n<p><strong>11h40 \u00e0s 12h20<\/strong><br><strong>Palco Lideran\u00e7a<\/strong><br><strong><em>DeIA: Transformando a Gest\u00e3o de Viagens e Eventos com Intelig\u00eancia Artificial<\/em><\/strong>Apresenta\u00e7\u00e3o da assistente de IA da ALAGEV e seu impacto no setor.<br>Palestrante: Andrea Matos, gerente executiva da ALAGEV<\/p>\n\n\n\n<p><strong>14h00 \u00e0s 14h40<\/strong><br><strong>Palco Lideran\u00e7a<\/strong><br><strong><em>Pronto para a Mudan\u00e7a? Fatos e Tend\u00eancias Globais em Eventos<\/em><\/strong>Principais tend\u00eancias e estrat\u00e9gias para fomentar os neg\u00f3cios atrav\u00e9s dos eventos.<br>Palestrante: Sebastien Tondeur, CEO Global do Grupo MCI<\/p>\n\n\n\n<p><strong>15h00 \u00e0s 15h40<\/strong><br><strong>Palco Evolu\u00e7\u00e3o<\/strong><br><strong><em>PHYGITAL: O Impacto da Tecnologia na Ind\u00fastria de Eventos<\/em><\/strong>As transforma\u00e7\u00f5es tecnol\u00f3gicas e as habilidades necess\u00e1rias para se adaptar.<br>Palestrante: Bruno Omeltech, CEO da Omeltech Desenvolvimento<\/p>\n\n\n\n<p><strong>15h00 \u00e0s 15h40<\/strong><br><strong>Palco Atitude<\/strong><br><strong><em>A Gera\u00e7\u00e3o Z na Gest\u00e3o de Eventos<\/em><\/strong>O perfil e as aspira\u00e7\u00f5es dos novos gestores de eventos.<br>Palestrantes: Luana Cappellazzo, analista de Projetos de Eventos da Bayer; Mariana Aldrigui, professora doutora da Fecomercio; e Pedro Peixoto, coordenador de Eventos do Grupo Amil<\/p>\n\n\n\n<p><strong>16h00 \u00e0s 16h40<\/strong><br><strong>Palco Atitude<\/strong><br><strong><em>Elas no Comando: O Auge da Carreira Tem Nome de Mulher<\/em><\/strong>Os desafios e conquistas das mulheres em cargos de lideran\u00e7a no setor.<br>Palestrantes: Chieko Aoki, presidente da Blue Tree Hotels; e Jacqueline Conrado, Country Manager da United Airlines no Brasil<\/p>\n\n\n\n<p><strong>16h00 \u00e0s 16h40<\/strong><br><strong>Palco Evolu\u00e7\u00e3o<\/strong><br><strong><em>Sess\u00e3o by MPI &#8211; LAMEC &#8211; Deu Match na M\u00eddia! Como Fazer Seu Evento Bombar<\/em><\/strong>Estrat\u00e9gias de comunica\u00e7\u00e3o e divulga\u00e7\u00e3o para eventos.<\/p>\n\n\n\n<p>Palestrantes: Fabia Tanabe, presidente da MPI Brasil e coordenadora de Marketing da Huesker Brasil, e Luciano Balduino, head de Eventos da Netflix Brasil<\/p>\n","protected":false},"excerpt":{"rendered":"<p>ALAGEV promove sess\u00f5es educacionais e pain\u00e9is no LACTE 20 e amplia conhecimento no setor corporativo. A Associa\u00e7\u00e3o Latino Americana de Gest\u00e3o de Eventos e Viagens Corporativas (ALAGEV) divulgou a programa\u00e7\u00e3o das sess\u00f5es educacionais e pain\u00e9is da 20\u00aa edi\u00e7\u00e3o do LACTE, principal encontro do setor de eventos e viagens corporativas. O evento ocorrer\u00e1 nos dias 24 [&hellip;]<\/p>\n","protected":false},"author":3,"featured_media":4296,"comment_status":"open","ping_status":"open","sticky":false,"template":"","format":"standard","meta":{"footnotes":""},"categories":[23],"tags":[],"class_list":{"0":"post-4295","1":"post","2":"type-post","3":"status-publish","4":"format-standard","5":"has-post-thumbnail","7":"category-feirasdenegocios"},"_links":{"self":[{"href":"https:\/\/tveventos.tv.br\/index.php?rest_route=\/wp\/v2\/posts\/4295","targetHints":{"allow":["GET"]}}],"collection":[{"href":"https:\/\/tveventos.tv.br\/index.php?rest_route=\/wp\/v2\/posts"}],"about":[{"href":"https:\/\/tveventos.tv.br\/index.php?rest_route=\/wp\/v2\/types\/post"}],"author":[{"embeddable":true,"href":"https:\/\/tveventos.tv.br\/index.php?rest_route=\/wp\/v2\/users\/3"}],"replies":[{"embeddable":true,"href":"https:\/\/tveventos.tv.br\/index.php?rest_route=%2Fwp%2Fv2%2Fcomments&post=4295"}],"version-history":[{"count":1,"href":"https:\/\/tveventos.tv.br\/index.php?rest_route=\/wp\/v2\/posts\/4295\/revisions"}],"predecessor-version":[{"id":4297,"href":"https:\/\/tveventos.tv.br\/index.php?rest_route=\/wp\/v2\/posts\/4295\/revisions\/4297"}],"wp:featuredmedia":[{"embeddable":true,"href":"https:\/\/tveventos.tv.br\/index.php?rest_route=\/wp\/v2\/media\/4296"}],"wp:attachment":[{"href":"https:\/\/tveventos.tv.br\/index.php?rest_route=%2Fwp%2Fv2%2Fmedia&parent=4295"}],"wp:term":[{"taxonomy":"category","embeddable":true,"href":"https:\/\/tveventos.tv.br\/index.php?rest_route=%2Fwp%2Fv2%2Fcategories&post=4295"},{"taxonomy":"post_tag","embeddable":true,"href":"https:\/\/tveventos.tv.br\/index.php?rest_route=%2Fwp%2Fv2%2Ftags&post=4295"}],"curies":[{"name":"wp","href":"https:\/\/api.w.org\/{rel}","templated":true}]}}