{"id":4298,"date":"2025-02-25T14:27:14","date_gmt":"2025-02-25T17:27:14","guid":{"rendered":"https:\/\/tveventos.tv.br\/?p=4298"},"modified":"2025-02-25T14:27:15","modified_gmt":"2025-02-25T17:27:15","slug":"haus-decor-show","status":"publish","type":"post","link":"https:\/\/tveventos.tv.br\/?p=4298","title":{"rendered":"HAUS DECOR SHOW"},"content":{"rendered":"\n<p>A Haus Decor Show apresenta os lan\u00e7amentos imperd\u00edveis dos setores de tintas e vernizes, ilumina\u00e7\u00e3o, refrigera\u00e7\u00e3o e automa\u00e7\u00e3o residencial.<\/p>\n\n\n\n<p>O evento tem em seu DNA a busca incessante em oferecer a melhor experi\u00eancia de feira para os visitantes. Em 2024, para al\u00e9m dos lan\u00e7amentos imperd\u00edveis dos grandes players dos segmentos que atua, o evento trouxe, com exclusividade, um pavilh\u00e3o dedicado ao lighting design: um dos setores mais fascinantes do mundo criativo da arquitetura e do design de interiores.<\/p>\n\n\n\n<p>Junte-se a n\u00f3s nos dias 11 a 14 de Mar\u00e7o, das 09:00h \u00e0s 19:00h no S\u00e3o Paulo Expo.<\/p>\n\n\n\n<p>11 de mar\u00e7o de 2025- Exclusivo para convidados da promotora das 9h \u00e0s 19h, 12 a 14 de mar\u00e7o de 2025-Aberto ao p\u00fablico de profissionais: Quarta e quinta das 9h \u00e0s 19h, Sexta das 9h \u00e0s 17h.<\/p>\n\n\n\n<p>Endere\u00e7o: Rod. dos Imigrantes 5, S\/N, km. 1, S\u00e3o Paulo, SP, 04329-900.<\/p>\n","protected":false},"excerpt":{"rendered":"<p>A Haus Decor Show apresenta os lan\u00e7amentos imperd\u00edveis dos setores de tintas e vernizes, ilumina\u00e7\u00e3o, refrigera\u00e7\u00e3o e automa\u00e7\u00e3o residencial. O evento tem em seu DNA a busca incessante em oferecer a melhor experi\u00eancia de feira para os visitantes. Em 2024, para al\u00e9m dos lan\u00e7amentos imperd\u00edveis dos grandes players dos segmentos que atua, o evento trouxe, [&hellip;]<\/p>\n","protected":false},"author":3,"featured_media":4299,"comment_status":"open","ping_status":"open","sticky":false,"template":"","format":"standard","meta":{"footnotes":""},"categories":[25],"tags":[],"class_list":{"0":"post-4298","1":"post","2":"type-post","3":"status-publish","4":"format-standard","5":"has-post-thumbnail","7":"category-calendariodeeventos"},"_links":{"self":[{"href":"https:\/\/tveventos.tv.br\/index.php?rest_route=\/wp\/v2\/posts\/4298","targetHints":{"allow":["GET"]}}],"collection":[{"href":"https:\/\/tveventos.tv.br\/index.php?rest_route=\/wp\/v2\/posts"}],"about":[{"href":"https:\/\/tveventos.tv.br\/index.php?rest_route=\/wp\/v2\/types\/post"}],"author":[{"embeddable":true,"href":"https:\/\/tveventos.tv.br\/index.php?rest_route=\/wp\/v2\/users\/3"}],"replies":[{"embeddable":true,"href":"https:\/\/tveventos.tv.br\/index.php?rest_route=%2Fwp%2Fv2%2Fcomments&post=4298"}],"version-history":[{"count":1,"href":"https:\/\/tveventos.tv.br\/index.php?rest_route=\/wp\/v2\/posts\/4298\/revisions"}],"predecessor-version":[{"id":4300,"href":"https:\/\/tveventos.tv.br\/index.php?rest_route=\/wp\/v2\/posts\/4298\/revisions\/4300"}],"wp:featuredmedia":[{"embeddable":true,"href":"https:\/\/tveventos.tv.br\/index.php?rest_route=\/wp\/v2\/media\/4299"}],"wp:attachment":[{"href":"https:\/\/tveventos.tv.br\/index.php?rest_route=%2Fwp%2Fv2%2Fmedia&parent=4298"}],"wp:term":[{"taxonomy":"category","embeddable":true,"href":"https:\/\/tveventos.tv.br\/index.php?rest_route=%2Fwp%2Fv2%2Fcategories&post=4298"},{"taxonomy":"post_tag","embeddable":true,"href":"https:\/\/tveventos.tv.br\/index.php?rest_route=%2Fwp%2Fv2%2Ftags&post=4298"}],"curies":[{"name":"wp","href":"https:\/\/api.w.org\/{rel}","templated":true}]}}