{"id":4302,"date":"2025-02-26T11:11:32","date_gmt":"2025-02-26T14:11:32","guid":{"rendered":"https:\/\/tveventos.tv.br\/?p=4302"},"modified":"2025-02-26T11:11:34","modified_gmt":"2025-02-26T14:11:34","slug":"evento-de-geracao-distribuida-chega-ao-rio-de-janeiro-e-firma-compromisso-com-a-energia-limpa","status":"publish","type":"post","link":"https:\/\/tveventos.tv.br\/?p=4302","title":{"rendered":"Evento de gera\u00e7\u00e3o distribu\u00edda chega ao Rio de Janeiro e firma compromisso com a energia limpa"},"content":{"rendered":"\n<p class=\"has-text-align-center\">28\u00ba F\u00f3rum Regional de Gera\u00e7\u00e3o Distribu\u00edda (GD) Sudeste, organizado pelo Grupo FRG, promove debates sobre energia solar na regi\u00e3o.<\/p>\n\n\n\n<p>No final de maio, o Rio de Janeiro ser\u00e1 palco do 28\u00ba F\u00f3rum Regional de Gera\u00e7\u00e3o Distribu\u00edda (GD) Sudeste, promovido pelo Grupo FRG M\u00eddias &amp; Eventos. Considerado o maior evento da Am\u00e9rica Latina voltado para a gera\u00e7\u00e3o distribu\u00edda com fontes renov\u00e1veis, o encontro reunir\u00e1 especialistas, autoridades e representantes do setor para discutir o avan\u00e7o da energia solar e outras alternativas sustent\u00e1veis na regi\u00e3o.<\/p>\n\n\n\n<p>&#8220;O F\u00f3rum GD Sudeste \u00e9 um evento para quem busca entender as din\u00e2micas do mercado de energia renov\u00e1vel na regi\u00e3o. Minas Gerais, S\u00e3o Paulo, Esp\u00edrito Santo e Rio de Janeiro s\u00e3o protagonistas nesse segmento, e queremos destacar as oportunidades e desafios para cada estado&#8221;, afirma Tiago Fraga, CEO do Grupo FRG. &#8220;Al\u00e9m da energia solar, o evento trar\u00e1 discuss\u00f5es sobre hidrog\u00eanio verde, biomassa, energia offshore e outras solu\u00e7\u00f5es inovadoras para a transi\u00e7\u00e3o energ\u00e9tica&#8221;, complementa.<\/p>\n\n\n\n<p><strong>Potencial da energia solar&nbsp;<\/strong><\/p>\n\n\n\n<p>O Sudeste do Brasil se destaca no setor solar devido ao alto \u00edndice de radia\u00e7\u00e3o solar, variando entre 4,5 a 6,0 kWh\/m\u00b2\/dia, segundo o levantamento de 2017 do\u00a0<a href=\"http:\/\/clickemailmkt.grupofrg.com.br\/ls\/click?upn=u001.cATD7IMdoIfuRX-2FXTHqADetoytYSH-2BrEo2bHuVSKyi7VpIPCLA2CKYnvdDGryTt-2B8KQeAKah9ECawWXFVFJmf9eFglC-2FZA64qMlsVbklPZe9K2c1uVAxAjXVG0WK30Os-2B7K1yZTetn7VjVkRajcrog-3D-3DFEKL_FaJmzr7hj0kefzBA0sejV6m2aOeMH6QPfyWZQszolyEW-2F-2FW0hCt5MOo9IOy4VLcFECyyu9-2BXPOFyyENyIqBE3-2BnwxHdbxEXM-2BdQgl6CNSfMeOoxYPYs0o2KV-2BTcObhcyR2Zk9rNfWXDGIvynVCKcIQqswclLedwfPU8tZJf6PuHXYjXM9blPbRb-2BCDCEwl-2Bnhz-2FTRqRBF743tYI1pZNlkTowYDetg0w-2BGMwDU61epV0bIa7kF7B9ZVe2EqgiAtUFiBAbUk5W5iuMqGC8js7cAUjHxj492bu-2BGgX3iR-2BTiIu0ieqORC0SP4Q3fH41tgl8ZqQqFMeaGNGI3dnE4sUj1s-2BAOxLUOkIitd6N6kKtkeTPPcS3MqUvDvvLhTsLfBlgV7xxCAzcvl40jqg-2BvPGOFmX84nW5c-2BhW9-2FMmDFPuHb5i5Xt7u9cf1nSssS9v-2FZnkDpdn140kEba3L9gt4L1pHbRfSRT8IrL0F4fYqE8ia5geuVW0UrYVnwhVaFPYXVeRurlPaDbAGLxDOzeeqF4L1mlnti-2BxMwJPUxUr1Y-2Fv1L0RX60tQoWJAEbhfwX0FQWuBl9vd14oqqkum0znpJ3yXazS4O8EocTbXjFj5pUJj2pM8otdshbTUwzw1ZI2abFxET7kRnZ6yDYWxTw9KhudPWQ1U1G4KdOApK593TO6SGM-3D\" target=\"_blank\" rel=\"noreferrer noopener\">Atlas Brasileiro de Energia Solar.<\/a>\u00a0O crescimento do setor na regi\u00e3o tem sido impulsionado por pol\u00edticas de incentivo, redu\u00e7\u00e3o no custo dos equipamentos e aumento da conscientiza\u00e7\u00e3o ambiental.<\/p>\n\n\n\n<p>Nos \u00faltimos anos, o Rio de Janeiro enfrentou ondas de calor extremo, registrando temperaturas recordes e impactos severos na qualidade de vida da popula\u00e7\u00e3o. Em 2024, a capital do estado atingiu sensa\u00e7\u00e3o t\u00e9rmica acima de 60\u00b0C, refor\u00e7ando a urg\u00eancia de solu\u00e7\u00f5es sustent\u00e1veis para mitigar os efeitos das mudan\u00e7as clim\u00e1ticas.&nbsp;<\/p>\n\n\n\n<p>A amplia\u00e7\u00e3o da energia solar e outras fontes limpas aparece como uma das estrat\u00e9gias para reduzir emiss\u00f5es e adaptar a infraestrutura energ\u00e9tica \u00e0 nova realidade clim\u00e1tica. Al\u00e9m disso, no estado a ado\u00e7\u00e3o da energia solar tem sido favorecida pelas altas tarifas de energia el\u00e9trica, o que tem levado consumidores a buscarem fontes alternativas mais econ\u00f4micas.<\/p>\n\n\n\n<p><strong>Evento carbono neutro e compromisso ambiental<\/strong><\/p>\n\n\n\n<p>Um dos diferenciais do F\u00f3rum GD Sudeste, segundo Tiago Fraga, \u00e9 seu forte compromisso com a sustentabilidade. O evento ser\u00e1 carbono neutro, ou seja, todas as emiss\u00f5es geradas ser\u00e3o compensadas. &#8220;O F\u00f3rum GD Sudeste n\u00e3o se limita somente \u00e0 capacita\u00e7\u00e3o e \u00e0 cria\u00e7\u00e3o de um ambiente de neg\u00f3cios. Temos um compromisso real com a preserva\u00e7\u00e3o ambiental, e a neutraliza\u00e7\u00e3o de carbono faz parte do nosso plano estrat\u00e9gico para minimizar os impactos do evento no meio ambiente&#8221;, ressalta Tiago Fraga, CEO do Grupo FRG.<\/p>\n\n\n\n<p>A programa\u00e7\u00e3o contar\u00e1 com pain\u00e9is especializados, debates estrat\u00e9gicos e rodadas de neg\u00f3cios, promovendo a troca de experi\u00eancias entre os principais nomes do setor e impulsionando novos investimentos em energias renov\u00e1veis.<\/p>\n\n\n\n<p><strong>Servi\u00e7o:&nbsp;<\/strong><\/p>\n\n\n\n<p>Site:&nbsp;<a href=\"http:\/\/clickemailmkt.grupofrg.com.br\/ls\/click?upn=u001.WyhUkIz4nGxS-2FnUhcAEgJB-2BIZ-2BN1g2XjFhNRqbjvqgJJofha2K2gyAEpYGY1vJ6QtgQu-2F0tsmBqzC9aQe7otqcxgpsYuiU6iGoEG88snG-2FuFg61mB4Ue3-2FgGu48qDrJ-2F-2FvfLJG8h5NhuhtExT3hJdl4fWaKy55S0-2Bx21RTleR2E-3DfOLX_FaJmzr7hj0kefzBA0sejV6m2aOeMH6QPfyWZQszolyEW-2F-2FW0hCt5MOo9IOy4VLcFECyyu9-2BXPOFyyENyIqBE3-2BnwxHdbxEXM-2BdQgl6CNSfMeOoxYPYs0o2KV-2BTcObhcyR2Zk9rNfWXDGIvynVCKcIQqswclLedwfPU8tZJf6PuHXYjXM9blPbRb-2BCDCEwl-2Bnhz-2FTRqRBF743tYI1pZNlkTowYDetg0w-2BGMwDU61epV0bIa7kF7B9ZVe2EqgiAtUFiBAbUk5W5iuMqGC8js7cAUjHxj492bu-2BGgX3iR-2BTiIu0ieqORC0SP4Q3fH41tgl8ZqQqFMeaGNGI3dnE4sUj1s-2BAOxLUOkIitd6N6kKtkeTPPcS3MqUvDvvLhTsLfBlgV7xxCAzcvl40jqg-2BvPGOFmX84nW5c-2BhW9-2FMmDFPuHb5i5Xt7u9cf1nSssS9v-2FZnkDpdn140kEba3L9gt4L1pHbRfSRT8IrL0F4fYqE8ia5geuVW0UrYVnwhVaFPYXVeRurlPaDbAGLxDOzeeqF4L1jnBRwLz3XYXpbe-2BDHemauHzmMGLDj2ayQTSGolwXmPFeZinOWAiVCmEuXlva-2FMq5p1tmOIIY64kZbtlA-2BnAYVjqWnGUSX5NNKjf-2B6vdPfjC-2F66ht0IHEY4NjZWBWFdVi-2Bdnd-2FcizXqyxyamjuvXwRY-3D\" target=\"_blank\" rel=\"noreferrer noopener\">www.forumgdsul.com.br<\/a><\/p>\n\n\n\n<p>Instagram: @forumgd<strong>Evento de gera\u00e7\u00e3o distribu\u00edda chega ao Rio de Janeiro e firma compromisso com a energia limpa<\/strong><\/p>\n\n\n\n<p><\/p>\n","protected":false},"excerpt":{"rendered":"<p>28\u00ba F\u00f3rum Regional de Gera\u00e7\u00e3o Distribu\u00edda (GD) Sudeste, organizado pelo Grupo FRG, promove debates sobre energia solar na regi\u00e3o. No final de maio, o Rio de Janeiro ser\u00e1 palco do 28\u00ba F\u00f3rum Regional de Gera\u00e7\u00e3o Distribu\u00edda (GD) Sudeste, promovido pelo Grupo FRG M\u00eddias &amp; Eventos. Considerado o maior evento da Am\u00e9rica Latina voltado para a [&hellip;]<\/p>\n","protected":false},"author":2,"featured_media":4303,"comment_status":"open","ping_status":"open","sticky":false,"template":"","format":"standard","meta":{"footnotes":""},"categories":[23],"tags":[],"class_list":{"0":"post-4302","1":"post","2":"type-post","3":"status-publish","4":"format-standard","5":"has-post-thumbnail","7":"category-feirasdenegocios"},"_links":{"self":[{"href":"https:\/\/tveventos.tv.br\/index.php?rest_route=\/wp\/v2\/posts\/4302","targetHints":{"allow":["GET"]}}],"collection":[{"href":"https:\/\/tveventos.tv.br\/index.php?rest_route=\/wp\/v2\/posts"}],"about":[{"href":"https:\/\/tveventos.tv.br\/index.php?rest_route=\/wp\/v2\/types\/post"}],"author":[{"embeddable":true,"href":"https:\/\/tveventos.tv.br\/index.php?rest_route=\/wp\/v2\/users\/2"}],"replies":[{"embeddable":true,"href":"https:\/\/tveventos.tv.br\/index.php?rest_route=%2Fwp%2Fv2%2Fcomments&post=4302"}],"version-history":[{"count":1,"href":"https:\/\/tveventos.tv.br\/index.php?rest_route=\/wp\/v2\/posts\/4302\/revisions"}],"predecessor-version":[{"id":4304,"href":"https:\/\/tveventos.tv.br\/index.php?rest_route=\/wp\/v2\/posts\/4302\/revisions\/4304"}],"wp:featuredmedia":[{"embeddable":true,"href":"https:\/\/tveventos.tv.br\/index.php?rest_route=\/wp\/v2\/media\/4303"}],"wp:attachment":[{"href":"https:\/\/tveventos.tv.br\/index.php?rest_route=%2Fwp%2Fv2%2Fmedia&parent=4302"}],"wp:term":[{"taxonomy":"category","embeddable":true,"href":"https:\/\/tveventos.tv.br\/index.php?rest_route=%2Fwp%2Fv2%2Fcategories&post=4302"},{"taxonomy":"post_tag","embeddable":true,"href":"https:\/\/tveventos.tv.br\/index.php?rest_route=%2Fwp%2Fv2%2Ftags&post=4302"}],"curies":[{"name":"wp","href":"https:\/\/api.w.org\/{rel}","templated":true}]}}