{"id":4305,"date":"2025-02-26T11:20:20","date_gmt":"2025-02-26T14:20:20","guid":{"rendered":"https:\/\/tveventos.tv.br\/?p=4305"},"modified":"2025-02-26T11:20:22","modified_gmt":"2025-02-26T14:20:22","slug":"abm-week-2025-abre-prazo-para-submissao-de-trabalhos","status":"publish","type":"post","link":"https:\/\/tveventos.tv.br\/?p=4305","title":{"rendered":"ABM Week 2025 abre prazo para submiss\u00e3o de trabalhos"},"content":{"rendered":"\n<p class=\"has-text-align-center\"><em>Nona edi\u00e7\u00e3o do maior evento t\u00e9cnico-cient\u00edfico da Am\u00e9rica Latina na \u00e1rea de metalurgia, materiais e minera\u00e7\u00e3o acontece de 9 a 11 de setembro, em S\u00e3o Paulo, com novidades no prazo para envio de trabalhos.<\/em><\/p>\n\n\n\n<p>A ABM &#8211; Associa\u00e7\u00e3o Brasileira de Metalurgia, Materiais e Minera\u00e7\u00e3o anuncia a data de abertura do prazo para submiss\u00e3o de trabalhos para a ABM Week 2025, que ocorrer\u00e1 de 9 a 11 de setembro, no Pro Magno Centro de Eventos, em S\u00e3o Paulo.&nbsp;<\/p>\n\n\n\n<p>Os interessados em apresentar seus trabalhos no evento poder\u00e3o enviar suas contribui\u00e7\u00f5es a partir do dia 17 de fevereiro, com prazo final encerrando em&nbsp;<strong>16 de junho<\/strong>. \u00c9 importante destacar que, diferentemente de edi\u00e7\u00f5es passadas,&nbsp;<strong>n\u00e3o haver\u00e1 prorroga\u00e7\u00e3o do prazo final<\/strong>, por isso, os participantes devem ficar atentos ao prazo estipulado.<\/p>\n\n\n\n<p><strong>Recorde de Participantes e Trabalhos em 2024<\/strong><\/p>\n\n\n\n<p>A edi\u00e7\u00e3o anterior da ABM Week, realizada em 2024, marcou um crescimento expressivo no n\u00famero de participantes e trabalhos submetidos. O evento contou com mais de 3.000 participantes e recebeu 1.127 trabalhos, superando os 789 da edi\u00e7\u00e3o anterior. Desse total, 104 artigos foram desenvolvidos em colabora\u00e7\u00e3o envolvendo 93 institui\u00e7\u00f5es, refor\u00e7ando a intera\u00e7\u00e3o entre academia e ind\u00fastria.<\/p>\n\n\n\n<p><strong>Aten\u00e7\u00e3o aos Prazos<\/strong><\/p>\n\n\n\n<p>Pela primeira vez, a ABM Week n\u00e3o ter\u00e1 prorroga\u00e7\u00e3o no prazo final de submiss\u00e3o de trabalhos. Portanto, os autores devem garantir que suas contribui\u00e7\u00f5es sejam enviadas dentro do per\u00edodo estabelecido, entre 17 de fevereiro e 16 de junho. A organiza\u00e7\u00e3o refor\u00e7a a import\u00e2ncia de respeitar os prazos para garantir a participa\u00e7\u00e3o no evento. Para mais informa\u00e7\u00f5es e submiss\u00e3o de trabalhos, acesse:&nbsp;<a href=\"https:\/\/www.abmbrasil.com.br\/por\/trabalhos\/abm-week-9-edicao\" target=\"_blank\" rel=\"noreferrer noopener\">https:\/\/www.abmbrasil.com.br\/por\/trabalhos\/abm-week-9-edicao<\/a><\/p>\n\n\n\n<p><strong>Sobre a ABM Week<\/strong><\/p>\n\n\n\n<p>Realizada desde 2015, a ABM Week \u00e9 o principal evento t\u00e9cnico-cient\u00edfico-empresarial no segmento de metalurgia, minera\u00e7\u00e3o e&nbsp;<s>de<\/s>&nbsp;materiais na Am\u00e9rica Latina. Promovida pela ABM, a Semana tem como objetivo principal fomentar o interc\u00e2mbio tecnol\u00f3gico, o desenvolvimento e a melhoria da competitividade da ind\u00fastria, al\u00e9m de promover neg\u00f3cios entre&nbsp;<s>d<\/s>as empresas. Para os profissionais, \u00e9 uma oportunidade \u00fanica de compartilhar conhecimento, fazer networking e se atualizar sobre as \u00faltimas tend\u00eancias do setor.<\/p>\n","protected":false},"excerpt":{"rendered":"<p>Nona edi\u00e7\u00e3o do maior evento t\u00e9cnico-cient\u00edfico da Am\u00e9rica Latina na \u00e1rea de metalurgia, materiais e minera\u00e7\u00e3o acontece de 9 a 11 de setembro, em S\u00e3o Paulo, com novidades no prazo para envio de trabalhos. A ABM &#8211; Associa\u00e7\u00e3o Brasileira de Metalurgia, Materiais e Minera\u00e7\u00e3o anuncia a data de abertura do prazo para submiss\u00e3o de trabalhos [&hellip;]<\/p>\n","protected":false},"author":2,"featured_media":4306,"comment_status":"open","ping_status":"open","sticky":false,"template":"","format":"standard","meta":{"footnotes":""},"categories":[23],"tags":[],"class_list":{"0":"post-4305","1":"post","2":"type-post","3":"status-publish","4":"format-standard","5":"has-post-thumbnail","7":"category-feirasdenegocios"},"_links":{"self":[{"href":"https:\/\/tveventos.tv.br\/index.php?rest_route=\/wp\/v2\/posts\/4305","targetHints":{"allow":["GET"]}}],"collection":[{"href":"https:\/\/tveventos.tv.br\/index.php?rest_route=\/wp\/v2\/posts"}],"about":[{"href":"https:\/\/tveventos.tv.br\/index.php?rest_route=\/wp\/v2\/types\/post"}],"author":[{"embeddable":true,"href":"https:\/\/tveventos.tv.br\/index.php?rest_route=\/wp\/v2\/users\/2"}],"replies":[{"embeddable":true,"href":"https:\/\/tveventos.tv.br\/index.php?rest_route=%2Fwp%2Fv2%2Fcomments&post=4305"}],"version-history":[{"count":1,"href":"https:\/\/tveventos.tv.br\/index.php?rest_route=\/wp\/v2\/posts\/4305\/revisions"}],"predecessor-version":[{"id":4307,"href":"https:\/\/tveventos.tv.br\/index.php?rest_route=\/wp\/v2\/posts\/4305\/revisions\/4307"}],"wp:featuredmedia":[{"embeddable":true,"href":"https:\/\/tveventos.tv.br\/index.php?rest_route=\/wp\/v2\/media\/4306"}],"wp:attachment":[{"href":"https:\/\/tveventos.tv.br\/index.php?rest_route=%2Fwp%2Fv2%2Fmedia&parent=4305"}],"wp:term":[{"taxonomy":"category","embeddable":true,"href":"https:\/\/tveventos.tv.br\/index.php?rest_route=%2Fwp%2Fv2%2Fcategories&post=4305"},{"taxonomy":"post_tag","embeddable":true,"href":"https:\/\/tveventos.tv.br\/index.php?rest_route=%2Fwp%2Fv2%2Ftags&post=4305"}],"curies":[{"name":"wp","href":"https:\/\/api.w.org\/{rel}","templated":true}]}}