{"id":4309,"date":"2025-02-27T15:41:47","date_gmt":"2025-02-27T18:41:47","guid":{"rendered":"https:\/\/tveventos.tv.br\/?p=4309"},"modified":"2025-02-27T15:41:48","modified_gmt":"2025-02-27T18:41:48","slug":"autocom-2025-chegara-com-crescimento-de-mais-de-20-na-area-de-exposicao","status":"publish","type":"post","link":"https:\/\/tveventos.tv.br\/?p=4309","title":{"rendered":"AUTOCOM 2025 chegar\u00e1 com crescimento de mais de 20% na \u00e1rea de exposi\u00e7\u00e3o"},"content":{"rendered":"\n<p>A 25\u00aa edi\u00e7\u00e3o da AUTOCOM, ser\u00e1 realizada de 1\u00ba a 3 de abril, no Expo Center Norte \u2013 Pavilh\u00e3o Vermelho, em S\u00e3o Paulo (SP).&nbsp;<\/p>\n\n\n\n<p>O evento, reconhecido como a principal feira de tecnologia voltada ao varejo e \u00e0 automa\u00e7\u00e3o comercial na Am\u00e9rica Latina, celebra 25 anos de hist\u00f3ria com sua maior edi\u00e7\u00e3o.<\/p>\n\n\n\n<p>Ao longo desses 25 anos, a tecnologia para varejo e automa\u00e7\u00e3o passou por transforma\u00e7\u00f5es significativas e continua a avan\u00e7ar.<\/p>\n\n\n\n<p>\u201cA AUTOCOM tem acompanhado essas mudan\u00e7as e apresentado as principais tend\u00eancias do setor no Brasil\u201d, anuncia Edgard de Castro, presidente da AFRAC, realizadora do evento.&nbsp;<\/p>\n\n\n\n<p>A mudan\u00e7a para um novo pavilh\u00e3o confirma um espa\u00e7o de exposi\u00e7\u00e3o 20% superior ao do evento anterior.<\/p>\n\n\n\n<p>O recorde de mais de 200 marcas expositoras, o sucesso do AUTOCOM Summit, retornando para sua 2\u00aa edi\u00e7\u00e3o, e o p\u00fablico qualificado, preparado para fazer networking e neg\u00f3cios, consolidam esse reconhecimento.<\/p>\n\n\n\n<p>Os organizadores do evento \u2013 Associa\u00e7\u00e3o Brasileira de Tecnologia para o Com\u00e9rcio e Servi\u00e7os (AFRAC) e a Francal, esperam um crescimento superior a 10 % no n\u00famero de visitantes em rela\u00e7\u00e3o ao ano passado.<\/p>\n\n\n\n<p>Os participantes ter\u00e3o oportunidade de interagir com as mais recentes aplica\u00e7\u00f5es de tecnologia para o varejo e servi\u00e7os, al\u00e9m de receber insights da NRF 2025, realizada no in\u00edcio do ano.<\/p>\n\n\n\n<p>\u201cNeste ano, as grandes marcas esperam que o varejo adote ferramentas que proporcionem uma jornada do consumidor mais fluida e integrada, superando a separa\u00e7\u00e3o entre o online e o f\u00edsico\u201d, aponta.<\/p>\n\n\n\n<p>\u201cEmbora a experi\u00eancia em lojas f\u00edsicas ainda ofere\u00e7a intera\u00e7\u00f5es sensoriais \u00fanicas, as marcas desejam que o varejo evolua, utilizando novas tecnologias e dados estrat\u00e9gicos para aprimorar a experi\u00eancia de compra\u201d, completa. Edgard.<\/p>\n\n\n\n<p>O executivo observa que muitos pequenos varejistas est\u00e3o atrasados na aplica\u00e7\u00e3o de intelig\u00eancia artificial (IA) e precisam organizar seus dados de vendas para utilizar essas ferramentas de forma eficaz.<\/p>\n\n\n\n<p>\u201cPara avan\u00e7ar, os empreendedores devem come\u00e7ar a usar solu\u00e7\u00f5es modernas de IA, como ChatGPT e outras plataformas, demonstrando como a tecnologia pode melhorar a rela\u00e7\u00e3o entre varejo e consumidor\u201d, afirma.<\/p>\n\n\n\n<p>\u201cPara isso \u00e9 fundamental que as solu\u00e7\u00f5es sejam pensadas para melhorar a experi\u00eancia do cliente, tornando o processo de compra mais agrad\u00e1vel e eficiente\u201d, conclui.<\/p>\n\n\n\n<p>A edi\u00e7\u00e3o comemorativa de 25 anos da feira mant\u00e9m os tradicionais espa\u00e7os de inova\u00e7\u00e3o (Pavilh\u00e3o de SW House) e neg\u00f3cios (Lounge do Revendedor), al\u00e9m de trazer a 2\u00aa edi\u00e7\u00e3o do Autocom Summit, que discutir\u00e1 as tend\u00eancias do varejo.<\/p>\n\n\n\n<p><strong>ESPA\u00c7OS ESPECIAIS:<\/strong><\/p>\n\n\n\n<p><strong>Pavilh\u00e3o SW House:<\/strong>&nbsp;\u00c1rea dedicada aos desenvolvedores de software e startups, em que \u00e9 poss\u00edvel conhecer novas ideias e as \u00faltimas inova\u00e7\u00f5es para o mercado.<\/p>\n\n\n\n<p><strong>Lounge do Revendedor:<\/strong>&nbsp;Ponto de encontro das revendas de automa\u00e7\u00e3o. Visite o Lounge e descubra as novidades do mercado.<\/p>\n\n\n\n<p><strong>2\u00ba Autocom Summit:<\/strong>&nbsp;Dois dias de conte\u00fado e debates sobre inova\u00e7\u00f5es para o varejo e o com\u00e9rcio, apresentados por especialistas e principais players do setor.<\/p>\n\n\n\n<p>O evento ser\u00e1 realizado em paralelo \u00e0 feira, nos dias 1\u00ba e 2 de abril, no Audit\u00f3rio Cantareira \u2013 2\u00ba andar, das 9h \u00e0s 12h30.<\/p>\n\n\n\n<p><strong>SERVI\u00c7O:<\/strong><\/p>\n\n\n\n<p>Datas: 1\u00ba a 3 de abril<\/p>\n\n\n\n<p>Hor\u00e1rio: 10h \u00e0 18h<\/p>\n\n\n\n<p>Local: Expo Center Norte \u2013 Pavilh\u00e3o Vermelho<\/p>\n\n\n\n<p>Endere\u00e7o: Rua Jos\u00e9 Bernardo Pinto, 333 \u2013 Vila Guilherme<\/p>\n\n\n\n<p>Site:&nbsp;<a href=\"https:\/\/feiraautocom.com.br\/\" target=\"_blank\" rel=\"noreferrer noopener\">https:\/\/feiraautocom.com.br\/<\/a><\/p>\n\n\n\n<p><\/p>\n","protected":false},"excerpt":{"rendered":"<p>A 25\u00aa edi\u00e7\u00e3o da AUTOCOM, ser\u00e1 realizada de 1\u00ba a 3 de abril, no Expo Center Norte \u2013 Pavilh\u00e3o Vermelho, em S\u00e3o Paulo (SP).&nbsp; O evento, reconhecido como a principal feira de tecnologia voltada ao varejo e \u00e0 automa\u00e7\u00e3o comercial na Am\u00e9rica Latina, celebra 25 anos de hist\u00f3ria com sua maior edi\u00e7\u00e3o. Ao longo desses [&hellip;]<\/p>\n","protected":false},"author":3,"featured_media":4310,"comment_status":"open","ping_status":"open","sticky":false,"template":"","format":"standard","meta":{"footnotes":""},"categories":[23],"tags":[],"class_list":{"0":"post-4309","1":"post","2":"type-post","3":"status-publish","4":"format-standard","5":"has-post-thumbnail","7":"category-feirasdenegocios"},"_links":{"self":[{"href":"https:\/\/tveventos.tv.br\/index.php?rest_route=\/wp\/v2\/posts\/4309","targetHints":{"allow":["GET"]}}],"collection":[{"href":"https:\/\/tveventos.tv.br\/index.php?rest_route=\/wp\/v2\/posts"}],"about":[{"href":"https:\/\/tveventos.tv.br\/index.php?rest_route=\/wp\/v2\/types\/post"}],"author":[{"embeddable":true,"href":"https:\/\/tveventos.tv.br\/index.php?rest_route=\/wp\/v2\/users\/3"}],"replies":[{"embeddable":true,"href":"https:\/\/tveventos.tv.br\/index.php?rest_route=%2Fwp%2Fv2%2Fcomments&post=4309"}],"version-history":[{"count":1,"href":"https:\/\/tveventos.tv.br\/index.php?rest_route=\/wp\/v2\/posts\/4309\/revisions"}],"predecessor-version":[{"id":4311,"href":"https:\/\/tveventos.tv.br\/index.php?rest_route=\/wp\/v2\/posts\/4309\/revisions\/4311"}],"wp:featuredmedia":[{"embeddable":true,"href":"https:\/\/tveventos.tv.br\/index.php?rest_route=\/wp\/v2\/media\/4310"}],"wp:attachment":[{"href":"https:\/\/tveventos.tv.br\/index.php?rest_route=%2Fwp%2Fv2%2Fmedia&parent=4309"}],"wp:term":[{"taxonomy":"category","embeddable":true,"href":"https:\/\/tveventos.tv.br\/index.php?rest_route=%2Fwp%2Fv2%2Fcategories&post=4309"},{"taxonomy":"post_tag","embeddable":true,"href":"https:\/\/tveventos.tv.br\/index.php?rest_route=%2Fwp%2Fv2%2Ftags&post=4309"}],"curies":[{"name":"wp","href":"https:\/\/api.w.org\/{rel}","templated":true}]}}