{"id":431,"date":"2023-10-23T13:18:08","date_gmt":"2023-10-23T16:18:08","guid":{"rendered":"https:\/\/tveventos.tv.br\/?p=431"},"modified":"2023-10-23T13:18:12","modified_gmt":"2023-10-23T16:18:12","slug":"seafood-show-2023-reune-os-principais-players-do-setor","status":"publish","type":"post","link":"https:\/\/tveventos.tv.br\/?p=431","title":{"rendered":"Seafood Show 2023 re\u00fane os principais players do setor"},"content":{"rendered":"\n<p><\/p>\n\n\n\n<p>Na pr\u00f3xima semana, entre os dias 24 e 26 de outubro, come\u00e7a a principal&nbsp;feira de neg\u00f3cios da Am\u00e9rica Latina focada na comercializa\u00e7\u00e3o de pescado, o Seafood Show Latin America 2023. O evento conta, em sua abertura, com a presen\u00e7a de&nbsp;<strong>Andr\u00e9 de Paula<\/strong>, Ministro da Pesca e Aquicultura do Brasil e&nbsp;<strong>Eduardo Lobo<\/strong>, Presidente da Abipesca e Diretor da C\u00e2mara Setorial da Ind\u00fastria de Pescado do Mapa. Para representar o governo de S\u00e3o Paulo, estar\u00e1 presente&nbsp;<strong>Guilherme Piai<\/strong>, Secret\u00e1rio da Agricultura e Abastecimento do Estado de S\u00e3o Paulo, enquanto o estado de Rond\u00f4nia ser\u00e1 representado pelo pr\u00f3prio governador,&nbsp;<strong>Coronel Marcos Rocha<\/strong>.<br>&nbsp;<\/p>\n\n\n\n<p>A Argentina conta com os representantes<strong>&nbsp;Juli\u00e1n Sur\u00e1rez<\/strong>, Director Nacional de Coordinaci\u00f3n y Fiscalizaci\u00f3n Pesquera y Presidente suplente del Consejo Federal Pesquero da Argentina e&nbsp;<strong>Osciel Velasquez<\/strong>, Presidente da Alianza Latinoamericana para la Seguridad Alimentaria atrav\u00e9s de la Pesca (Alpescas).<br>&nbsp;<\/p>\n\n\n\n<p>Al\u00e9m disso, representantes da \u00e1rea do varejo e food service tamb\u00e9m estar\u00e3o presentes, como&nbsp;<strong>M\u00e1rcio Milan<\/strong>, vice-presidente Institucional e Administrativo da Associa\u00e7\u00e3o Brasileira dos Supermercados e&nbsp;<strong>Luizinho Hirata<\/strong>, presidente da Abrasel SP (Associa\u00e7\u00e3o Brasileira de Bares e Restaurantes) e ABGJ (Associa\u00e7\u00e3o Brasileira de Gastronomia Japonesa).<br>&nbsp;<\/p>\n\n\n\n<p>A feira \u00e9 uma organiza\u00e7\u00e3o da Francal Feiras e Seafood Brasil, que ser\u00e3o representados, respectivamente, pelo presidente Abdala Jamil Abdala e o s\u00f3cio Ricardo Torres.<br>&nbsp;<\/p>\n\n\n\n<p>O Seafood Show Latin America ser\u00e1 realizado entre os dias 24 e 26 de outubro, das 13h \u00e0s 20h, no Pro Magno Centro de Eventos, em S\u00e3o Paulo. A programa\u00e7\u00e3o conta com palestrantes internacionais e nacionais, al\u00e9m de talk shows, panoramas do trade, aulas shows, al\u00e9m de festival de gastronomia japonesa.<br>&nbsp;<\/p>\n\n\n\n<p>Toda a programa\u00e7\u00e3o pode ser encontrada no&nbsp;<a href=\"https:\/\/s2310.imxsnd32.com\/link.php?code=bDpodHRwcyUzQSUyRiUyRnNlYWZvb2RzaG93LmNvbS5iciUyRjoyNDM5NDEyODIzOnJlZGFjYW90dmV2ZW50b3NAZ21haWwuY29tOjdiOTBhMjo1ZA==\" target=\"_blank\" rel=\"noreferrer noopener\">site oficial<\/a>. J\u00e1 o credenciamento para o Seafood Show 2023 \u00e9 gratuito e pode ser realizado por&nbsp;<a href=\"https:\/\/s2310.imxsnd32.com\/link.php?code=bDpodHRwcyUzQSUyRiUyRnNlYWZvb2RzaG93LmNvbS5iciUyRmNyZWRlbmNpYW1lbnRvJTJGOjI0Mzk0MTI4MjM6cmVkYWNhb3R2ZXZlbnRvc0BnbWFpbC5jb206MWJmNmMxOjVk\" target=\"_blank\" rel=\"noreferrer noopener\">aqui<\/a>.\u202f\u202f<\/p>\n\n\n\n<p>\u202f\u202f \u202f<\/p>\n\n\n\n<p><strong>SERVI\u00c7O<\/strong>:\u202f\u202f\u202f<\/p>\n\n\n\n<p><strong>Seafood Show Latin America<\/strong>\u202f\u202f\u202f<\/p>\n\n\n\n<p>Local: PRO MAGNO \u2013 Centro de Eventos\u202f\u202f<\/p>\n\n\n\n<p>Endere\u00e7o: Avenida Professora Ida Kolb, 513 \u2013 S\u00e3o Paulo, SP\u202f\u202f<\/p>\n\n\n\n<p>Data: 24 a 26 de outubro de 2023\u202f\u202f\u202f<\/p>\n\n\n\n<p>Hor\u00e1rio: das 13h \u00e0s 20h\u202f\u202f\u202f<\/p>\n\n\n\n<p>Informa\u00e7\u00f5es:&nbsp;<a href=\"https:\/\/s2310.imxsnd32.com\/link.php?code=bDpodHRwcyUzQSUyRiUyRnNlYWZvb2RzaG93LmNvbS5iciUyRjoyNDM5NDEyODIzOnJlZGFjYW90dmV2ZW50b3NAZ21haWwuY29tOjdiOTBhMjo1ZA==\" target=\"_blank\" rel=\"noreferrer noopener\">site oficial<\/a>\u202f\u202f\u202f<\/p>\n\n\n\n<p>Realiza\u00e7\u00e3o: Francal Feiras\u202f\u202f\u202f<\/p>\n\n\n\n<p>\u202f\u202f\u202f<\/p>\n\n\n\n<p><strong>Sobre a Seafood Brasil<\/strong>\u202f\u202f\u202f<\/p>\n\n\n\n<p>A Seafood Brasil \u00e9 uma plataforma de comunica\u00e7\u00e3o destinada a aumentar o consumo e gerar neg\u00f3cios para os atores da cadeia produtiva do pescado. Inaugurada em 2013, conta com um portal, m\u00eddias sociais, eventos com a cadeia produtiva e uma revista com cinco edi\u00e7\u00f5es anuais.\u202f\u202f\u202f<\/p>\n\n\n\n<p>\u202f\u202f\u202f<\/p>\n\n\n\n<p><strong>Sobre a Francal Feiras\u202f\u202f<\/strong>\u202f\u202f\u202f\u202f<\/p>\n\n\n\n<p>Desde 1969, a Francal Feiras \u00e9 sin\u00f4nimo de neg\u00f3cios e pioneirismo. Com mais de cinco d\u00e9cadas de atua\u00e7\u00e3o, \u00e9 uma das maiores e mais tradicionais promotoras de eventos do pa\u00eds, com capital 100% nacional. Os neg\u00f3cios originados pelos 13 eventos de seu portf\u00f3lio movimentam a economia e contribuem para o desenvolvimento de todas as regi\u00f5es do Brasil.\u202f\u202f\u202f\u202f\u202f\u202f<\/p>\n","protected":false},"excerpt":{"rendered":"<p>Na pr\u00f3xima semana, entre os dias 24 e 26 de outubro, come\u00e7a a principal&nbsp;feira de neg\u00f3cios da Am\u00e9rica Latina focada na comercializa\u00e7\u00e3o de pescado, o Seafood Show Latin America 2023. O evento conta, em sua abertura, com a presen\u00e7a de&nbsp;Andr\u00e9 de Paula, Ministro da Pesca e Aquicultura do Brasil e&nbsp;Eduardo Lobo, Presidente da Abipesca e [&hellip;]<\/p>\n","protected":false},"author":2,"featured_media":432,"comment_status":"open","ping_status":"open","sticky":false,"template":"","format":"standard","meta":{"footnotes":""},"categories":[1],"tags":[],"class_list":{"0":"post-431","1":"post","2":"type-post","3":"status-publish","4":"format-standard","5":"has-post-thumbnail","7":"category-workshopsepalestras"},"_links":{"self":[{"href":"https:\/\/tveventos.tv.br\/index.php?rest_route=\/wp\/v2\/posts\/431","targetHints":{"allow":["GET"]}}],"collection":[{"href":"https:\/\/tveventos.tv.br\/index.php?rest_route=\/wp\/v2\/posts"}],"about":[{"href":"https:\/\/tveventos.tv.br\/index.php?rest_route=\/wp\/v2\/types\/post"}],"author":[{"embeddable":true,"href":"https:\/\/tveventos.tv.br\/index.php?rest_route=\/wp\/v2\/users\/2"}],"replies":[{"embeddable":true,"href":"https:\/\/tveventos.tv.br\/index.php?rest_route=%2Fwp%2Fv2%2Fcomments&post=431"}],"version-history":[{"count":1,"href":"https:\/\/tveventos.tv.br\/index.php?rest_route=\/wp\/v2\/posts\/431\/revisions"}],"predecessor-version":[{"id":433,"href":"https:\/\/tveventos.tv.br\/index.php?rest_route=\/wp\/v2\/posts\/431\/revisions\/433"}],"wp:featuredmedia":[{"embeddable":true,"href":"https:\/\/tveventos.tv.br\/index.php?rest_route=\/wp\/v2\/media\/432"}],"wp:attachment":[{"href":"https:\/\/tveventos.tv.br\/index.php?rest_route=%2Fwp%2Fv2%2Fmedia&parent=431"}],"wp:term":[{"taxonomy":"category","embeddable":true,"href":"https:\/\/tveventos.tv.br\/index.php?rest_route=%2Fwp%2Fv2%2Fcategories&post=431"},{"taxonomy":"post_tag","embeddable":true,"href":"https:\/\/tveventos.tv.br\/index.php?rest_route=%2Fwp%2Fv2%2Ftags&post=431"}],"curies":[{"name":"wp","href":"https:\/\/api.w.org\/{rel}","templated":true}]}}