{"id":4314,"date":"2025-02-27T15:48:15","date_gmt":"2025-02-27T18:48:15","guid":{"rendered":"https:\/\/tveventos.tv.br\/?p=4314"},"modified":"2025-02-27T15:48:16","modified_gmt":"2025-02-27T18:48:16","slug":"conheca-as-competicoes-ja-confirmadas-no-arnold-sports-festival-south-america-2025","status":"publish","type":"post","link":"https:\/\/tveventos.tv.br\/?p=4314","title":{"rendered":"Conhe\u00e7a as competi\u00e7\u00f5es j\u00e1 confirmadas no Arnold Sports Festival South America 2025"},"content":{"rendered":"\n<p>O Arnold Sports Festival South America 2025, organizado pela Savaget Group, est\u00e1 marcado entre os dias 4 e 6 de abril, no Expo Center Norte, em S\u00e3o Paulo.<\/p>\n\n\n\n<p>Considerado um dos maiores eventos multiesportivos da Am\u00e9rica Latina, atrai atletas, profissionais da \u00e1rea e entusiastas do esporte de diversas partes do mundo.<\/p>\n\n\n\n<p>A edi\u00e7\u00e3o 2025 deve reunir cerca de 10 mil atletas competindo em mais de 30 modalidades, como fisiculturismo, levantamento de peso, jiu-jitsu e karat\u00ea.<\/p>\n\n\n\n<p>Al\u00e9m das competi\u00e7\u00f5es, o evento \u00e9 formado pela tradicional feira de nutri\u00e7\u00e3o esportiva e fitness, com direito a ativa\u00e7\u00f5es de produtos e degusta\u00e7\u00f5es. A previs\u00e3o \u00e9 que mais de 200 expositores estejam presentes.<\/p>\n\n\n\n<p>\u201cTrata-se de um espa\u00e7o de vendas para aumentar a visibilidade de uma marca e, como sempre digo, de sonhos e de oportunidades para se fazer grandes neg\u00f3cios\u2019\u2019, conta Ana Paula Leal Graziano, CEO da Savaget Group.<\/p>\n\n\n\n<p>A edi\u00e7\u00e3o 2024 registrou 7016 CNPJs credenciados e meio bilh\u00e3o de reais em neg\u00f3cios, consolidando-se como ponto de encontro essencial para empresas do setor.&nbsp;<\/p>\n\n\n\n<p>O evento abriga, ainda, congressos voltados para profissionais do bem-estar, como m\u00e9dicos, educadores f\u00edsicos e nutricionistas, e para o mercado pet.<\/p>\n\n\n\n<p>Segundo Ana Paula Leal Graziano, a organiza\u00e7\u00e3o sempre pensa em inova\u00e7\u00f5es capazes de transformar a experi\u00eancia do p\u00fablico<\/p>\n\n\n\n<p>\u201cConhecendo bem as necessidades do setor fitness e de nutri\u00e7\u00e3o, criamos diversos f\u00f3runs com especialistas e temas importantes\u2019\u2019, explica ela.<\/p>\n\n\n\n<p>\u201cA ideia \u00e9 transmitir cada vez mais conhecimento para o segmento. Nossa proposta \u00e9 desafiar os limites do convencional e provocar momentos \u00fanicos, que incentivem o rendimento f\u00edsico, a criatividade e a inova\u00e7\u00e3o\u2019\u201d, completa.&nbsp;<\/p>\n\n\n\n<p><strong>Algumas das modalidades esportivas j\u00e1 confirmadas do Arnold Sports Festival South America 2025<\/strong><\/p>\n\n\n\n<p>Bodybuilding profissional<\/p>\n\n\n\n<p>Bodybuilding amador<\/p>\n\n\n\n<p>Mas wrestling<\/p>\n\n\n\n<p>Power biceps<\/p>\n\n\n\n<p>Parajiu-jitsu<\/p>\n\n\n\n<p>Cheerleading<\/p>\n\n\n\n<p>Strongman pr\u00f3<\/p>\n\n\n\n<p>Strongman amador<\/p>\n\n\n\n<p>Jiu-jitsu<\/p>\n\n\n\n<p>Karate<\/p>\n\n\n\n<p>Muay-thai<\/p>\n\n\n\n<p>Sambo<\/p>\n\n\n\n<p>Festival ol\u00edmpico<\/p>\n\n\n\n<p>Sanda<\/p>\n\n\n\n<p>Sumo<\/p>\n\n\n\n<p>Powerlifting<\/p>\n\n\n\n<p>Oct\u00f3gono<\/p>\n\n\n\n<p>Calistenia<\/p>\n\n\n\n<p>Luta de bra\u00e7o<\/p>\n\n\n\n<p>Jump rope<\/p>\n\n\n\n<p><\/p>\n","protected":false},"excerpt":{"rendered":"<p>O Arnold Sports Festival South America 2025, organizado pela Savaget Group, est\u00e1 marcado entre os dias 4 e 6 de abril, no Expo Center Norte, em S\u00e3o Paulo. Considerado um dos maiores eventos multiesportivos da Am\u00e9rica Latina, atrai atletas, profissionais da \u00e1rea e entusiastas do esporte de diversas partes do mundo. A edi\u00e7\u00e3o 2025 deve [&hellip;]<\/p>\n","protected":false},"author":3,"featured_media":4315,"comment_status":"open","ping_status":"open","sticky":false,"template":"","format":"standard","meta":{"footnotes":""},"categories":[23],"tags":[],"class_list":{"0":"post-4314","1":"post","2":"type-post","3":"status-publish","4":"format-standard","5":"has-post-thumbnail","7":"category-feirasdenegocios"},"_links":{"self":[{"href":"https:\/\/tveventos.tv.br\/index.php?rest_route=\/wp\/v2\/posts\/4314","targetHints":{"allow":["GET"]}}],"collection":[{"href":"https:\/\/tveventos.tv.br\/index.php?rest_route=\/wp\/v2\/posts"}],"about":[{"href":"https:\/\/tveventos.tv.br\/index.php?rest_route=\/wp\/v2\/types\/post"}],"author":[{"embeddable":true,"href":"https:\/\/tveventos.tv.br\/index.php?rest_route=\/wp\/v2\/users\/3"}],"replies":[{"embeddable":true,"href":"https:\/\/tveventos.tv.br\/index.php?rest_route=%2Fwp%2Fv2%2Fcomments&post=4314"}],"version-history":[{"count":1,"href":"https:\/\/tveventos.tv.br\/index.php?rest_route=\/wp\/v2\/posts\/4314\/revisions"}],"predecessor-version":[{"id":4316,"href":"https:\/\/tveventos.tv.br\/index.php?rest_route=\/wp\/v2\/posts\/4314\/revisions\/4316"}],"wp:featuredmedia":[{"embeddable":true,"href":"https:\/\/tveventos.tv.br\/index.php?rest_route=\/wp\/v2\/media\/4315"}],"wp:attachment":[{"href":"https:\/\/tveventos.tv.br\/index.php?rest_route=%2Fwp%2Fv2%2Fmedia&parent=4314"}],"wp:term":[{"taxonomy":"category","embeddable":true,"href":"https:\/\/tveventos.tv.br\/index.php?rest_route=%2Fwp%2Fv2%2Fcategories&post=4314"},{"taxonomy":"post_tag","embeddable":true,"href":"https:\/\/tveventos.tv.br\/index.php?rest_route=%2Fwp%2Fv2%2Ftags&post=4314"}],"curies":[{"name":"wp","href":"https:\/\/api.w.org\/{rel}","templated":true}]}}