{"id":4317,"date":"2025-02-27T15:54:21","date_gmt":"2025-02-27T18:54:21","guid":{"rendered":"https:\/\/tveventos.tv.br\/?p=4317"},"modified":"2025-02-27T15:54:22","modified_gmt":"2025-02-27T18:54:22","slug":"feicon-2025-esta-com-inscricoes-abertas-para-seu-rota-da-sustentabilidade","status":"publish","type":"post","link":"https:\/\/tveventos.tv.br\/?p=4317","title":{"rendered":"FEICON 2025 est\u00e1 com inscri\u00e7\u00f5es abertas para seu \u201cRota da Sustentabilidade\u201d"},"content":{"rendered":"\n<p>A FEICON \u2013 Feira Internacional da Constru\u00e7\u00e3o Civil, que ser\u00e1 realizada de 8 a 11 de abril de 2025 no S\u00e3o Paulo Expo, est\u00e1 com as inscri\u00e7\u00f5es abertas para a Rota da Sustentabilidade.<\/p>\n\n\n\n<p>A iniciativa, desenvolvida em parceria com a Inovatech Engenharia, visa divulgar a sustentabilidade dos produtos expostos na feira, seguindo diretrizes ESG.<\/p>\n\n\n\n<p>A Rota proporciona \u00e0s marcas selecionadas uma divulga\u00e7\u00e3o e sinaliza\u00e7\u00e3o diferenciadas dentro do evento, para destacar e ampliar o alcance destas iniciativas.<\/p>\n\n\n\n<p>O prazo para inscri\u00e7\u00e3o das empresas interessadas segue at\u00e9 o dia 10 de mar\u00e7o e \u00e9 realizada pelo site da FEICON (<a href=\"http:\/\/www.feicon.com.br\/\" target=\"_blank\" rel=\"noreferrer noopener\">www.feicon.com.br<\/a>).<\/p>\n\n\n\n<p>Para participar, as empresas expositoras devem inscrever produtos ou solu\u00e7\u00f5es que atendam a, no m\u00ednimo, dez dos 24 crit\u00e9rios de avalia\u00e7\u00e3o de sustentabilidade, divididos em tr\u00eas eixos: Fabrica\u00e7\u00e3o, Obra e Produto Aplicado.<\/p>\n\n\n\n<p>No eixo fabrica\u00e7\u00e3o, por exemplo, entre os aspectos analisados est\u00e3o a redu\u00e7\u00e3o de emiss\u00f5es de CO2, uso de materiais reciclados e gest\u00e3o eficiente da \u00e1gua.<\/p>\n\n\n\n<p>J\u00e1 no eixo obra, a diminui\u00e7\u00e3o de res\u00edduos e a melhoria das condi\u00e7\u00f5es de trabalho s\u00e3o a\u00e7\u00f5es que ser\u00e3o consideradas.<\/p>\n\n\n\n<p>Quanto ao produto aplicado ser\u00e3o considerados os benef\u00edcios ambientais e sociais ap\u00f3s a aplica\u00e7\u00e3o do produto, como efici\u00eancia energ\u00e9tica, conforto t\u00e9rmico e ac\u00fastico, reciclabilidade e facilidade de manuten\u00e7\u00e3o.<\/p>\n\n\n\n<p>\u201cA Rota da Sustentabilidade ESG permite que fabricantes evidenciem seu compromisso com a sustentabilidade e a inova\u00e7\u00e3o, facilitando a escolha por solu\u00e7\u00f5es mais eficientes e alinhadas \u00e0s exig\u00eancias do mercado global\u201d, explica o diretor da FEICON, Ivan Rom\u00e3o.<\/p>\n\n\n\n<p>Os expositores aprovados ter\u00e3o sinaliza\u00e7\u00e3o espec\u00edfica no pavilh\u00e3o da feira, destaque na planta do evento e visibilidade nas redes sociais da FEICON.<\/p>\n\n\n\n<p>Al\u00e9m disso, as avalia\u00e7\u00f5es realizadas pelo p\u00fablico visitante ser\u00e3o divulgadas ao final da feira no site oficial da Rota da Sustentabilidade (<a href=\"http:\/\/www.rotadasustentabilidade.com.br\/\" target=\"_blank\" rel=\"noreferrer noopener\">www.rotadasustentabilidade.com.br<\/a>).<\/p>\n\n\n\n<p>Em sua \u00faltima edi\u00e7\u00e3o, a Rota da Sustentabilidade registrou um crescimento expressivo na diversidade de solu\u00e7\u00f5es apresentadas, abrangendo desde equipamentos para obras at\u00e9 tomadas e sistemas construtivos inovadores.<\/p>\n\n\n\n<p>Segundo o CEO e fundador da Inovatech, Luiz Henrique Ferreira, respons\u00e1vel pela curadoria da Rota, esse avan\u00e7o refor\u00e7a o papel fundamental da iniciativa em toda a cadeia da constru\u00e7\u00e3o civil.<\/p>\n\n\n\n<p>\u201cEm 2025, estamos aprimorando nossa metodologia para garantir uma an\u00e1lise ainda mais detalhada dos produtos inscritos\u201d, afirma o executivo.<\/p>\n\n\n\n<p>\u201cCom isso, queremos ampliar o n\u00famero de expositores comprometidos e oferecer um panorama ainda mais completo do setor\u201d, conclui Ferreira.<\/p>\n\n\n\n<p><\/p>\n","protected":false},"excerpt":{"rendered":"<p>A FEICON \u2013 Feira Internacional da Constru\u00e7\u00e3o Civil, que ser\u00e1 realizada de 8 a 11 de abril de 2025 no S\u00e3o Paulo Expo, est\u00e1 com as inscri\u00e7\u00f5es abertas para a Rota da Sustentabilidade. A iniciativa, desenvolvida em parceria com a Inovatech Engenharia, visa divulgar a sustentabilidade dos produtos expostos na feira, seguindo diretrizes ESG. A [&hellip;]<\/p>\n","protected":false},"author":3,"featured_media":4318,"comment_status":"open","ping_status":"open","sticky":false,"template":"","format":"standard","meta":{"footnotes":""},"categories":[23],"tags":[],"class_list":{"0":"post-4317","1":"post","2":"type-post","3":"status-publish","4":"format-standard","5":"has-post-thumbnail","7":"category-feirasdenegocios"},"_links":{"self":[{"href":"https:\/\/tveventos.tv.br\/index.php?rest_route=\/wp\/v2\/posts\/4317","targetHints":{"allow":["GET"]}}],"collection":[{"href":"https:\/\/tveventos.tv.br\/index.php?rest_route=\/wp\/v2\/posts"}],"about":[{"href":"https:\/\/tveventos.tv.br\/index.php?rest_route=\/wp\/v2\/types\/post"}],"author":[{"embeddable":true,"href":"https:\/\/tveventos.tv.br\/index.php?rest_route=\/wp\/v2\/users\/3"}],"replies":[{"embeddable":true,"href":"https:\/\/tveventos.tv.br\/index.php?rest_route=%2Fwp%2Fv2%2Fcomments&post=4317"}],"version-history":[{"count":1,"href":"https:\/\/tveventos.tv.br\/index.php?rest_route=\/wp\/v2\/posts\/4317\/revisions"}],"predecessor-version":[{"id":4319,"href":"https:\/\/tveventos.tv.br\/index.php?rest_route=\/wp\/v2\/posts\/4317\/revisions\/4319"}],"wp:featuredmedia":[{"embeddable":true,"href":"https:\/\/tveventos.tv.br\/index.php?rest_route=\/wp\/v2\/media\/4318"}],"wp:attachment":[{"href":"https:\/\/tveventos.tv.br\/index.php?rest_route=%2Fwp%2Fv2%2Fmedia&parent=4317"}],"wp:term":[{"taxonomy":"category","embeddable":true,"href":"https:\/\/tveventos.tv.br\/index.php?rest_route=%2Fwp%2Fv2%2Fcategories&post=4317"},{"taxonomy":"post_tag","embeddable":true,"href":"https:\/\/tveventos.tv.br\/index.php?rest_route=%2Fwp%2Fv2%2Ftags&post=4317"}],"curies":[{"name":"wp","href":"https:\/\/api.w.org\/{rel}","templated":true}]}}