{"id":4321,"date":"2025-02-27T16:38:38","date_gmt":"2025-02-27T19:38:38","guid":{"rendered":"https:\/\/tveventos.tv.br\/?p=4321"},"modified":"2025-02-27T16:38:39","modified_gmt":"2025-02-27T19:38:39","slug":"anuga-select-brazil-e-private-label-brazil-unem-forcas-em-2025","status":"publish","type":"post","link":"https:\/\/tveventos.tv.br\/?p=4321","title":{"rendered":"Anuga Select Brazil e Private Label Brazil unem for\u00e7as em 2025"},"content":{"rendered":"\n<p>A 6\u00aa edi\u00e7\u00e3o da Anuga Select Brazil, refer\u00eancia global no setor de alimentos e bebidas, ser\u00e1 a primeira em parceria com a Private Label Brazil, feira de marcas pr\u00f3prias e terceiriza\u00e7\u00e3o.<\/p>\n\n\n\n<p>A expectativa dos organizadores \u00e9 unir for\u00e7as, potencializando as oportunidades de neg\u00f3cios para os players em um ambiente prop\u00edcio para networking qualificado e alian\u00e7as estrat\u00e9gicas.<\/p>\n\n\n\n<p>Os visitantes ter\u00e3o acesso facilitado a ambas as feiras atrav\u00e9s de um servi\u00e7o de transporte gratuito interligando os dois eventos, cujos centros de exposi\u00e7\u00e3o est\u00e3o separados por apenas 4 km de dist\u00e2ncia.<\/p>\n\n\n\n<p>Enquanto a Anuga acontece entre os dias 8 e 10 de abril no Distrito Anhembi, o Pro Magno Centro de Eventos recebe a Private Label nos dias 9 e 10 do mesmo m\u00eas.<\/p>\n\n\n\n<p>Giulio Rossi, Diretor-Geral da Private Label Brazil, adianta que com parceria, a programa\u00e7\u00e3o de palestras e paineis da Private Label ser\u00e1 feita no espa\u00e7o da Anuga.<\/p>\n\n\n\n<p>\u201cVamos proporcionar uma plataforma robusta para que ind\u00fastrias, distribuidores e varejistas encontrem solu\u00e7\u00f5es inovadoras, explorem novas oportunidades e desenvolvam relacionamentos de longo prazo\u201d, afirma.<\/p>\n\n\n\n<p>\u201cAinda h\u00e1 um grande potencial inexplorado e esse interc\u00e2mbio pode contribuir para expans\u00e3o\u201d, acrescenta o executivo.<\/p>\n\n\n\n<p>Segundo pesquisa da Nielsen, 34% dos lares brasileiros j\u00e1 consomem produtos de marcas pr\u00f3prias regularmente.<\/p>\n\n\n\n<p>Esses itens, de acordo com a Associa\u00e7\u00e3o Brasileira de Marcas Pr\u00f3prias e Terceiriza\u00e7\u00e3o (Abmapro), permitem uma economia de 30% no comparativo com as marcas tradicionais.<\/p>\n\n\n\n<p>No entanto, a participa\u00e7\u00e3o das marcas pr\u00f3prias no setor de supermercados ainda \u00e9 de aproximadamente 7% no Brasil, enquanto na Europa esse n\u00famero ultrapassa os 30%.<\/p>\n\n\n\n<p>A parceria entre os eventos vem para fortalecer ainda mais ambos os segmentos no pa\u00eds criando um ambiente estrat\u00e9gico para que ind\u00fastrias e varejistas criem solu\u00e7\u00f5es alinhadas \u00e0s novas demandas do mercado.<\/p>\n\n\n\n<p>\u201cN\u00e3o tenho d\u00favidas que vamos gerar muito conhecimento e insights valiosos para que o setor de alimentos e bebidas continue crescendo de forma sustent\u00e1vel e inovadora\u201d, afirma Polliana Claudino, gerente de projetos da Anuga.<\/p>\n\n\n\n<p><strong>SERVI\u00c7O:<\/strong><\/p>\n\n\n\n<p>Data: 8 a 10 de abril de 2025<\/p>\n\n\n\n<p>Hor\u00e1rio: 10h \u00e0s 19h<\/p>\n\n\n\n<p>Local: Distrito Anhembi \u2013 Pavilh\u00e3o 1<\/p>\n\n\n\n<p>Endere\u00e7o: Av. Olavo Fontoura, 1209 \u2013 Santana, S\u00e3o Paulo \u2013 SP<\/p>\n\n\n\n<p><\/p>\n","protected":false},"excerpt":{"rendered":"<p>A 6\u00aa edi\u00e7\u00e3o da Anuga Select Brazil, refer\u00eancia global no setor de alimentos e bebidas, ser\u00e1 a primeira em parceria com a Private Label Brazil, feira de marcas pr\u00f3prias e terceiriza\u00e7\u00e3o. A expectativa dos organizadores \u00e9 unir for\u00e7as, potencializando as oportunidades de neg\u00f3cios para os players em um ambiente prop\u00edcio para networking qualificado e alian\u00e7as [&hellip;]<\/p>\n","protected":false},"author":3,"featured_media":4322,"comment_status":"open","ping_status":"open","sticky":false,"template":"","format":"standard","meta":{"footnotes":""},"categories":[23],"tags":[],"class_list":{"0":"post-4321","1":"post","2":"type-post","3":"status-publish","4":"format-standard","5":"has-post-thumbnail","7":"category-feirasdenegocios"},"_links":{"self":[{"href":"https:\/\/tveventos.tv.br\/index.php?rest_route=\/wp\/v2\/posts\/4321","targetHints":{"allow":["GET"]}}],"collection":[{"href":"https:\/\/tveventos.tv.br\/index.php?rest_route=\/wp\/v2\/posts"}],"about":[{"href":"https:\/\/tveventos.tv.br\/index.php?rest_route=\/wp\/v2\/types\/post"}],"author":[{"embeddable":true,"href":"https:\/\/tveventos.tv.br\/index.php?rest_route=\/wp\/v2\/users\/3"}],"replies":[{"embeddable":true,"href":"https:\/\/tveventos.tv.br\/index.php?rest_route=%2Fwp%2Fv2%2Fcomments&post=4321"}],"version-history":[{"count":1,"href":"https:\/\/tveventos.tv.br\/index.php?rest_route=\/wp\/v2\/posts\/4321\/revisions"}],"predecessor-version":[{"id":4323,"href":"https:\/\/tveventos.tv.br\/index.php?rest_route=\/wp\/v2\/posts\/4321\/revisions\/4323"}],"wp:featuredmedia":[{"embeddable":true,"href":"https:\/\/tveventos.tv.br\/index.php?rest_route=\/wp\/v2\/media\/4322"}],"wp:attachment":[{"href":"https:\/\/tveventos.tv.br\/index.php?rest_route=%2Fwp%2Fv2%2Fmedia&parent=4321"}],"wp:term":[{"taxonomy":"category","embeddable":true,"href":"https:\/\/tveventos.tv.br\/index.php?rest_route=%2Fwp%2Fv2%2Fcategories&post=4321"},{"taxonomy":"post_tag","embeddable":true,"href":"https:\/\/tveventos.tv.br\/index.php?rest_route=%2Fwp%2Fv2%2Ftags&post=4321"}],"curies":[{"name":"wp","href":"https:\/\/api.w.org\/{rel}","templated":true}]}}