{"id":4325,"date":"2025-02-27T17:25:02","date_gmt":"2025-02-27T20:25:02","guid":{"rendered":"https:\/\/tveventos.tv.br\/?p=4325"},"modified":"2025-02-27T17:25:03","modified_gmt":"2025-02-27T20:25:03","slug":"conexao-farma-2025-inovacao-e-colaboracao-na-farmacia-do-futuro-e-na-rua-do-associativismo","status":"publish","type":"post","link":"https:\/\/tveventos.tv.br\/?p=4325","title":{"rendered":"Conex\u00e3o Farma 2025: inova\u00e7\u00e3o e colabora\u00e7\u00e3o na Farm\u00e1cia do Futuro e na Rua do Associativismo"},"content":{"rendered":"\n<p class=\"has-text-align-center\"><em>Do fortalecimento das redes de farm\u00e1cias \u00e0 implementa\u00e7\u00e3o de novas tecnologias, espa\u00e7os interativos mostram o presente e o futuro do varejo farmac\u00eautico<\/em>.<\/p>\n\n\n\n<p>A&nbsp;<strong>Associa\u00e7\u00e3o Brasileira de Distribui\u00e7\u00e3o e Log\u00edstica de Produtos Farmac\u00eauticos (Abradilan)<\/strong>, entidade que representa mais de 160 distribuidores de medicamentos, produtos para a sa\u00fade, higiene e beleza no Brasil, promove a 19\u00aa edi\u00e7\u00e3o do&nbsp;<strong>Conex\u00e3o Farma<\/strong>. O evento, reconhecido como um dos maiores do setor farmac\u00eautico, fomenta neg\u00f3cios e proporciona um ambiente de aprendizado e inova\u00e7\u00e3o.<br>&nbsp;<\/p>\n\n\n\n<p>Entre os destaques deste ano est\u00e3o a&nbsp;<strong>Farm\u00e1cia do Futuro&nbsp;<\/strong>e a<strong>&nbsp;Rua do Associativismo<\/strong>, dois espa\u00e7os que se complementam ao trazer solu\u00e7\u00f5es que impactam diretamente a competitividade do varejo farmac\u00eautico. A Rua do Associativismo refor\u00e7a a import\u00e2ncia da uni\u00e3o entre redes de farm\u00e1cias, distribuidores e fornecedores, enquanto a Farm\u00e1cia do Futuro demonstra como as tecnologias e novas abordagens no ponto de venda (PDV) podem transformar o atendimento e a experi\u00eancia do consumidor. Juntos, esses espa\u00e7os refletem o futuro do setor, no qual colabora\u00e7\u00e3o e inova\u00e7\u00e3o caminham lado a lado.<br>&nbsp;<\/p>\n\n\n\n<p><strong>Farm\u00e1cia do Futuro: uma vitrine para a inova\u00e7\u00e3o no varejo farmac\u00eautico<\/strong><br>&nbsp;<\/p>\n\n\n\n<p>Respons\u00e1vel por apresentar as principais tend\u00eancias tecnol\u00f3gicas do setor, a&nbsp;<strong>Farm\u00e1cia do Futuro<\/strong>&nbsp;j\u00e1 se consolidou como uma atra\u00e7\u00e3o obrigat\u00f3ria dentro do Conex\u00e3o Farma. O projeto, desenvolvido pelo&nbsp;<strong>Guia da Farm\u00e1cia<\/strong>, em parceria com a&nbsp;<strong>Montafarma<\/strong>&nbsp;e a&nbsp;<strong>Abradilan<\/strong>, simula uma farm\u00e1cia conceito que alia tecnologia e humaniza\u00e7\u00e3o no atendimento, destacando o papel do estabelecimento como um&nbsp;<em><strong>hub&nbsp;<\/strong><\/em><strong>de sa\u00fade<\/strong>.<br>&nbsp;<\/p>\n\n\n\n<p>Segundo o CEO da Contento Comunica\u00e7\u00e3o e diretor da revista Guia da Farm\u00e1cia,&nbsp;<strong>Gustavo Godoy<\/strong>, a iniciativa acompanha as transforma\u00e7\u00f5es do mercado e tem como objetivo mostrar que a farm\u00e1cia vai muito al\u00e9m da simples dispensa\u00e7\u00e3o de medicamentos. \u201cA Farm\u00e1cia do Futuro reflete a evolu\u00e7\u00e3o do varejo farmac\u00eautico e as novas demandas do consumidor. Al\u00e9m da amplia\u00e7\u00e3o da categoria de Higiene &amp; Beleza, o espa\u00e7o traz solu\u00e7\u00f5es tecnol\u00f3gicas que aprimoram a experi\u00eancia de compra e a gest\u00e3o do neg\u00f3cio\u201d, explica&nbsp;<strong>Godoy<\/strong>.<br>&nbsp;<\/p>\n\n\n\n<p>Ele destaca tamb\u00e9m que a Farm\u00e1cia do Futuro \u00e9 um reflexo da transforma\u00e7\u00e3o digital que j\u00e1 est\u00e1 acontecendo. \u201cOs consumidores esperam um atendimento mais r\u00e1pido, conveniente e personalizado. Nossa proposta \u00e9 mostrar como a tecnologia pode potencializar a experi\u00eancia do cliente e melhorar a&nbsp;<em>performance<\/em>&nbsp;operacional das farm\u00e1cias.\u201d<br>&nbsp;<\/p>\n\n\n\n<p>Com uma proposta din\u00e2mica e interativa, o projeto apresenta novidades que incluem automa\u00e7\u00e3o, atendimento qualificado,&nbsp;<em>layout<\/em>&nbsp;estrat\u00e9gico para facilitar a jornada do cliente e ferramentas de intelig\u00eancia de mercado para otimizar a gest\u00e3o das farm\u00e1cias.<br>&nbsp;<\/p>\n\n\n\n<p><strong>Tecnologia e inova\u00e7\u00e3o para transformar a Farm\u00e1cia do Futuro<\/strong><br>&nbsp;<\/p>\n\n\n\n<p>A Farm\u00e1cia do Futuro ser\u00e1 composta por um ecossistema de inova\u00e7\u00e3o, reunindo empresas que s\u00e3o refer\u00eancia em tecnologia para o setor, como:<\/p>\n\n\n\n<ul class=\"wp-block-list\">\n<li><strong>ARIS:<\/strong>\u00a0solu\u00e7\u00f5es de autoatendimento para farm\u00e1cias;<\/li>\n\n\n\n<li><strong>RIVERDATA:<\/strong>\u00a0intelig\u00eancia artificial aplicada ao varejo f\u00edsico;<\/li>\n\n\n\n<li><strong>IPDV:<\/strong>\u00a0gest\u00e3o de indicadores de PDV;<\/li>\n\n\n\n<li><strong>\u00daNICO CONTATO:<\/strong>\u00a0aceleradora de vendas via WhatsApp e redes sociais;<\/li>\n\n\n\n<li><strong>BNEX:<\/strong>\u00a0<em>retail tech<\/em>\u00a0especializada no crescimento do varejo e ind\u00fastria;<\/li>\n\n\n\n<li><strong>ALICE WONDERS:<\/strong>\u00a0gera\u00e7\u00e3o de\u00a0<em>insights\u00a0<\/em>baseados em dados coletados no PDV;<\/li>\n\n\n\n<li><strong>IFOOD:\u00a0<\/strong>expans\u00e3o do\u00a0<em>delivery<\/em>\u00a0no setor farmac\u00eautico;<\/li>\n\n\n\n<li><strong>LEDWAVE:<\/strong>\u00a0solu\u00e7\u00f5es em comunica\u00e7\u00e3o visual e pain\u00e9is de LED.<\/li>\n<\/ul>\n\n\n\n<p>Somando-se a essas inova\u00e7\u00f5es, a&nbsp;<strong>Contento Comunica\u00e7\u00e3o<\/strong>&nbsp;apresentar\u00e1 tr\u00eas ferramentas inovadoras para o varejo farmac\u00eautico, como o Qual Rem\u00e9dio, Farma Minuto e Guia da Farm\u00e1cia Digital.<br>&nbsp;<\/p>\n\n\n\n<p>Ainda, complementando esse cen\u00e1rio repleto de novidades, ser\u00e1 lan\u00e7ado o&nbsp;<strong>Manual de Categorias Farma<\/strong>, uma iniciativa desenvolvida em parceria com a&nbsp;<strong>Escola Superior de Propaganda e Marketing (ESPM)<\/strong>,&nbsp;<strong>Abradilan<\/strong>,&nbsp;<strong>The Partnering Group (TPG)<\/strong>,&nbsp;<strong>Federa\u00e7\u00e3o Brasileira das Redes Associativistas e Independentes de Farm\u00e1cias (Febrafar)<\/strong>&nbsp;e&nbsp;<strong>Close-Up<\/strong>, que trar\u00e1 um novo olhar sobre o&nbsp;<strong>Gerenciamento por Categorias<\/strong>&nbsp;e estrat\u00e9gias para melhorar a performance das farm\u00e1cias.<br>&nbsp;<\/p>\n\n\n\n<p><strong>Espa\u00e7o interativo e novos conceitos para o mercado<\/strong><br>&nbsp;<\/p>\n\n\n\n<p>Os visitantes da&nbsp;<strong>Farm\u00e1cia do Futuro<\/strong>&nbsp;poder\u00e3o conhecer de perto como o atendimento farmac\u00eautico pode se tornar mais eficiente com a integra\u00e7\u00e3o entre automa\u00e7\u00e3o e personaliza\u00e7\u00e3o. \u201cToda a tecnologia dispon\u00edvel caminha junto com a humaniza\u00e7\u00e3o no atendimento. O&nbsp;<em>layout<\/em>&nbsp;pensado estrategicamente reduz atritos, facilita a jornada de compra e otimiza a experi\u00eancia do consumidor, seja ele um cliente recorrente ou algu\u00e9m buscando um servi\u00e7o de sa\u00fade espec\u00edfico\u201d, refor\u00e7a&nbsp;<strong>Godoy<\/strong>.<br>&nbsp;<\/p>\n\n\n\n<p>Garanta sua participa\u00e7\u00e3o e acompanhe de perto as novidades que v\u00e3o transformar o setor!<\/p>\n\n\n\n<p><br><strong>Rua do Associativismo: fortalecendo parcerias e neg\u00f3cios<\/strong><br>&nbsp;<\/p>\n\n\n\n<p>A&nbsp;<strong>Rua do Associativismo<\/strong>&nbsp;\u00e9 um espa\u00e7o projetado para facilitar a troca de conhecimento e fortalecer o relacionamento entre redes de farm\u00e1cias associativistas, distribuidores e fornecedores do setor. A proposta \u00e9 conectar varejistas e ind\u00fastrias, criando oportunidades de neg\u00f3cios estrat\u00e9gicos e compartilhando melhores pr\u00e1ticas de mercado.<br>&nbsp;<\/p>\n\n\n\n<p>A colabora\u00e7\u00e3o \u00e9 um dos pilares do crescimento sustent\u00e1vel do setor, e a Rua do Associativismo refor\u00e7a esse conceito, promovendo encontros entre empresas que compartilham um prop\u00f3sito comum: impulsionar a competitividade das farm\u00e1cias em todo o Pa\u00eds.<br><br><strong>Servi\u00e7o:<\/strong><\/p>\n\n\n\n<ul class=\"wp-block-list\">\n<li><strong>Evento:\u00a0<\/strong>Conex\u00e3o Farma 2025<\/li>\n\n\n\n<li><strong>Data:\u00a0<\/strong>18 a 20 de mar\u00e7o de 2025<\/li>\n\n\n\n<li><strong>Hor\u00e1rio:<\/strong>\u00a0dias 18 e 19, das 14h00 \u00e0s 21h00; e dia 20, das 14h00 \u00e0s 20h00<\/li>\n\n\n\n<li><strong>Local:<\/strong>\u00a0Expo Center Norte, S\u00e3o Paulo (SP)<\/li>\n\n\n\n<li><strong>Inscri\u00e7\u00f5es:\u00a0<\/strong>pelo\u00a0<a href=\"https:\/\/www.abradilan.com.br\/conexao-farma-25\/\" target=\"_blank\" rel=\"noreferrer noopener\">site<\/a>\u00a0oficial do evento.<\/li>\n<\/ul>\n\n\n\n<p><strong>Sobre a Abradilan<\/strong><\/p>\n\n\n\n<p>A Associa\u00e7\u00e3o Brasileira de Distribui\u00e7\u00e3o e Log\u00edstica de Produtos Farmac\u00eauticos (Abradilan) tem sido uma for\u00e7a transformadora no setor farmac\u00eautico desde sua funda\u00e7\u00e3o em 1998. Representando mais de 160 empresas, a entidade promove inova\u00e7\u00e3o, \u00e9tica e desenvolvimento em toda a cadeia do mercado. O Conex\u00e3o Farma \u00e9 uma extens\u00e3o desse compromisso, oferecendo um espa\u00e7o onde conhecimento e relacionamento convergem para moldar o futuro do setor.<\/p>\n","protected":false},"excerpt":{"rendered":"<p>Do fortalecimento das redes de farm\u00e1cias \u00e0 implementa\u00e7\u00e3o de novas tecnologias, espa\u00e7os interativos mostram o presente e o futuro do varejo farmac\u00eautico. A&nbsp;Associa\u00e7\u00e3o Brasileira de Distribui\u00e7\u00e3o e Log\u00edstica de Produtos Farmac\u00eauticos (Abradilan), entidade que representa mais de 160 distribuidores de medicamentos, produtos para a sa\u00fade, higiene e beleza no Brasil, promove a 19\u00aa edi\u00e7\u00e3o do&nbsp;Conex\u00e3o [&hellip;]<\/p>\n","protected":false},"author":3,"featured_media":4326,"comment_status":"open","ping_status":"open","sticky":false,"template":"","format":"standard","meta":{"footnotes":""},"categories":[23],"tags":[],"class_list":{"0":"post-4325","1":"post","2":"type-post","3":"status-publish","4":"format-standard","5":"has-post-thumbnail","7":"category-feirasdenegocios"},"_links":{"self":[{"href":"https:\/\/tveventos.tv.br\/index.php?rest_route=\/wp\/v2\/posts\/4325","targetHints":{"allow":["GET"]}}],"collection":[{"href":"https:\/\/tveventos.tv.br\/index.php?rest_route=\/wp\/v2\/posts"}],"about":[{"href":"https:\/\/tveventos.tv.br\/index.php?rest_route=\/wp\/v2\/types\/post"}],"author":[{"embeddable":true,"href":"https:\/\/tveventos.tv.br\/index.php?rest_route=\/wp\/v2\/users\/3"}],"replies":[{"embeddable":true,"href":"https:\/\/tveventos.tv.br\/index.php?rest_route=%2Fwp%2Fv2%2Fcomments&post=4325"}],"version-history":[{"count":1,"href":"https:\/\/tveventos.tv.br\/index.php?rest_route=\/wp\/v2\/posts\/4325\/revisions"}],"predecessor-version":[{"id":4327,"href":"https:\/\/tveventos.tv.br\/index.php?rest_route=\/wp\/v2\/posts\/4325\/revisions\/4327"}],"wp:featuredmedia":[{"embeddable":true,"href":"https:\/\/tveventos.tv.br\/index.php?rest_route=\/wp\/v2\/media\/4326"}],"wp:attachment":[{"href":"https:\/\/tveventos.tv.br\/index.php?rest_route=%2Fwp%2Fv2%2Fmedia&parent=4325"}],"wp:term":[{"taxonomy":"category","embeddable":true,"href":"https:\/\/tveventos.tv.br\/index.php?rest_route=%2Fwp%2Fv2%2Fcategories&post=4325"},{"taxonomy":"post_tag","embeddable":true,"href":"https:\/\/tveventos.tv.br\/index.php?rest_route=%2Fwp%2Fv2%2Ftags&post=4325"}],"curies":[{"name":"wp","href":"https:\/\/api.w.org\/{rel}","templated":true}]}}