{"id":4328,"date":"2025-03-06T14:11:45","date_gmt":"2025-03-06T17:11:45","guid":{"rendered":"https:\/\/tveventos.tv.br\/?p=4328"},"modified":"2025-03-06T14:11:46","modified_gmt":"2025-03-06T17:11:46","slug":"expo-infrafm-e-congresso-infrafm-mostram-oportunidades-de-um-setor-que-faturaquase-r-350-bilhoes-no-brasil","status":"publish","type":"post","link":"https:\/\/tveventos.tv.br\/?p=4328","title":{"rendered":"Expo InfraFM e Congresso InfraFM mostram oportunidades de um setor que faturaquase R$ 350 bilh\u00f5es no Brasil"},"content":{"rendered":"\n<p class=\"has-text-align-center\"><em>Evento sobre Facility Management acontece entre os dias 9 e 11 de junho deste ano no Expo Center Norte,<\/em><br><em>em S\u00e3o Paulo<\/em>.<\/p>\n\n\n\n<p>Garantir um ambiente seguro, saud\u00e1vel e produtivo, al\u00e9m de funcionar de maneira eficiente, exige grandes doses de planejamento e execu\u00e7\u00e3o. \u00c9 esse o conceito de Facility Management (FM), em outras palavras, a gest\u00e3o inteligente e integrada de edif\u00edcios, conjuntos de pr\u00e9dios ou instala\u00e7\u00f5es para que operem de modo a proporcionar bem-estar tanto para CEOs quanto para os demais funcion\u00e1rios, considerando tamb\u00e9m consumidores, visitantes e demais p\u00fablicos.<br>&nbsp;<\/p>\n\n\n\n<p>Trata-se de um mercado que s\u00f3 no Brasil fatura R$ 348 bilh\u00f5es e deve ultrapassar a casa de US$ 2 trilh\u00f5es em todo o mundo at\u00e9 2025, segundo o Relat\u00f3rio Global Market Insights de 2019. S\u00e3o in\u00fameros neg\u00f3cios repletos de oportunidades e todas elas ter\u00e3o uma boa amostra na&nbsp;<strong>12\u00aa edi\u00e7\u00e3o da Expo InfraFM<\/strong>&nbsp;e no&nbsp;<strong>20\u00ba Congresso InfraFM<\/strong>, os maiores encontros do setor de Facility, Property e Workplace Management na Am\u00e9rica Latina.<br>&nbsp;<\/p>\n\n\n\n<p>O evento ter\u00e1 lugar no Expo Center Norte (Pavilh\u00e3o Azul), em S\u00e3o Paulo, entre os dias 9 e 11 de junho de 2025, reunindo profissionais, especialistas e empresas que est\u00e3o moldando o futuro da gest\u00e3o de espa\u00e7os corporativos, industriais, hospitalares e comerciais. A entrada ser\u00e1 gratuita e o&nbsp;<a href=\"https:\/\/infrafm.com.br\/passport\/190?utm_source=bt-lp-compra\" target=\"_blank\" rel=\"noreferrer noopener\"><u>credenciamento<\/u><\/a>&nbsp;j\u00e1 pode ser feito online. A organiza\u00e7\u00e3o do evento \u00e9 do Italian Exhibition Group (IEG), que adquiriu ano passado o direito da sua realiza\u00e7\u00e3o.<br>&nbsp;<\/p>\n\n\n\n<p>Para Rimantas Sipas, COO do IEG no Brasil, o enorme potencial de crescimento do mercado de FM incentiva a cria\u00e7\u00e3o e o aprimoramento de novos neg\u00f3cios, tendo a Expo InfraFM como vitrine privilegiada para isso. \u201cA Expo InfraFM re\u00fane os operadores que fornecem para grandes edifica\u00e7\u00f5es de trabalho, que incluem edif\u00edcios comerciais e empresariais, pr\u00e9dios industriais, hospitalares, shopping centers e muitos outros\u201d, afirma.<br>&nbsp;<\/p>\n\n\n\n<p>A Expo InfraFM reunir\u00e1 mais de 140 expositores apresentando as \u00faltimas novidades em produtos, servi\u00e7os e tecnologias. &#8220;A feira \u00e9 um ambiente de neg\u00f3cios din\u00e2mico, onde empresas estabelecem parcerias estrat\u00e9gicas, encontram novas solu\u00e7\u00f5es e acessam insights valiosos sobre o mercado. A Expo InfraFM dever\u00e1 crescer este ano 30% em espa\u00e7o e exposi\u00e7\u00e3o, consolidando-se como grande palco para acompanhar essa evolu\u00e7\u00e3o&#8221;, diz Sipas.<br>&nbsp;<\/p>\n\n\n\n<p><strong>Congresso InfraFM<\/strong><\/p>\n\n\n\n<p>Com uma programa\u00e7\u00e3o estruturada em oito trilhas tem\u00e1ticas e mais de 100 palestrantes, o Congresso InfraFM 2025 trar\u00e1 debates aprofundados sobre estrat\u00e9gia, gest\u00e3o de terceiros, workplace, ESG, wellness, opera\u00e7\u00e3o de pr\u00e9dios existentes, inova\u00e7\u00e3o e tecnologias emergentes, a exemplo de IoT (internet das coisas) e IA (intelig\u00eancia artificial). Para ter mais informa\u00e7\u00f5es sobre o Congresso, acesse&nbsp;<a href=\"https:\/\/www.infrafm.com.br\/eventos\/202\/congresso-infrafm-2025?utm_source=menu-portal-ifm\" target=\"_blank\" rel=\"noreferrer noopener\"><u>AQUI<\/u><\/a>.<br>&nbsp;<\/p>\n\n\n\n<p>&#8220;A cada edi\u00e7\u00e3o, elevamos o n\u00edvel do evento para garantir que os participantes tenham acesso a conte\u00fado de ponta e a uma experi\u00eancia que agregue valor real ao seu dia a dia profissional. Este ano, al\u00e9m dos tradicionais pain\u00e9is e palestras, estamos investindo ainda mais em estudos de caso e conte\u00fados interativos, proporcionando insights pr\u00e1ticos que podem ser aplicados imediatamente na gest\u00e3o das opera\u00e7\u00f5es&#8221;, destaca L\u00e9a Lobo, head de Conte\u00fado da InfraFM.<br>&nbsp;<\/p>\n\n\n\n<p><strong>Destaques do evento<\/strong><br>&nbsp;<\/p>\n\n\n\n<p>\u2022&nbsp;<strong>Visitas t\u00e9cnicas<\/strong>: oportunidade exclusiva para conhecer in loco as melhores pr\u00e1ticas em Facility Management dentro de grandes empresas;<\/p>\n\n\n\n<p>\u2022&nbsp;<strong>Palestras estrat\u00e9gicas<\/strong>&nbsp;com l\u00edderes do setor compartilhando desafios e solu\u00e7\u00f5es inovadoras;<\/p>\n\n\n\n<p>\u2022&nbsp;<strong>Arena do Expositor<\/strong>: um espa\u00e7o din\u00e2mico dentro da Expo InfraFM, onde fornecedores apresentam solu\u00e7\u00f5es em tempo real;<\/p>\n\n\n\n<p>\u2022&nbsp;<strong>Demonstra\u00e7\u00f5es ao vivo de tecnologias<\/strong>&nbsp;para automa\u00e7\u00e3o predial, efici\u00eancia energ\u00e9tica, ESG e inova\u00e7\u00e3o no workplace;<\/p>\n\n\n\n<p>\u2022&nbsp;<strong>Espa\u00e7os de networking<\/strong>&nbsp;criados para fortalecer conex\u00f5es e gerar novos neg\u00f3cios no setor;<\/p>\n\n\n\n<p>\u2022&nbsp;<strong>Rodada de neg\u00f3cios<\/strong>&nbsp;que proporcionam conex\u00f5es entre clientes e expositores para impulsionar novas oportunidades de neg\u00f3cios.<br>&nbsp;<\/p>\n\n\n\n<p>Com um p\u00fablico estimado em 10 mil participantes, o evento refor\u00e7a o papel do Facility Management como protagonista na transforma\u00e7\u00e3o das empresas. Segundo L\u00e9a, &#8220;o objetivo \u00e9 que cada congressista saia do evento n\u00e3o apenas com conhecimento, mas tamb\u00e9m com estrat\u00e9gias, conex\u00f5es e insights que o tornem um profissional ainda mais essencial dentro da sua organiza\u00e7\u00e3o&#8221;.<br>&nbsp;<\/p>\n\n\n\n<p><strong>Servi\u00e7o:<\/strong><\/p>\n\n\n\n<p><strong>Expo InfraFM e Congresso InfraFM<\/strong><\/p>\n\n\n\n<p>Data: 9 a 11 de junho de 2025<\/p>\n\n\n\n<p>Hor\u00e1rios Expo: dia 9, das 14h \u00e0s 20h | dias 10 e 11, das 10h \u00e0s 20h<\/p>\n\n\n\n<p>Hor\u00e1rios Congresso: dia 9, das 14h \u00e0s 17h | dias 10 e 11, das 10h \u00e0s 17h30<\/p>\n\n\n\n<p>Local: Expo Center Norte &#8211; Pavilh\u00e3o Azul<\/p>\n\n\n\n<p>Endere\u00e7o: Rua Jos\u00e9 Bernardo Pinto, 333 \u2013 Vila Guilherme, SP.<\/p>\n\n\n\n<p>Imagens Expo 2024:&nbsp;<a href=\"https:\/\/flic.kr\/s\/aHBqjBuFSW\" target=\"_blank\" rel=\"noreferrer noopener\">Link<\/a><\/p>\n\n\n\n<p>Imagens Congresso 2024:&nbsp;<a href=\"https:\/\/flic.kr\/s\/aHBqjBuEET\" target=\"_blank\" rel=\"noreferrer noopener\">Link<\/a><\/p>\n\n\n\n<p>Para mais informa\u00e7\u00f5es acesse:&nbsp;<a href=\"https:\/\/www.infrafm.com.br\/eventos\/190\/infrafm-expo-2025?utm_source=menu-portal-ifm\" target=\"_blank\" rel=\"noreferrer noopener\"><u>Expo InfraFM<\/u><\/a>&nbsp;|&nbsp;<a href=\"https:\/\/www.infrafm.com.br\/eventos\/202\/congresso-infrafm-2025?utm_source=menu-portal-ifm&amp;gad_source=1&amp;gclid=Cj0KCQiAwtu9BhC8ARIsAI9JHal7CjdkSzyN4Twbt-x3JKUhvtpCw_w12J9aFpSIM55w7Gu2s-31Q4waAuyHEALw_wcB\" target=\"_blank\" rel=\"noreferrer noopener\"><u>Congresso InfraFM<\/u><\/a><\/p>\n\n\n\n<p><strong>Sobre a Expo InfraFM<\/strong><\/p>\n\n\n\n<p>A 12\u00aa Expo InfraFM posiciona-se como o principal hub de FM na Am\u00e9rica Latina. Desde 1999, conecta profissionais gerando um importante impacto no setor. Organizada pelo IEG Brasil, a Feira re\u00fane marcas das \u00e1reas de limpeza, conserva\u00e7\u00e3o, jardinagem, manuten\u00e7\u00e3o e opera\u00e7\u00e3o, gest\u00e3o imobili\u00e1ria, de obras e projetos, mobili\u00e1rio e ergonomia, arquitetura, restaurantes, academias, eventos, transportes, seguran\u00e7a e tecnologia, entre outras. O Facility Management (FM) \u00e9 uma atividade abrangente que engloba v\u00e1rias \u00e1reas essenciais para a gest\u00e3o eficiente de instala\u00e7\u00f5es e propriedades. Compreende a negocia\u00e7\u00e3o, administra\u00e7\u00e3o e avalia\u00e7\u00e3o de contratos com fornecedores de servi\u00e7os e produtos.<\/p>\n\n\n\n<p><strong>Sobre o IEG<\/strong><\/p>\n\n\n\n<p>Em 2022, o IEG &#8211; Italian Exhibition Group,&nbsp;um dos principais organizadores de feiras e congressos da Europa, iniciou as opera\u00e7\u00f5es no Brasil com o objetivo de expandir sua atua\u00e7\u00e3o no pa\u00eds com o grupo IEG Brasil. Atualmente, 11 feiras integram o portf\u00f3lio da empresa voltadas aos segmentos de fitness, sa\u00fade, bem-estar, esquadrias, tratamento de superf\u00edcie, geotecnologia, drones, espacial, facilities e constru\u00e7\u00e3o: BTFF &#8211; Brasil Trading Fitness Fair, Fesqua, Fesqua Vetro, Ebrats, Feipat, DroneShow, MundoGEO Connect, SpaceBR, e-VTOL, Expo InfraFM e&nbsp;Smart City Business Brasil.<\/p>\n\n\n\n<p><br>O IEG &#8211; Italian Exhibition Group, listado na Bolsa de Mil\u00e3o, se consolidou como l\u00edder na organiza\u00e7\u00e3o de feiras de neg\u00f3cios e congressos na It\u00e1lia e \u00e9 conhecido por sua atua\u00e7\u00e3o em seis categorias:&nbsp;Alimentos &amp; Bebidas; Joalheria &amp; Moda; Bem-Estar, Esporte &amp; Lazer; Turismo &amp; Hospitalidade; Lifestyle &amp; Inova\u00e7\u00e3o; Ambiente &amp; Tecnologia. Hoje, o grupo \u00e9 respons\u00e1vel pela organiza\u00e7\u00e3o de mais de 50 feiras e 190 eventos e congressos. Nos \u00faltimos anos, deu in\u00edcio a um processo de expans\u00e3o no exterior, com aquisi\u00e7\u00f5es e parcerias estrat\u00e9gicas em pa\u00edses como Estados Unidos, Emirados \u00c1rabes, China e Brasil.&nbsp;Em 2023, a empresa faturou \u20ac 212.4 milh\u00f5es, valor 32% maior que o ano anterior, com EBITDA de \u20ac 49.5 milh\u00f5es. Mais informa\u00e7\u00f5es:&nbsp;<a href=\"https:\/\/www.iegexpo.it\/\" target=\"_blank\" rel=\"noreferrer noopener\"><u>www.iegexpo.it\/<\/u><\/a><\/p>\n\n\n\n<p><\/p>\n","protected":false},"excerpt":{"rendered":"<p>Evento sobre Facility Management acontece entre os dias 9 e 11 de junho deste ano no Expo Center Norte,em S\u00e3o Paulo. Garantir um ambiente seguro, saud\u00e1vel e produtivo, al\u00e9m de funcionar de maneira eficiente, exige grandes doses de planejamento e execu\u00e7\u00e3o. \u00c9 esse o conceito de Facility Management (FM), em outras palavras, a gest\u00e3o inteligente [&hellip;]<\/p>\n","protected":false},"author":3,"featured_media":4330,"comment_status":"open","ping_status":"open","sticky":false,"template":"","format":"standard","meta":{"footnotes":""},"categories":[23],"tags":[],"class_list":{"0":"post-4328","1":"post","2":"type-post","3":"status-publish","4":"format-standard","5":"has-post-thumbnail","7":"category-feirasdenegocios"},"_links":{"self":[{"href":"https:\/\/tveventos.tv.br\/index.php?rest_route=\/wp\/v2\/posts\/4328","targetHints":{"allow":["GET"]}}],"collection":[{"href":"https:\/\/tveventos.tv.br\/index.php?rest_route=\/wp\/v2\/posts"}],"about":[{"href":"https:\/\/tveventos.tv.br\/index.php?rest_route=\/wp\/v2\/types\/post"}],"author":[{"embeddable":true,"href":"https:\/\/tveventos.tv.br\/index.php?rest_route=\/wp\/v2\/users\/3"}],"replies":[{"embeddable":true,"href":"https:\/\/tveventos.tv.br\/index.php?rest_route=%2Fwp%2Fv2%2Fcomments&post=4328"}],"version-history":[{"count":1,"href":"https:\/\/tveventos.tv.br\/index.php?rest_route=\/wp\/v2\/posts\/4328\/revisions"}],"predecessor-version":[{"id":4331,"href":"https:\/\/tveventos.tv.br\/index.php?rest_route=\/wp\/v2\/posts\/4328\/revisions\/4331"}],"wp:featuredmedia":[{"embeddable":true,"href":"https:\/\/tveventos.tv.br\/index.php?rest_route=\/wp\/v2\/media\/4330"}],"wp:attachment":[{"href":"https:\/\/tveventos.tv.br\/index.php?rest_route=%2Fwp%2Fv2%2Fmedia&parent=4328"}],"wp:term":[{"taxonomy":"category","embeddable":true,"href":"https:\/\/tveventos.tv.br\/index.php?rest_route=%2Fwp%2Fv2%2Fcategories&post=4328"},{"taxonomy":"post_tag","embeddable":true,"href":"https:\/\/tveventos.tv.br\/index.php?rest_route=%2Fwp%2Fv2%2Ftags&post=4328"}],"curies":[{"name":"wp","href":"https:\/\/api.w.org\/{rel}","templated":true}]}}