{"id":4332,"date":"2025-03-06T14:13:50","date_gmt":"2025-03-06T17:13:50","guid":{"rendered":"https:\/\/tveventos.tv.br\/?p=4332"},"modified":"2025-03-06T14:13:51","modified_gmt":"2025-03-06T17:13:51","slug":"feicon-ira-eleger-os-produtos-mais-inovadores-do-setor","status":"publish","type":"post","link":"https:\/\/tveventos.tv.br\/?p=4332","title":{"rendered":"FEICON ir\u00e1 eleger os produtos mais inovadores do setor"},"content":{"rendered":"\n<p class=\"has-text-align-center\"><em>Iniciativa visa divulgar lan\u00e7amentos da FEICON 2025 que se destacam por tecnologia, design e funcionalidade. Inscri\u00e7\u00f5es seguem at\u00e9 o dia 17 de mar\u00e7o pelo Portal do Expositor<\/em>.<\/p>\n\n\n\n<p>A inova\u00e7\u00e3o tem sido um dos principais motores de transforma\u00e7\u00e3o no setor de materiais de constru\u00e7\u00e3o, impulsionando novas tecnologias, designs modernos e solu\u00e7\u00f5es mais eficientes para o mercado. Com o objetivo de destacar esses avan\u00e7os e dar visibilidade aos lan\u00e7amentos mais promissores, a FEICON \u2013 Feira Internacional da Constru\u00e7\u00e3o Civil, em parceria com Grau 10 Editora, promove o \u201cSelo Inova\u00e7\u00e3o Varejo FEICON by GRAU 10\u201d. A iniciativa tem curadoria da Revista Anamaco.<\/p>\n\n\n\n<p>Para participar, os expositores devem apresentar um produto rec\u00e9m-lan\u00e7ado (de maio de 2024 a mar\u00e7o de 2025) ou com previs\u00e3o de lan\u00e7amento ainda neste ano. \u00c9 necess\u00e1rio tamb\u00e9m que ele esteja dispon\u00edvel para comercializa\u00e7\u00e3o no varejo de materiais de constru\u00e7\u00e3o, podendo ser distribu\u00eddo em n\u00edvel regional ou nacional por meio de home centers, lojas especializadas, distribuidoras e demais pontos de venda do setor.<\/p>\n\n\n\n<p>O item deve ainda estar exposto na FEICON 2025 \u2013 que ser\u00e1 realizada de 8 a 11 de abril, em S\u00e3o Paulo &#8211; e apresentar um diferencial inovador, seja por meio de novas tecnologias aplicadas \u00e0 solu\u00e7\u00e3o, um design inovador ou uma funcionalidade diferenciada que contribua para a moderniza\u00e7\u00e3o e melhoria do setor da constru\u00e7\u00e3o.<\/p>\n\n\n\n<p>\u201cO Selo Inova\u00e7\u00e3o Varejo refor\u00e7a o compromisso da FEICON em impulsionar a inova\u00e7\u00e3o no setor, dando visibilidade a produtos que podem transformar a experi\u00eancia do consumidor e do mercado\u201d, destaca o diretor da feira, Ivan Rom\u00e3o.<\/p>\n\n\n\n<p><strong>Sele\u00e7\u00e3o e premia\u00e7\u00e3o<\/strong><\/p>\n\n\n\n<p>A premia\u00e7\u00e3o ser\u00e1 realizada em duas etapas. Na primeira fase, a equipe da Grau 10 Editora avaliar\u00e1 os produtos inscritos com base em crit\u00e9rios t\u00e9cnicos, selecionando aqueles que receber\u00e3o o Selo Inova\u00e7\u00e3o Varejo. Os produtos aprovados ter\u00e3o ampla divulga\u00e7\u00e3o e ser\u00e3o expostos em uma \u00e1rea de destaque na FEICON 2025, com totens interativos e QR codes que permitir\u00e3o aos visitantes conhecer mais sobre cada solu\u00e7\u00e3o.<\/p>\n\n\n\n<p>Na segunda etapa, entre os dias 8 e 10 de abril, o p\u00fablico visitante da FEICON poder\u00e1 votar nos produtos selecionados, definindo as tr\u00eas melhores inova\u00e7\u00f5es da 29\u00aa edi\u00e7\u00e3o. A vota\u00e7\u00e3o ser\u00e1 realizada por meio de dispositivos eletr\u00f4nicos dispon\u00edveis no espa\u00e7o da mostra dentro do S\u00e3o Paulo Expo, onde acontece a feira. Os tr\u00eas mais votados ser\u00e3o anunciados no dia 11 de abril, \u00faltimo dia do evento.&nbsp;<\/p>\n\n\n\n<p>Segundo Beth Bridi, diretora de reda\u00e7\u00e3o da Grau 10 Editora, o Selo destaca as solu\u00e7\u00f5es que realmente impactam o setor e, mais do que um reconhecimento, \u00e9 tido como uma estrat\u00e9gia de mercado. \u201cMais do que um reconhecimento, o Selo ajuda os profissionais a identificarem lan\u00e7amentos relevantes e valoriza empresas que investem em tecnologia e novas aplica\u00e7\u00f5es. A curadoria da Revista Anamaco assegura uma sele\u00e7\u00e3o criteriosa, garantindo que os produtos escolhidos tragam inova\u00e7\u00e3o com aplicabilidade real no mercado\u201d, afirma.<\/p>\n\n\n\n<p><strong>Inscri\u00e7\u00f5es<\/strong><\/p>\n\n\n\n<p>As inscri\u00e7\u00f5es para o Selo Inova\u00e7\u00e3o Varejo j\u00e1 est\u00e3o abertas e seguem at\u00e9 o dia 17 de mar\u00e7o pelo&nbsp;<a href=\"https:\/\/portal.reedalcantara.com.br\/login\/\" target=\"_blank\" rel=\"noreferrer noopener\">Portal do Expositor<\/a>. A sele\u00e7\u00e3o dos produtos ocorrer\u00e1 entre os dias 18 e 28 de mar\u00e7o, com a divulga\u00e7\u00e3o dos classificados na Etapa 1 prevista para 31 de mar\u00e7o.&nbsp;<\/p>\n\n\n\n<p>\u201cO Selo Inova\u00e7\u00e3o Varejo cresce a cada edi\u00e7\u00e3o e, para 2025, esperamos ainda mais participa\u00e7\u00e3o e engajamento. Com o p\u00fablico cada vez mais focado em efici\u00eancia e sustentabilidade, o selo se torna uma ferramenta essencial para destacar as principais novidades do setor\u201d, completa Beth.<\/p>\n\n\n\n<p>Para mais informa\u00e7\u00f5es, os interessados devem acessar o site oficial da FEICON (<a href=\"https:\/\/www.feicon.com.br\/\" target=\"_blank\" rel=\"noreferrer noopener\">www.feicon.com.br<\/a>).<\/p>\n\n\n\n<p><strong>Credenciamento<\/strong><\/p>\n\n\n\n<p>O credenciamento para a FEICON 2025 est\u00e1 aberto. On-line e gratuito, ele \u00e9 v\u00e1lido para&nbsp;<a href=\"https:\/\/na.eventscloud.com\/ereg\/newreg.php?eventid=820979&amp;categoryid=5525160&amp;_gl=1*8ys4nh*_ga*MTIwODI2Njg3LjE3MjYwODMzNzg.*_ga_8YR3216FZP*MTczNjc3MzU4OS45NS4xLjE3MzY3ODAwNTAuMC4wLjA.\" target=\"_blank\" rel=\"noreferrer noopener\">visitantes<\/a>,<a href=\"https:\/\/na.eventscloud.com\/ereg\/newreg.php?eventid=820979&amp;categoryid=5525163&amp;_gl=1*1v8tqjx*_ga*MTIwODI2Njg3LjE3MjYwODMzNzg.*_ga_8YR3216FZP*MTczNjc3MzU4OS45NS4xLjE3MzY3ODAwMTguMC4wLjA\" target=\"_blank\" rel=\"noreferrer noopener\">&nbsp;imprensa<\/a>&nbsp;e<a href=\"https:\/\/na.eventscloud.com\/ereg\/newreg.php?eventid=820979&amp;categoryid=5525151&amp;_gl=1*1evkofk*_ga*MTIwODI2Njg3LjE3MjYwODMzNzg.*_ga_8YR3216FZP*MTczNjc3MzU4OS45NS4xLjE3MzY3ODAwMzYuMC4wLjA\" target=\"_blank\" rel=\"noreferrer noopener\">&nbsp;assessorias<\/a>&nbsp;e pode ser feito por meio do<a href=\"https:\/\/www.feicon.com.br\/\" target=\"_blank\" rel=\"noreferrer noopener\">&nbsp;site<\/a>.&nbsp;<\/p>\n\n\n\n<p><strong>Sobre a FEICON<\/strong><\/p>\n\n\n\n<p>Com 29 edi\u00e7\u00f5es, a FEICON \u00e9 o principal evento voltado para os mercados de constru\u00e7\u00e3o civil e arquitetura na Am\u00e9rica Latina, reconhecido como o ambiente perfeito para atualiza\u00e7\u00e3o, vis\u00e3o estrat\u00e9gica, inova\u00e7\u00e3o e contato direto com os principais players da constru\u00e7\u00e3o civil e arquitetura. Para mais informa\u00e7\u00f5es acesse o&nbsp;<a href=\"https:\/\/www.feicon.com.br\/\" target=\"_blank\" rel=\"noreferrer noopener\">Link<\/a>.<\/p>\n\n\n\n<p><strong>RX<\/strong><\/p>\n\n\n\n<p>A&nbsp;<a href=\"https:\/\/www.rxglobal.com\/rx-brazil\" target=\"_blank\" rel=\"noreferrer noopener\">RX<\/a>&nbsp;oferece oportunidades de conex\u00e3o e desenvolvimento de neg\u00f3cios para indiv\u00edduos, comunidades e organiza\u00e7\u00f5es. Utilizando o poder dos eventos presenciais e combinando-os com dados e produtos digitais, a&nbsp;<a href=\"https:\/\/www.rxglobal.com\/rx-brazil\" target=\"_blank\" rel=\"noreferrer noopener\">RX<\/a>&nbsp;conecta pessoas por meio de experi\u00eancias e oportunidades comerciais em mais de 350 eventos realizados anualmente em 25 pa\u00edses, abrangendo 42 setores econ\u00f4micos diferentes. Dedicada a gerar impactos positivos na sociedade, a empresa est\u00e1 comprometida com a cria\u00e7\u00e3o de um ambiente de trabalho inclusivo para todos. A&nbsp;<a href=\"https:\/\/www.rxglobal.com\/rx-brazil\" target=\"_blank\" rel=\"noreferrer noopener\">RX<\/a>&nbsp;\u00e9 uma divis\u00e3o da RELX, um provedor global de an\u00e1lises e ferramentas de decis\u00e3o baseadas em informa\u00e7\u00f5es para profissionais e clientes corporativos.<\/p>\n\n\n\n<p><a href=\"https:\/\/www.rxglobal.com\/rx-brazil\" target=\"_blank\" rel=\"noreferrer noopener\">RX<\/a><strong>&nbsp;\u2013 In the business of building businesses<\/strong><\/p>\n\n\n\n<p><a href=\"https:\/\/www.rxglobal.com\/rx-brazil\" target=\"_blank\" rel=\"noreferrer noopener\">www.rxglobal.com\/rx-brazil<\/a><\/p>\n\n\n\n<p><strong>RELX<\/strong><\/p>\n\n\n\n<p>A RELX \u00e9 uma provedora global de ferramentas de an\u00e1lise e decis\u00e3o baseadas em informa\u00e7\u00f5es, atendendo clientes profissionais e empresariais em mais de 180 pa\u00edses, com escrit\u00f3rios em aproximadamente 40 pa\u00edses. Empregando mais de 36.000 pessoas, mais de 40% delas na Am\u00e9rica do Norte, a RELX se destaca no mercado global. As a\u00e7\u00f5es da RELX PLC, empresa controladora, s\u00e3o negociadas nas Bolsas de Valores de Londres, Amsterd\u00e3 e Nova York, sob os s\u00edmbolos: Londres: REL; Amsterd\u00e3: REN; Nova York: RELX.<\/p>\n\n\n\n<p>*Nota: A capitaliza\u00e7\u00e3o de mercado atual pode ser encontrada no&nbsp;<a href=\"https:\/\/www.relx.com\/investors\" target=\"_blank\" rel=\"noreferrer noopener\">Link<\/a>.<\/p>\n","protected":false},"excerpt":{"rendered":"<p>Iniciativa visa divulgar lan\u00e7amentos da FEICON 2025 que se destacam por tecnologia, design e funcionalidade. Inscri\u00e7\u00f5es seguem at\u00e9 o dia 17 de mar\u00e7o pelo Portal do Expositor. A inova\u00e7\u00e3o tem sido um dos principais motores de transforma\u00e7\u00e3o no setor de materiais de constru\u00e7\u00e3o, impulsionando novas tecnologias, designs modernos e solu\u00e7\u00f5es mais eficientes para o mercado. [&hellip;]<\/p>\n","protected":false},"author":3,"featured_media":4334,"comment_status":"open","ping_status":"open","sticky":false,"template":"","format":"standard","meta":{"footnotes":""},"categories":[23],"tags":[],"class_list":{"0":"post-4332","1":"post","2":"type-post","3":"status-publish","4":"format-standard","5":"has-post-thumbnail","7":"category-feirasdenegocios"},"_links":{"self":[{"href":"https:\/\/tveventos.tv.br\/index.php?rest_route=\/wp\/v2\/posts\/4332","targetHints":{"allow":["GET"]}}],"collection":[{"href":"https:\/\/tveventos.tv.br\/index.php?rest_route=\/wp\/v2\/posts"}],"about":[{"href":"https:\/\/tveventos.tv.br\/index.php?rest_route=\/wp\/v2\/types\/post"}],"author":[{"embeddable":true,"href":"https:\/\/tveventos.tv.br\/index.php?rest_route=\/wp\/v2\/users\/3"}],"replies":[{"embeddable":true,"href":"https:\/\/tveventos.tv.br\/index.php?rest_route=%2Fwp%2Fv2%2Fcomments&post=4332"}],"version-history":[{"count":1,"href":"https:\/\/tveventos.tv.br\/index.php?rest_route=\/wp\/v2\/posts\/4332\/revisions"}],"predecessor-version":[{"id":4335,"href":"https:\/\/tveventos.tv.br\/index.php?rest_route=\/wp\/v2\/posts\/4332\/revisions\/4335"}],"wp:featuredmedia":[{"embeddable":true,"href":"https:\/\/tveventos.tv.br\/index.php?rest_route=\/wp\/v2\/media\/4334"}],"wp:attachment":[{"href":"https:\/\/tveventos.tv.br\/index.php?rest_route=%2Fwp%2Fv2%2Fmedia&parent=4332"}],"wp:term":[{"taxonomy":"category","embeddable":true,"href":"https:\/\/tveventos.tv.br\/index.php?rest_route=%2Fwp%2Fv2%2Fcategories&post=4332"},{"taxonomy":"post_tag","embeddable":true,"href":"https:\/\/tveventos.tv.br\/index.php?rest_route=%2Fwp%2Fv2%2Ftags&post=4332"}],"curies":[{"name":"wp","href":"https:\/\/api.w.org\/{rel}","templated":true}]}}