{"id":4338,"date":"2025-03-06T14:30:24","date_gmt":"2025-03-06T17:30:24","guid":{"rendered":"https:\/\/tveventos.tv.br\/?p=4338"},"modified":"2025-03-06T14:30:25","modified_gmt":"2025-03-06T17:30:25","slug":"xiv-salao-das-motopecas","status":"publish","type":"post","link":"https:\/\/tveventos.tv.br\/?p=4338","title":{"rendered":"XIV SAL\u00c3O DAS MOTOPE\u00c7AS"},"content":{"rendered":"\n<p>Conhecido como Sal\u00e3o das Motope\u00e7as, est\u00e1 em sua 14\u00aa edi\u00e7\u00e3o. O evento \u00e9 a maior feira do segmento e re\u00fane as principais empresas do setor e \u00e9 o ambiente adequado para a realiza\u00e7\u00e3o de neg\u00f3cios com quem entende de motope\u00e7as e acess\u00f3rios. S\u00e3o mais de 200 marcas divididas em mais de 100 expositores, que v\u00e3o mostrar seus lan\u00e7amentos, novidades e tend\u00eancias de mercado em 4 dias de feira e interagir com um p\u00fablico qualificado, composto por potenciais compradores de toda a cadeia do segmento de motope\u00e7as.<\/p>\n\n\n\n<p>O Sal\u00e3o das Motope\u00e7as gera uma grande intera\u00e7\u00e3o entre as empresas e os visitantes que buscam neg\u00f3cios, desenvolver parcerias, conhecer novos produtos e representar as marcas em suas regi\u00f5es, proporcionando ao expositor a amplia\u00e7\u00e3o de sua rede de relacionamento e por consequ\u00eancia a cria\u00e7\u00e3o de \u00f3timas oportunidades.<\/p>\n\n\n\n<p>Junte-se a n\u00f3s nos dias 11 a 14 de Mar\u00e7o, das 14:00h \u00e0s 20:00h no Expo Center Norte.<\/p>\n\n\n\n<p>Endere\u00e7o: Rua Jos\u00e9 Bernardo Pinto 333, S\u00e3o Paulo, SP, 02055-000<\/p>\n\n\n\n<p><\/p>\n","protected":false},"excerpt":{"rendered":"<p>Conhecido como Sal\u00e3o das Motope\u00e7as, est\u00e1 em sua 14\u00aa edi\u00e7\u00e3o. O evento \u00e9 a maior feira do segmento e re\u00fane as principais empresas do setor e \u00e9 o ambiente adequado para a realiza\u00e7\u00e3o de neg\u00f3cios com quem entende de motope\u00e7as e acess\u00f3rios. S\u00e3o mais de 200 marcas divididas em mais de 100 expositores, que v\u00e3o [&hellip;]<\/p>\n","protected":false},"author":3,"featured_media":4340,"comment_status":"open","ping_status":"open","sticky":false,"template":"","format":"standard","meta":{"footnotes":""},"categories":[25],"tags":[],"class_list":{"0":"post-4338","1":"post","2":"type-post","3":"status-publish","4":"format-standard","5":"has-post-thumbnail","7":"category-calendariodeeventos"},"_links":{"self":[{"href":"https:\/\/tveventos.tv.br\/index.php?rest_route=\/wp\/v2\/posts\/4338","targetHints":{"allow":["GET"]}}],"collection":[{"href":"https:\/\/tveventos.tv.br\/index.php?rest_route=\/wp\/v2\/posts"}],"about":[{"href":"https:\/\/tveventos.tv.br\/index.php?rest_route=\/wp\/v2\/types\/post"}],"author":[{"embeddable":true,"href":"https:\/\/tveventos.tv.br\/index.php?rest_route=\/wp\/v2\/users\/3"}],"replies":[{"embeddable":true,"href":"https:\/\/tveventos.tv.br\/index.php?rest_route=%2Fwp%2Fv2%2Fcomments&post=4338"}],"version-history":[{"count":1,"href":"https:\/\/tveventos.tv.br\/index.php?rest_route=\/wp\/v2\/posts\/4338\/revisions"}],"predecessor-version":[{"id":4341,"href":"https:\/\/tveventos.tv.br\/index.php?rest_route=\/wp\/v2\/posts\/4338\/revisions\/4341"}],"wp:featuredmedia":[{"embeddable":true,"href":"https:\/\/tveventos.tv.br\/index.php?rest_route=\/wp\/v2\/media\/4340"}],"wp:attachment":[{"href":"https:\/\/tveventos.tv.br\/index.php?rest_route=%2Fwp%2Fv2%2Fmedia&parent=4338"}],"wp:term":[{"taxonomy":"category","embeddable":true,"href":"https:\/\/tveventos.tv.br\/index.php?rest_route=%2Fwp%2Fv2%2Fcategories&post=4338"},{"taxonomy":"post_tag","embeddable":true,"href":"https:\/\/tveventos.tv.br\/index.php?rest_route=%2Fwp%2Fv2%2Ftags&post=4338"}],"curies":[{"name":"wp","href":"https:\/\/api.w.org\/{rel}","templated":true}]}}