{"id":4342,"date":"2025-03-06T14:45:29","date_gmt":"2025-03-06T17:45:29","guid":{"rendered":"https:\/\/tveventos.tv.br\/?p=4342"},"modified":"2025-03-06T14:45:31","modified_gmt":"2025-03-06T17:45:31","slug":"new-meat-brazil-2025","status":"publish","type":"post","link":"https:\/\/tveventos.tv.br\/?p=4342","title":{"rendered":"NEW MEAT BRAZIL 2025"},"content":{"rendered":"\n<p>O primeiro e \u00fanico evento dedicado exclusivamente \u00e0 ind\u00fastria de carnes cultivadas e prote\u00ednas alternativas.<\/p>\n\n\n\n<p>Como fornecer prote\u00ednas para uma popula\u00e7\u00e3o que deve atingir 10 bilh\u00f5es de pessoas, sem agredir o meio ambiente? Esta \u00e9 a preocupa\u00e7\u00e3o mundial da ind\u00fastria de alimentos e \u00f3rg\u00e3os governamentais.<\/p>\n\n\n\n<p>Este cen\u00e1rio fez nascer oportunidades para gera\u00e7\u00e3o de novos alimentos e o aprimoramento da sustentabilidade das produ\u00e7\u00f5es atuais. Frente a esse desafio, a carne cultivada em laborat\u00f3rio tem ganhado espa\u00e7o e aparenta ser um setor promissor. Mas afinal, como \u00e9 poss\u00edvel criar carne em laborat\u00f3rio, quais os entraves, vantagens e desvantagens dessa produ\u00e7\u00e3o? As respostas est\u00e3o na NEW MEAT BRAZIL.<\/p>\n\n\n\n<p>Junte-se a n\u00f3s nos dias 14 e 15 de Mar\u00e7o, das 10:00h \u00e0s 18:00h no Centro de Conven\u00e7\u00f5es Frei Caneca &#8211; 6\u00ba andar, S\u00e3o Paulo<\/p>\n\n\n\n<p>Endere\u00e7o: Rua Frei Caneca 569, S\u00e3o Paulo, SP, 01307-001<\/p>\n\n\n\n<p><\/p>\n\n\n\n<p><\/p>\n","protected":false},"excerpt":{"rendered":"<p>O primeiro e \u00fanico evento dedicado exclusivamente \u00e0 ind\u00fastria de carnes cultivadas e prote\u00ednas alternativas. Como fornecer prote\u00ednas para uma popula\u00e7\u00e3o que deve atingir 10 bilh\u00f5es de pessoas, sem agredir o meio ambiente? Esta \u00e9 a preocupa\u00e7\u00e3o mundial da ind\u00fastria de alimentos e \u00f3rg\u00e3os governamentais. Este cen\u00e1rio fez nascer oportunidades para gera\u00e7\u00e3o de novos alimentos [&hellip;]<\/p>\n","protected":false},"author":3,"featured_media":4343,"comment_status":"open","ping_status":"open","sticky":false,"template":"","format":"standard","meta":{"footnotes":""},"categories":[25],"tags":[],"class_list":{"0":"post-4342","1":"post","2":"type-post","3":"status-publish","4":"format-standard","5":"has-post-thumbnail","7":"category-calendariodeeventos"},"_links":{"self":[{"href":"https:\/\/tveventos.tv.br\/index.php?rest_route=\/wp\/v2\/posts\/4342","targetHints":{"allow":["GET"]}}],"collection":[{"href":"https:\/\/tveventos.tv.br\/index.php?rest_route=\/wp\/v2\/posts"}],"about":[{"href":"https:\/\/tveventos.tv.br\/index.php?rest_route=\/wp\/v2\/types\/post"}],"author":[{"embeddable":true,"href":"https:\/\/tveventos.tv.br\/index.php?rest_route=\/wp\/v2\/users\/3"}],"replies":[{"embeddable":true,"href":"https:\/\/tveventos.tv.br\/index.php?rest_route=%2Fwp%2Fv2%2Fcomments&post=4342"}],"version-history":[{"count":1,"href":"https:\/\/tveventos.tv.br\/index.php?rest_route=\/wp\/v2\/posts\/4342\/revisions"}],"predecessor-version":[{"id":4344,"href":"https:\/\/tveventos.tv.br\/index.php?rest_route=\/wp\/v2\/posts\/4342\/revisions\/4344"}],"wp:featuredmedia":[{"embeddable":true,"href":"https:\/\/tveventos.tv.br\/index.php?rest_route=\/wp\/v2\/media\/4343"}],"wp:attachment":[{"href":"https:\/\/tveventos.tv.br\/index.php?rest_route=%2Fwp%2Fv2%2Fmedia&parent=4342"}],"wp:term":[{"taxonomy":"category","embeddable":true,"href":"https:\/\/tveventos.tv.br\/index.php?rest_route=%2Fwp%2Fv2%2Fcategories&post=4342"},{"taxonomy":"post_tag","embeddable":true,"href":"https:\/\/tveventos.tv.br\/index.php?rest_route=%2Fwp%2Fv2%2Ftags&post=4342"}],"curies":[{"name":"wp","href":"https:\/\/api.w.org\/{rel}","templated":true}]}}