{"id":4346,"date":"2025-03-06T15:00:07","date_gmt":"2025-03-06T18:00:07","guid":{"rendered":"https:\/\/tveventos.tv.br\/?p=4346"},"modified":"2025-03-06T15:00:08","modified_gmt":"2025-03-06T18:00:08","slug":"plant-based-tech","status":"publish","type":"post","link":"https:\/\/tveventos.tv.br\/?p=4346","title":{"rendered":"PLANT BASED TECH"},"content":{"rendered":"\n<p>Ao \u00fanico evento de neg\u00f3cios que traz todo universo PLANT-BASED: da tecnologia de produ\u00e7\u00e3o ao produto final<\/p>\n\n\n\n<p>O Brasil \u00e9 um dos mais promissores mercados para o setor PLANT-BASED. A nova gera\u00e7\u00e3o busca alimentos sustent\u00e1veis e produtos que n\u00e3o agridam o meio ambiente. Mais e mais empres\u00e1rio est\u00e3o buscando op\u00e7\u00f5es que atendam este consumidor.\u00a0A edi\u00e7\u00e3o de 2025 vem com a miss\u00e3o de ultrapassar barreiras e ampliar o mercado. Vamos discutir gargalos, aproximar os elos da cadeia, apresentar novas solu\u00e7\u00f5es, ampliar o conhecimento e networking, com foco para nas tecnologias, produ\u00e7\u00e3o, comercializa\u00e7\u00e3o e consumo.<\/p>\n\n\n\n<p>Junte-se a n\u00f3s nos dias 14 e 15 de Mar\u00e7o, das 10:00h \u00e0s 18:00h no Centro de Conven\u00e7\u00f5es Frei Caneca &#8211; 6\u00ba andar, S\u00e3o Paulo<\/p>\n\n\n\n<p>Endere\u00e7o: Rua Frei Caneca 569, S\u00e3o Paulo, SP, 01307-001<\/p>\n\n\n\n<p><\/p>\n\n\n\n<p><\/p>\n","protected":false},"excerpt":{"rendered":"<p>Ao \u00fanico evento de neg\u00f3cios que traz todo universo PLANT-BASED: da tecnologia de produ\u00e7\u00e3o ao produto final O Brasil \u00e9 um dos mais promissores mercados para o setor PLANT-BASED. A nova gera\u00e7\u00e3o busca alimentos sustent\u00e1veis e produtos que n\u00e3o agridam o meio ambiente. Mais e mais empres\u00e1rio est\u00e3o buscando op\u00e7\u00f5es que atendam este consumidor.\u00a0A edi\u00e7\u00e3o [&hellip;]<\/p>\n","protected":false},"author":3,"featured_media":4347,"comment_status":"open","ping_status":"open","sticky":false,"template":"","format":"standard","meta":{"footnotes":""},"categories":[25],"tags":[],"class_list":{"0":"post-4346","1":"post","2":"type-post","3":"status-publish","4":"format-standard","5":"has-post-thumbnail","7":"category-calendariodeeventos"},"_links":{"self":[{"href":"https:\/\/tveventos.tv.br\/index.php?rest_route=\/wp\/v2\/posts\/4346","targetHints":{"allow":["GET"]}}],"collection":[{"href":"https:\/\/tveventos.tv.br\/index.php?rest_route=\/wp\/v2\/posts"}],"about":[{"href":"https:\/\/tveventos.tv.br\/index.php?rest_route=\/wp\/v2\/types\/post"}],"author":[{"embeddable":true,"href":"https:\/\/tveventos.tv.br\/index.php?rest_route=\/wp\/v2\/users\/3"}],"replies":[{"embeddable":true,"href":"https:\/\/tveventos.tv.br\/index.php?rest_route=%2Fwp%2Fv2%2Fcomments&post=4346"}],"version-history":[{"count":1,"href":"https:\/\/tveventos.tv.br\/index.php?rest_route=\/wp\/v2\/posts\/4346\/revisions"}],"predecessor-version":[{"id":4348,"href":"https:\/\/tveventos.tv.br\/index.php?rest_route=\/wp\/v2\/posts\/4346\/revisions\/4348"}],"wp:featuredmedia":[{"embeddable":true,"href":"https:\/\/tveventos.tv.br\/index.php?rest_route=\/wp\/v2\/media\/4347"}],"wp:attachment":[{"href":"https:\/\/tveventos.tv.br\/index.php?rest_route=%2Fwp%2Fv2%2Fmedia&parent=4346"}],"wp:term":[{"taxonomy":"category","embeddable":true,"href":"https:\/\/tveventos.tv.br\/index.php?rest_route=%2Fwp%2Fv2%2Fcategories&post=4346"},{"taxonomy":"post_tag","embeddable":true,"href":"https:\/\/tveventos.tv.br\/index.php?rest_route=%2Fwp%2Fv2%2Ftags&post=4346"}],"curies":[{"name":"wp","href":"https:\/\/api.w.org\/{rel}","templated":true}]}}