{"id":4350,"date":"2025-03-06T15:10:35","date_gmt":"2025-03-06T18:10:35","guid":{"rendered":"https:\/\/tveventos.tv.br\/?p=4350"},"modified":"2025-03-06T15:10:36","modified_gmt":"2025-03-06T18:10:36","slug":"fespa-brasil-2025","status":"publish","type":"post","link":"https:\/\/tveventos.tv.br\/?p=4350","title":{"rendered":"FESPA BRASIL 2025"},"content":{"rendered":"\n<p>Em uma \u00e1rea de exposi\u00e7\u00e3o ampla e moderna, a FESPA Digital Printing oferece aos visitantes a oportunidade de conhecer as principais tend\u00eancias e tecnologias do mercado de impress\u00e3o digital. S\u00e3o centenas de expositores apresentando equipamentos de \u00faltima gera\u00e7\u00e3o, softwares, insumos, solu\u00e7\u00f5es de automa\u00e7\u00e3o, gerenciamento de cores, acabamentos e servi\u00e7os personalizados para um p\u00fablico altamente qualificado, com pleno poder de decis\u00e3o e influ\u00eancia direta na indica\u00e7\u00e3o de marca e produto durante um novo investimento.<\/p>\n\n\n\n<p>Organizada pela APS e FESPA, a FESPA Digital Printing est\u00e1 empenhada no desenvolvimento do mercado de impress\u00e3o digital no pa\u00eds, abrindo espa\u00e7o para a discuss\u00e3o de temas relevantes para o setor, como sustentabilidade, efici\u00eancia na gest\u00e3o, vendas e automa\u00e7\u00e3o das etapas com a presen\u00e7a de tecnologias e solu\u00e7\u00f5es de ponta.<\/p>\n\n\n\n<p>Durante 4 dias, a feira vai reunir o mercado em um ambiente repleto de inova\u00e7\u00f5es, conhecimento, neg\u00f3cios e networking, ou seja, \u00e9 o momento perfeito para sua empresa apresentar solu\u00e7\u00f5es inovadoras, atrair novos clientes e fechar neg\u00f3cios durante sua realiza\u00e7\u00e3o e ainda aproveitar as in\u00fameras oportunidades que se estendem pelos meses seguintes.<\/p>\n\n\n\n<p>Junte-se a n\u00f3s nos dias 17 a 20 de Mar\u00e7o, das 13:00h \u00e0s 20:00h no Pavilh\u00e3o Azul do Expo Center Norte<\/p>\n\n\n\n<p>Endere\u00e7o: Rua Jos\u00e9 Bernardo Pinto 333, S\u00e3o Paulo, SP, 02055-000<\/p>\n","protected":false},"excerpt":{"rendered":"<p>Em uma \u00e1rea de exposi\u00e7\u00e3o ampla e moderna, a FESPA Digital Printing oferece aos visitantes a oportunidade de conhecer as principais tend\u00eancias e tecnologias do mercado de impress\u00e3o digital. S\u00e3o centenas de expositores apresentando equipamentos de \u00faltima gera\u00e7\u00e3o, softwares, insumos, solu\u00e7\u00f5es de automa\u00e7\u00e3o, gerenciamento de cores, acabamentos e servi\u00e7os personalizados para um p\u00fablico altamente qualificado, [&hellip;]<\/p>\n","protected":false},"author":3,"featured_media":4351,"comment_status":"open","ping_status":"open","sticky":false,"template":"","format":"standard","meta":{"footnotes":""},"categories":[25],"tags":[],"class_list":{"0":"post-4350","1":"post","2":"type-post","3":"status-publish","4":"format-standard","5":"has-post-thumbnail","7":"category-calendariodeeventos"},"_links":{"self":[{"href":"https:\/\/tveventos.tv.br\/index.php?rest_route=\/wp\/v2\/posts\/4350","targetHints":{"allow":["GET"]}}],"collection":[{"href":"https:\/\/tveventos.tv.br\/index.php?rest_route=\/wp\/v2\/posts"}],"about":[{"href":"https:\/\/tveventos.tv.br\/index.php?rest_route=\/wp\/v2\/types\/post"}],"author":[{"embeddable":true,"href":"https:\/\/tveventos.tv.br\/index.php?rest_route=\/wp\/v2\/users\/3"}],"replies":[{"embeddable":true,"href":"https:\/\/tveventos.tv.br\/index.php?rest_route=%2Fwp%2Fv2%2Fcomments&post=4350"}],"version-history":[{"count":1,"href":"https:\/\/tveventos.tv.br\/index.php?rest_route=\/wp\/v2\/posts\/4350\/revisions"}],"predecessor-version":[{"id":4352,"href":"https:\/\/tveventos.tv.br\/index.php?rest_route=\/wp\/v2\/posts\/4350\/revisions\/4352"}],"wp:featuredmedia":[{"embeddable":true,"href":"https:\/\/tveventos.tv.br\/index.php?rest_route=\/wp\/v2\/media\/4351"}],"wp:attachment":[{"href":"https:\/\/tveventos.tv.br\/index.php?rest_route=%2Fwp%2Fv2%2Fmedia&parent=4350"}],"wp:term":[{"taxonomy":"category","embeddable":true,"href":"https:\/\/tveventos.tv.br\/index.php?rest_route=%2Fwp%2Fv2%2Fcategories&post=4350"},{"taxonomy":"post_tag","embeddable":true,"href":"https:\/\/tveventos.tv.br\/index.php?rest_route=%2Fwp%2Fv2%2Ftags&post=4350"}],"curies":[{"name":"wp","href":"https:\/\/api.w.org\/{rel}","templated":true}]}}