{"id":4353,"date":"2025-03-06T15:29:58","date_gmt":"2025-03-06T18:29:58","guid":{"rendered":"https:\/\/tveventos.tv.br\/?p=4353"},"modified":"2025-03-06T15:29:59","modified_gmt":"2025-03-06T18:29:59","slug":"pesca-e-companhia-trade-show-2","status":"publish","type":"post","link":"https:\/\/tveventos.tv.br\/?p=4353","title":{"rendered":"PESCA E COMPANHIA TRADE SHOW"},"content":{"rendered":"\n<p>Desde sua funda\u00e7\u00e3o em 2007, a Pesca &amp; Companhia Trade Show surgiu como uma vitrine B2B de destaque, arquitetada para catalisar e alavancar a expans\u00e3o do mercado de Esportes Outdoor no Brasil, e com uma proposta de evento singular, cultivamos um ambiente prop\u00edcio \u00e0 concretiza\u00e7\u00e3o de bons neg\u00f3cios e ao avan\u00e7o ininterrupto do setor n\u00e3o s\u00f3 no Brasil mas em toda Am\u00e9rica Latina.<\/p>\n\n\n\n<p>Reunimos incansavelmente centenas de vision\u00e1rios produtores de materiais esportivos,lojistas e distribuidores, englobando um espectro diversificado de segmentos. A Pesca &amp; Companhia Trade Show, h\u00e1 16 anos, oferece uma atimosfera din\u00e2mica e altamente inspiradora, proporcionando o crescimento e a evolu\u00e7\u00e3o do cen\u00e1rio esportivo ao oferecer uma plataforma propulsora de neg\u00f3cios exclusivamente destinada a profissionais do setor.<\/p>\n\n\n\n<p>\u00danica feira especializada em Esportes Outdoor na Am\u00e9rica Latina,\u00a0onde a inova\u00e7\u00e3o, os neg\u00f3cios e o networking se encontram em um ambiente inspirador e estrat\u00e9gico. A PESCA &amp; COMPANHIA TRADE SHOW nasceu com o prop\u00f3sito de atender uma necessidade do segmento e hoje \u00e9 o melhor lugar para\u00a0 ind\u00fastrias, distribuidores e lojistas negociarem frente a frente.<\/p>\n\n\n\n<p>Junte-se a n\u00f3s nos dias 20 a 22 de Mar\u00e7o, das 13:00h \u00e0s 21:00h no Pavilh\u00e3o Anhembi<\/p>\n\n\n\n<p>Endere\u00e7o: Avenida Olavo Fontoura, N\u00b0 1. 209\/Santana, S\u00e3o Paulo, SP, 02012-021<br><\/p>\n","protected":false},"excerpt":{"rendered":"<p>Desde sua funda\u00e7\u00e3o em 2007, a Pesca &amp; Companhia Trade Show surgiu como uma vitrine B2B de destaque, arquitetada para catalisar e alavancar a expans\u00e3o do mercado de Esportes Outdoor no Brasil, e com uma proposta de evento singular, cultivamos um ambiente prop\u00edcio \u00e0 concretiza\u00e7\u00e3o de bons neg\u00f3cios e ao avan\u00e7o ininterrupto do setor n\u00e3o [&hellip;]<\/p>\n","protected":false},"author":3,"featured_media":4354,"comment_status":"open","ping_status":"open","sticky":false,"template":"","format":"standard","meta":{"footnotes":""},"categories":[25],"tags":[],"class_list":{"0":"post-4353","1":"post","2":"type-post","3":"status-publish","4":"format-standard","5":"has-post-thumbnail","7":"category-calendariodeeventos"},"_links":{"self":[{"href":"https:\/\/tveventos.tv.br\/index.php?rest_route=\/wp\/v2\/posts\/4353","targetHints":{"allow":["GET"]}}],"collection":[{"href":"https:\/\/tveventos.tv.br\/index.php?rest_route=\/wp\/v2\/posts"}],"about":[{"href":"https:\/\/tveventos.tv.br\/index.php?rest_route=\/wp\/v2\/types\/post"}],"author":[{"embeddable":true,"href":"https:\/\/tveventos.tv.br\/index.php?rest_route=\/wp\/v2\/users\/3"}],"replies":[{"embeddable":true,"href":"https:\/\/tveventos.tv.br\/index.php?rest_route=%2Fwp%2Fv2%2Fcomments&post=4353"}],"version-history":[{"count":1,"href":"https:\/\/tveventos.tv.br\/index.php?rest_route=\/wp\/v2\/posts\/4353\/revisions"}],"predecessor-version":[{"id":4355,"href":"https:\/\/tveventos.tv.br\/index.php?rest_route=\/wp\/v2\/posts\/4353\/revisions\/4355"}],"wp:featuredmedia":[{"embeddable":true,"href":"https:\/\/tveventos.tv.br\/index.php?rest_route=\/wp\/v2\/media\/4354"}],"wp:attachment":[{"href":"https:\/\/tveventos.tv.br\/index.php?rest_route=%2Fwp%2Fv2%2Fmedia&parent=4353"}],"wp:term":[{"taxonomy":"category","embeddable":true,"href":"https:\/\/tveventos.tv.br\/index.php?rest_route=%2Fwp%2Fv2%2Fcategories&post=4353"},{"taxonomy":"post_tag","embeddable":true,"href":"https:\/\/tveventos.tv.br\/index.php?rest_route=%2Fwp%2Fv2%2Ftags&post=4353"}],"curies":[{"name":"wp","href":"https:\/\/api.w.org\/{rel}","templated":true}]}}