{"id":4356,"date":"2025-03-06T15:48:24","date_gmt":"2025-03-06T18:48:24","guid":{"rendered":"https:\/\/tveventos.tv.br\/?p=4356"},"modified":"2025-03-06T15:48:25","modified_gmt":"2025-03-06T18:48:25","slug":"conexao-farma-2025","status":"publish","type":"post","link":"https:\/\/tveventos.tv.br\/?p=4356","title":{"rendered":"CONEX\u00c3O FARMA 2025"},"content":{"rendered":"\n<p>A Associa\u00e7\u00e3o Brasileira de Distribui\u00e7\u00e3o e Log\u00edstica de Produtos Farmac\u00eauticos (Abradilan) \u00e9 formada por empresas distribuidoras de medicamentos, produtos para a sa\u00fade, artigos de higiene pessoal e cosm\u00e9ticos no mercado.<\/p>\n\n\n\n<p>Tem como miss\u00e3o contribuir para o desenvolvimento e fortalecimento do mercado e de seus membros, promovendo a melhoria cont\u00ednua e eficaz de seus servi\u00e7os. Com o intuito de ser uma institui\u00e7\u00e3o reconhecida e relevante pela sua atua\u00e7\u00e3o na representatividade e no desenvolvimento sustent\u00e1vel dos seus associados, agregando valor para toda a cadeia farmac\u00eautica.<\/p>\n\n\n\n<p>O Conex\u00e3o Farma re\u00fane a ind\u00fastria, distribui\u00e7\u00e3o e varejo em uma feira gratuita promovida pela Abradilan no Expo Center Norte. Com mais de 170 expositores e 27 mil visitantes, \u00e9 uma oportunidade para descobrir lan\u00e7amentos, fazer neg\u00f3cios e ampliar o conhecimento.<\/p>\n\n\n\n<p>Junte-se a n\u00f3s nos dias 18 e 19 de Mar\u00e7o das 14:00h \u00e0s 21:00h| dia 20 de Mar\u00e7o das 14h \u00e0s 20h no Expo Center Norte<\/p>\n\n\n\n<p>Endere\u00e7o: Rua Jos\u00e9 Bernardo Pinto 333, S\u00e3o Paulo, SP, 02055-000\u00a0<br><\/p>\n","protected":false},"excerpt":{"rendered":"<p>A Associa\u00e7\u00e3o Brasileira de Distribui\u00e7\u00e3o e Log\u00edstica de Produtos Farmac\u00eauticos (Abradilan) \u00e9 formada por empresas distribuidoras de medicamentos, produtos para a sa\u00fade, artigos de higiene pessoal e cosm\u00e9ticos no mercado. Tem como miss\u00e3o contribuir para o desenvolvimento e fortalecimento do mercado e de seus membros, promovendo a melhoria cont\u00ednua e eficaz de seus servi\u00e7os. Com [&hellip;]<\/p>\n","protected":false},"author":3,"featured_media":4357,"comment_status":"open","ping_status":"open","sticky":false,"template":"","format":"standard","meta":{"footnotes":""},"categories":[25],"tags":[],"class_list":{"0":"post-4356","1":"post","2":"type-post","3":"status-publish","4":"format-standard","5":"has-post-thumbnail","7":"category-calendariodeeventos"},"_links":{"self":[{"href":"https:\/\/tveventos.tv.br\/index.php?rest_route=\/wp\/v2\/posts\/4356","targetHints":{"allow":["GET"]}}],"collection":[{"href":"https:\/\/tveventos.tv.br\/index.php?rest_route=\/wp\/v2\/posts"}],"about":[{"href":"https:\/\/tveventos.tv.br\/index.php?rest_route=\/wp\/v2\/types\/post"}],"author":[{"embeddable":true,"href":"https:\/\/tveventos.tv.br\/index.php?rest_route=\/wp\/v2\/users\/3"}],"replies":[{"embeddable":true,"href":"https:\/\/tveventos.tv.br\/index.php?rest_route=%2Fwp%2Fv2%2Fcomments&post=4356"}],"version-history":[{"count":1,"href":"https:\/\/tveventos.tv.br\/index.php?rest_route=\/wp\/v2\/posts\/4356\/revisions"}],"predecessor-version":[{"id":4358,"href":"https:\/\/tveventos.tv.br\/index.php?rest_route=\/wp\/v2\/posts\/4356\/revisions\/4358"}],"wp:featuredmedia":[{"embeddable":true,"href":"https:\/\/tveventos.tv.br\/index.php?rest_route=\/wp\/v2\/media\/4357"}],"wp:attachment":[{"href":"https:\/\/tveventos.tv.br\/index.php?rest_route=%2Fwp%2Fv2%2Fmedia&parent=4356"}],"wp:term":[{"taxonomy":"category","embeddable":true,"href":"https:\/\/tveventos.tv.br\/index.php?rest_route=%2Fwp%2Fv2%2Fcategories&post=4356"},{"taxonomy":"post_tag","embeddable":true,"href":"https:\/\/tveventos.tv.br\/index.php?rest_route=%2Fwp%2Fv2%2Ftags&post=4356"}],"curies":[{"name":"wp","href":"https:\/\/api.w.org\/{rel}","templated":true}]}}