{"id":4360,"date":"2025-03-07T15:10:28","date_gmt":"2025-03-07T18:10:28","guid":{"rendered":"https:\/\/tveventos.tv.br\/?p=4360"},"modified":"2025-03-07T15:10:29","modified_gmt":"2025-03-07T18:10:29","slug":"associacoes-setoriais-reforcam-protagonismo-na-nt-expo-2025","status":"publish","type":"post","link":"https:\/\/tveventos.tv.br\/?p=4360","title":{"rendered":"Associa\u00e7\u00f5es setoriais refor\u00e7am protagonismo na NT Expo 2025"},"content":{"rendered":"\n<p>A 23\u00aa edi\u00e7\u00e3o da NT Expo \u2013 Neg\u00f3cios nos Trilhos acontecer\u00e1 de 22 a 24 de abril, no Distrito Anhembi, sendo palco para debates e inova\u00e7\u00f5es que impactam diretamente o setor.<\/p>\n\n\n\n<p>O evento re\u00fane os principais players da ind\u00fastria e associa\u00e7\u00f5es setoriais que desempenham um papel fundamental na formula\u00e7\u00e3o de pol\u00edticas e no desenvolvimento ferrovi\u00e1rio do pa\u00eds.<\/p>\n\n\n\n<p>Para o presidente da Associa\u00e7\u00e3o Brasileira da Ind\u00fastria Ferrovi\u00e1ria (ABIFER), Vicente Abate, a NT Expo representa uma oportunidade \u00fanica de conectar expositores e um p\u00fablico altamente qualificado, interessado nas inova\u00e7\u00f5es tecnol\u00f3gicas para um transporte ferrovi\u00e1rio mais sustent\u00e1vel e eficiente.<\/p>\n\n\n\n<p>\u201cNeste ano, a pauta da Abifer \u00e9 mostrar ao p\u00fablico do evento as prioridades estabelecidas pela Frente Parlamentar para o Fortalecimento da Ind\u00fastria Ferrovi\u00e1ria Brasileira, lan\u00e7ada em 19 de junho de 2024, em Bras\u00edlia\u201d, diz Abate.<\/p>\n\n\n\n<p>A Frente Parlamentar apontou como prioridades a moderniza\u00e7\u00e3o da frota ferrovi\u00e1ria, substituindo equipamentos com mais de 50 anos por modelos tecnol\u00f3gicos sustent\u00e1veis.<\/p>\n\n\n\n<p>Eles reduzir\u00e3o significativamente o consumo de combust\u00edvel e a emiss\u00e3o de CO\u00b2, al\u00e9m de aumentar a produtividade e a seguran\u00e7a operacional.<\/p>\n\n\n\n<p>A iniciativa busca tamb\u00e9m isonomia tribut\u00e1ria para equilibrar a competitividade do setor e o apoio ao plano do Minist\u00e9rio dos Transportes para elevar a participa\u00e7\u00e3o ferrovi\u00e1ria na matriz log\u00edstica do Brasil de 27% para 40% at\u00e9 2035.<\/p>\n\n\n\n<p>J\u00e1 a diretora executiva da Associa\u00e7\u00e3o Nacional dos Transportadores de Passageiros sobre Trilhos (ANPTrilhos), Ana Patrizia Gon\u00e7alves Lira, destaca a import\u00e2ncia da NT Expo como um espa\u00e7o essencial para o debate de temas cruciais para a mobilidade urbana.<\/p>\n\n\n\n<p>\u201cO evento impulsiona o transporte de passageiros ao reunir especialistas e autoridades que buscam solu\u00e7\u00f5es para os desafios do setor, seja no campo regulat\u00f3rio, seja na melhoria da experi\u00eancia dos usu\u00e1rios\u201d, afirma.<\/p>\n\n\n\n<p>A ANPTrilhos ter\u00e1 um papel ativo no evento e contar\u00e1 com um espa\u00e7o exclusivo para interagir com associados e fornecedores.<\/p>\n\n\n\n<p>Ana destaca que entre as pautas priorit\u00e1rias da associa\u00e7\u00e3o para 2025 est\u00e3o o incentivo ao financiamento do transporte estruturante nas cidades, al\u00e9m da busca por marcos regulat\u00f3rios mais claros que garantam maior seguran\u00e7a jur\u00eddica ao setor.<\/p>\n\n\n\n<p>\u201cOutra pauta importante \u00e9 difundir a necessidade de uma governan\u00e7a integrada do sistema de transporte coletivo nas cidades brasileiras, abrangendo a parte modal, tarif\u00e1ria e administrativa\u201d, aponta.<\/p>\n\n\n\n<p>Passando para o segmento de transporte ferrovi\u00e1rio de cargas, o diretor-presidente da Associa\u00e7\u00e3o Nacional dos Transportadores Ferrovi\u00e1rios (ANTF), Davi Barreto, ressalta que as ferrovias s\u00e3o pe\u00e7a-chave para tornar o Brasil mais competitivo e ambientalmente mais sustent\u00e1vel.<\/p>\n\n\n\n<p>Ele pontua que \u00e9 fundamental posicionar o setor ferrovi\u00e1rio como protagonista na agenda de combate \u00e0s mudan\u00e7as clim\u00e1ticas, em especial neste ano em que o Brasil sediar\u00e1 a COP-30.<\/p>\n\n\n\n<p>Isso porque os trens emitem 85% menos gases de efeito estufa que caminh\u00f5es, de forma que a redu\u00e7\u00e3o das emiss\u00f5es do setor de transportes no Brasil e no mundo depende do aumento das opera\u00e7\u00f5es das ferrovias.<\/p>\n\n\n\n<p>\u201cDirecionar recursos p\u00fablicos e trazer novas fontes de financiamento, como o Fundo Clima para o setor ferrovi\u00e1rio s\u00e3o pautas que defendemos, por entender que precisamos prover \u00e0 sociedade um transporte mais barato, eficiente e de baixo impacto ambiental\u201d, diz Barreto.&nbsp;<\/p>\n\n\n\n<p>O presidente da ANTF tamb\u00e9m refor\u00e7a que 2025 deve ser um ano de investimentos expressivos no setor ferrovi\u00e1rio, impulsionado por:<\/p>\n\n\n\n<p>\u2013 Renova\u00e7\u00f5es antecipadas dos contratos de concess\u00e3o e por projetos greenfield como a Transnordestina, Ferrovia de Integra\u00e7\u00e3o Centro-Oeste, Ferrovia Vicente Vuolo e Ferrovia de Integra\u00e7\u00e3o Oeste-Leste.<\/p>\n\n\n\n<p><strong>CONGRESSO<\/strong><\/p>\n\n\n\n<p>Vicente Abate (ABIFER), Ana Patrizia Gon\u00e7alves Lira (ANPTrilhos) e Davi Barreto (ANTF) s\u00e3o palestrantes convidados do Congresso NT Expo.<\/p>\n\n\n\n<p>A confer\u00eancia reunir\u00e1 l\u00edderes da ind\u00fastria, representantes governamentais, empres\u00e1rios e especialistas para debater a amplia\u00e7\u00e3o e a moderniza\u00e7\u00e3o da infraestrutura ferrovi\u00e1ria no pa\u00eds.<\/p>\n\n\n\n<p>Para Fernando D\u2019Ascola, head do portf\u00f3lio de Infraestrutura e Tecnologias da Informa Markets, as associa\u00e7\u00f5es setoriais desempenham um papel fundamental na constru\u00e7\u00e3o de uma agenda estrat\u00e9gica para o desenvolvimento da cadeia ferrovi\u00e1ria no Brasil.<\/p>\n\n\n\n<p>\u201cA NT Expo \u00e9 um espa\u00e7o essencial para que esses atores compartilhem conhecimento, alinhem prioridades e impulsionem pol\u00edticas que favore\u00e7am a moderniza\u00e7\u00e3o e a expans\u00e3o do setor\u201d, afirma.<\/p>\n\n\n\n<p>\u201cFortalecer o transporte ferrovi\u00e1rio significa investir em um modal mais eficiente, sustent\u00e1vel e competitivo, capaz de reduzir custos log\u00edsticos e contribuir para a descarboniza\u00e7\u00e3o da matriz de transportes do pa\u00eds\u201d, finaliza.<\/p>\n\n\n\n<p>A programa\u00e7\u00e3o do Congresso NT contar\u00e1 com pain\u00e9is de temas estrat\u00e9gicos, como:<\/p>\n\n\n\n<p>\u2013 Impacto econ\u00f4mico da expans\u00e3o ferrovi\u00e1ria no transporte de cargas, o projeto da ferrovia transoce\u00e2nica, a intelig\u00eancia artificial nos trilhos, a ciberseguran\u00e7a e a implementa\u00e7\u00e3o do 5G no transporte ferrovi\u00e1rio.<\/p>\n\n\n\n<p>E ainda o painel internacional \u201cInsights globais: tend\u00eancias para o setor ferrovi\u00e1rio e cases de sucesso\u201d, com participa\u00e7\u00e3o do vice-presidente da International Heavy Haul Association (IHHA), Antonio Merheb.<\/p>\n\n\n\n<p>Entre os palestrantes convidados est\u00e3o tamb\u00e9m:<\/p>\n\n\n\n<p>\u2013 A professora do Departamento de Engenharia de Transportes da USP, Ros\u00e2ngela dos Santos Motta;<\/p>\n\n\n\n<p>\u2013 O engenheiro no departamento de Transporte e Log\u00edstica da \u00e1rea de Infraestrutura do BNDES, Edson Jos\u00e9 Dalto, o secret\u00e1rio-geral ALAF Brasil, Jean Pejo;<\/p>\n\n\n\n<p>\u2013 O presidente-executivo da Associa\u00e7\u00e3o Nacional dos Usu\u00e1rios do Transporte de Carga (ANUT), Luiz Henrique Baldez e o CEO da RV Conecta Infra, Rodrigo Vila\u00e7a.<\/p>\n\n\n\n<p><strong>SERVI\u00c7O:<\/strong><\/p>\n\n\n\n<p>Data: 22 a 24 de abril de 2025.<\/p>\n\n\n\n<p>Local: S\u00e3o Paulo Expo.<\/p>\n\n\n\n<p>Hor\u00e1rio: das 13 \u00e0s 21h.<\/p>\n\n\n\n<p>Site:&nbsp;<a href=\"https:\/\/www.ntexpo.com.br\/\" target=\"_blank\" rel=\"noreferrer noopener\">https:\/\/www.ntexpo.com.br\/<\/a><\/p>\n\n\n\n<p><\/p>\n\n\n\n<p><\/p>\n","protected":false},"excerpt":{"rendered":"<p>A 23\u00aa edi\u00e7\u00e3o da NT Expo \u2013 Neg\u00f3cios nos Trilhos acontecer\u00e1 de 22 a 24 de abril, no Distrito Anhembi, sendo palco para debates e inova\u00e7\u00f5es que impactam diretamente o setor. O evento re\u00fane os principais players da ind\u00fastria e associa\u00e7\u00f5es setoriais que desempenham um papel fundamental na formula\u00e7\u00e3o de pol\u00edticas e no desenvolvimento ferrovi\u00e1rio [&hellip;]<\/p>\n","protected":false},"author":3,"featured_media":4361,"comment_status":"open","ping_status":"open","sticky":false,"template":"","format":"standard","meta":{"footnotes":""},"categories":[23],"tags":[],"class_list":{"0":"post-4360","1":"post","2":"type-post","3":"status-publish","4":"format-standard","5":"has-post-thumbnail","7":"category-feirasdenegocios"},"_links":{"self":[{"href":"https:\/\/tveventos.tv.br\/index.php?rest_route=\/wp\/v2\/posts\/4360","targetHints":{"allow":["GET"]}}],"collection":[{"href":"https:\/\/tveventos.tv.br\/index.php?rest_route=\/wp\/v2\/posts"}],"about":[{"href":"https:\/\/tveventos.tv.br\/index.php?rest_route=\/wp\/v2\/types\/post"}],"author":[{"embeddable":true,"href":"https:\/\/tveventos.tv.br\/index.php?rest_route=\/wp\/v2\/users\/3"}],"replies":[{"embeddable":true,"href":"https:\/\/tveventos.tv.br\/index.php?rest_route=%2Fwp%2Fv2%2Fcomments&post=4360"}],"version-history":[{"count":1,"href":"https:\/\/tveventos.tv.br\/index.php?rest_route=\/wp\/v2\/posts\/4360\/revisions"}],"predecessor-version":[{"id":4362,"href":"https:\/\/tveventos.tv.br\/index.php?rest_route=\/wp\/v2\/posts\/4360\/revisions\/4362"}],"wp:featuredmedia":[{"embeddable":true,"href":"https:\/\/tveventos.tv.br\/index.php?rest_route=\/wp\/v2\/media\/4361"}],"wp:attachment":[{"href":"https:\/\/tveventos.tv.br\/index.php?rest_route=%2Fwp%2Fv2%2Fmedia&parent=4360"}],"wp:term":[{"taxonomy":"category","embeddable":true,"href":"https:\/\/tveventos.tv.br\/index.php?rest_route=%2Fwp%2Fv2%2Fcategories&post=4360"},{"taxonomy":"post_tag","embeddable":true,"href":"https:\/\/tveventos.tv.br\/index.php?rest_route=%2Fwp%2Fv2%2Ftags&post=4360"}],"curies":[{"name":"wp","href":"https:\/\/api.w.org\/{rel}","templated":true}]}}