{"id":4364,"date":"2025-03-07T15:18:03","date_gmt":"2025-03-07T18:18:03","guid":{"rendered":"https:\/\/tveventos.tv.br\/?p=4364"},"modified":"2025-03-07T15:18:04","modified_gmt":"2025-03-07T18:18:04","slug":"autocom-summit-2025-debate-como-a-tecnologia-esta-impactando-no-varejo","status":"publish","type":"post","link":"https:\/\/tveventos.tv.br\/?p=4364","title":{"rendered":"AUTOCOM Summit 2025 debate como a tecnologia est\u00e1 impactando no varejo"},"content":{"rendered":"\n<p>A 2\u00aa edi\u00e7\u00e3o do AUTOCOM Summit ser\u00e1 realizada nos dias 1\u00ba e 2 de abril de 2025, no Expo Center Norte, em S\u00e3o Paulo.<\/p>\n\n\n\n<p>O evento ocorrer\u00e1 em paralelo \u00e0&nbsp;<a href=\"https:\/\/www.feiraautocom.com.br\/index.html\" target=\"_blank\" rel=\"noreferrer noopener\">AUTOCOM<\/a>, feira de tecnologia voltada ao varejo e \u00e0 automa\u00e7\u00e3o comercial, que celebrar\u00e1 25 anos de hist\u00f3ria em sua maior edi\u00e7\u00e3o.&nbsp;<\/p>\n\n\n\n<p>O encontro ter\u00e1 como tema principal \u201cTecnologIA expandindo o varejo\u201d. As palestras ser\u00e3o mediadas por executivos da Associa\u00e7\u00e3o Brasileira de Tecnologia para o Com\u00e9rcio e Servi\u00e7os \u2013 AFRAC. &nbsp;<\/p>\n\n\n\n<p>O AUTOCOM Summit contar\u00e1 com a participa\u00e7\u00e3o dos presidentes das entidades que representam o setor de Com\u00e9rcio e Servi\u00e7os, respons\u00e1veis por cerca de 62% do PIB nacional. Entre as associa\u00e7\u00f5es participantes, est\u00e3o:<\/p>\n\n\n\n<p>\u2013 Associa\u00e7\u00e3o Brasileira de Atacadistas e Distribuidores (ABAD), Associa\u00e7\u00e3o Brasileira de Supermercados (ABRAS), Associa\u00e7\u00e3o Brasileira de Bares e Restaurantes (ABRASEL);<\/p>\n\n\n\n<p>\u2013 Associa\u00e7\u00e3o Brasileira de Tecnologia para o Com\u00e9rcio e Servi\u00e7os (AFRAC), Associa\u00e7\u00e3o Nacional de Comerciantes de Material de Constru\u00e7\u00e3o (ANAMACO);<\/p>\n\n\n\n<p>\u2013 Confedera\u00e7\u00e3o das Associa\u00e7\u00f5es Comerciais e Empresariais do Brasil (CACB), Confedera\u00e7\u00e3o Nacional de Dirigentes Lojistas (CNDL) e Associa\u00e7\u00e3o Brasileira de Automa\u00e7\u00e3o (GS1).<\/p>\n\n\n\n<p>As institui\u00e7\u00f5es debater\u00e3o \u201ccomo a tecnologia e a Reforma Tribut\u00e1ria influenciar\u00e3o o setor durante o ano\u201d, abordando \u00e1reas priorit\u00e1rias para investimento, al\u00e9m de discutir os temas mais cr\u00edticos, dimensionando a vis\u00e3o e o planejamento de todo o setor.<\/p>\n\n\n\n<p>Essa troca de ideias ser\u00e1 fundamental para fortalecer e adaptar o com\u00e9rcio e servi\u00e7os \u00e0s novas demandas do mercado.&nbsp;<\/p>\n\n\n\n<p><strong>Programa\u00e7\u00e3o:<\/strong><\/p>\n\n\n\n<p>No dia 1\u00ba de abril, ap\u00f3s a abertura oficial do evento, o foco estar\u00e1 em&nbsp;<strong>Estrat\u00e9gia e Neg\u00f3cios<\/strong>:<\/p>\n\n\n\n<p>09h \u2013 Palestra Infinity Game \u2013 Batalha de Concorrentes<\/p>\n\n\n\n<p>10h \u2013 Palestra Estrat\u00e9gias de Vendas \u2013 Pipelovers<\/p>\n\n\n\n<p>11h \u2013 Painel Computa\u00e7\u00e3o Qu\u00e2ntica o que \u00e9 e porque olhar para ela<\/p>\n\n\n\n<p>12h \u2013 Talk Show Tecnologia para Com\u00e9rcio e Servi\u00e7os&nbsp;<\/p>\n\n\n\n<p>J\u00e1 no dia 2 de abril, ser\u00e3o debatidos dois temas:<\/p>\n\n\n\n<p><strong>Meios de Pagamentos\/ Open Finance<\/strong><\/p>\n\n\n\n<p>09h \u2013 Painel Meios de Pagamento Digitais,Inova\u00e7\u00f5es e Oportunidade (PIX por aproxima\u00e7\u00e3o \/ DREX) &nbsp;<\/p>\n\n\n\n<p><strong>Sistema Tribut\u00e1rio<\/strong><\/p>\n\n\n\n<p>10h \u2013 Conviv\u00eancia do Sistema Tribut\u00e1rio: Vincula\u00e7\u00e3o de Meios de Pagamento, Reforma Tribut\u00e1ria<\/p>\n\n\n\n<p>11h \u2013 Intelig\u00eancia Artificial aplicada a documento eletr\u00f4nicos \u2013 IA Generativa utilizada no com\u00e9rcio &amp; varejo (uso de imagens)<\/p>\n\n\n\n<p>12h \u2013 O Brasil no Mundo da Tecnologia<\/p>\n\n\n\n<p>Os ingressos para o evento est\u00e3o dispon\u00edveis pelo site, por meio do link&nbsp;<a href=\"https:\/\/euvou.events\/autocomsummit2025\" target=\"_blank\" rel=\"noreferrer noopener\">Summit 2025<\/a>&nbsp;As vagas s\u00e3o limitadas.<\/p>\n\n\n\n<p><strong>SERVI\u00c7O:<\/strong><\/p>\n\n\n\n<p><em>2\u00ba AUTOCOM Summit \u2013 \u201cA TecnologIA do novo s\u00e9culo para o varejo\u201d<\/em><\/p>\n\n\n\n<p>Datas: 1\u00ba e 2 de abril<\/p>\n\n\n\n<p>Hor\u00e1rio: das 9h \u00e0s 12h30<\/p>\n\n\n\n<p>Local: Expo Center Norte \u2013 Pavilh\u00e3o Vermelho \u2013 Audit\u00f3rio Cantareira<\/p>\n\n\n\n<p>Rua Jos\u00e9 Bernardo Pinto, 333 \u2013 Vila Guilherme<\/p>\n\n\n\n<p>Site:&nbsp;<a href=\"https:\/\/www.feiraautocom.com.br\/summit.html\" target=\"_blank\" rel=\"noreferrer noopener\">https:\/\/www.feiraautocom.com.br\/summit.html<\/a><\/p>\n\n\n\n<p><\/p>\n\n\n\n<p><\/p>\n","protected":false},"excerpt":{"rendered":"<p>A 2\u00aa edi\u00e7\u00e3o do AUTOCOM Summit ser\u00e1 realizada nos dias 1\u00ba e 2 de abril de 2025, no Expo Center Norte, em S\u00e3o Paulo. O evento ocorrer\u00e1 em paralelo \u00e0&nbsp;AUTOCOM, feira de tecnologia voltada ao varejo e \u00e0 automa\u00e7\u00e3o comercial, que celebrar\u00e1 25 anos de hist\u00f3ria em sua maior edi\u00e7\u00e3o.&nbsp; O encontro ter\u00e1 como tema [&hellip;]<\/p>\n","protected":false},"author":3,"featured_media":4365,"comment_status":"open","ping_status":"open","sticky":false,"template":"","format":"standard","meta":{"footnotes":""},"categories":[23],"tags":[],"class_list":{"0":"post-4364","1":"post","2":"type-post","3":"status-publish","4":"format-standard","5":"has-post-thumbnail","7":"category-feirasdenegocios"},"_links":{"self":[{"href":"https:\/\/tveventos.tv.br\/index.php?rest_route=\/wp\/v2\/posts\/4364","targetHints":{"allow":["GET"]}}],"collection":[{"href":"https:\/\/tveventos.tv.br\/index.php?rest_route=\/wp\/v2\/posts"}],"about":[{"href":"https:\/\/tveventos.tv.br\/index.php?rest_route=\/wp\/v2\/types\/post"}],"author":[{"embeddable":true,"href":"https:\/\/tveventos.tv.br\/index.php?rest_route=\/wp\/v2\/users\/3"}],"replies":[{"embeddable":true,"href":"https:\/\/tveventos.tv.br\/index.php?rest_route=%2Fwp%2Fv2%2Fcomments&post=4364"}],"version-history":[{"count":1,"href":"https:\/\/tveventos.tv.br\/index.php?rest_route=\/wp\/v2\/posts\/4364\/revisions"}],"predecessor-version":[{"id":4366,"href":"https:\/\/tveventos.tv.br\/index.php?rest_route=\/wp\/v2\/posts\/4364\/revisions\/4366"}],"wp:featuredmedia":[{"embeddable":true,"href":"https:\/\/tveventos.tv.br\/index.php?rest_route=\/wp\/v2\/media\/4365"}],"wp:attachment":[{"href":"https:\/\/tveventos.tv.br\/index.php?rest_route=%2Fwp%2Fv2%2Fmedia&parent=4364"}],"wp:term":[{"taxonomy":"category","embeddable":true,"href":"https:\/\/tveventos.tv.br\/index.php?rest_route=%2Fwp%2Fv2%2Fcategories&post=4364"},{"taxonomy":"post_tag","embeddable":true,"href":"https:\/\/tveventos.tv.br\/index.php?rest_route=%2Fwp%2Fv2%2Ftags&post=4364"}],"curies":[{"name":"wp","href":"https:\/\/api.w.org\/{rel}","templated":true}]}}