{"id":4367,"date":"2025-03-07T15:22:22","date_gmt":"2025-03-07T18:22:22","guid":{"rendered":"https:\/\/tveventos.tv.br\/?p=4367"},"modified":"2025-03-11T17:42:35","modified_gmt":"2025-03-11T20:42:35","slug":"yes-movel-show-sao-paulo-export-2025-amplia-programacao","status":"publish","type":"post","link":"https:\/\/tveventos.tv.br\/?p=4367","title":{"rendered":"Yes M\u00f3vel Show S\u00e3o Paulo Export 2025 amplia programa\u00e7\u00e3o"},"content":{"rendered":"\n<p>Mais de 25 mil lojistas do setor de m\u00f3veis, eletros e colch\u00f5es de todo o pa\u00eds e da Am\u00e9rica Latina se preparam para fechar neg\u00f3cios Yes M\u00f3vel Show S\u00e3o Paulo Export 2025.<\/p>\n\n\n\n<p>O evento ser\u00e1 realizado entre os pr\u00f3ximos dias 24 e 27 de mar\u00e7o, em uma \u00e1rea expositiva de mais de 45 mil metros quadrados no Distrito Anhembi, em S\u00e3o Paulo (SP).<\/p>\n\n\n\n<p>J\u00e1 s\u00e3o mais de 250 expositores confirmados nesta que \u00e9 considerada a maior feira do segmento na Am\u00e9rica Latina. Eles vir\u00e3o dos principais polos do pa\u00eds.<\/p>\n\n\n\n<p>Por meio de parcerias estrat\u00e9gicas com o Projeto Setorial Brazilian Furniture e o projeto Furnitour, a Yes expande fronteiras e traz compradores internacionais selecionados para negociarem com as ind\u00fastrias brasileiras presentes no evento.<\/p>\n\n\n\n<p>Al\u00e9m disso, essa edi\u00e7\u00e3o ganhou um dia adicional para o fechamento de neg\u00f3cios: ser\u00e3o quatro dias de evento, sempre das 12h30 \u00e0s 19h30.<\/p>\n\n\n\n<p>Erisson Matos, CEO da empresa organizadora Yes, ressalta o retorno da feira ao Distrito Anhembi, que foi totalmente reformado e est\u00e1 preparado para receber bem visitantes e expositores.<\/p>\n\n\n\n<p>Lorenzo Migliori, diretor da Yes, acrescenta um diferencial: o formato da feira. \u201cEstamos preparando uma feira setorizada por tipos de produtos\u201d, afirma.<\/p>\n\n\n\n<p>Assim, o evento est\u00e1 dividido em: cozinhas e dormit\u00f3rios; colch\u00f5es e estofados; salas de jantar; salas de estar, pain\u00e9is de TV e escrit\u00f3rio; eletros, bicicletas, decora\u00e7\u00e3o e outros itens.<\/p>\n\n\n\n<p>\u201cCom isso, acreditamos que vamos otimizar o tempo do lojista na visita\u00e7\u00e3o, j\u00e1 que \u00e9 um evento grande, com mais de 250 marcas expositoras\u201d, acrescenta.<\/p>\n\n\n\n<p><strong>YES VAREJO SUMMIT<\/strong><\/p>\n\n\n\n<p>Paralelamente a todas as novidades da Yes M\u00f3vel Show S\u00e3o Paulo Export, a organiza\u00e7\u00e3o tamb\u00e9m realiza a terceira edi\u00e7\u00e3o do Yes Varejo Summit.<\/p>\n\n\n\n<p>A confer\u00eancia ter\u00e1 uma audi\u00eancia composta por 200 lojistas\/dia, convidados pela Yes para tr\u00eas dias de programa\u00e7\u00e3o, de 25 a 27 de mar\u00e7o.<\/p>\n\n\n\n<p>A primeira parte do Summit ser\u00e1 composta por conte\u00fados, em formato de palestras e pain\u00e9is, encerrando sempre com um almo\u00e7o de neg\u00f3cios e a possibilidade de networking e relacionamento, aproximando varejo e ind\u00fastria.<\/p>\n\n\n\n<p>Uma novidade para essa edi\u00e7\u00e3o \u00e9 o espa\u00e7o Campe\u00e3o de Vendas, que conta com a exposi\u00e7\u00e3o de produtos-destaque dos expositores que patrocinam e participam do Summit.&nbsp;<\/p>\n\n\n\n<p><strong>PROJETO COMPRADOR TRAZ RODADAS DE NEG\u00d3CIOS INTERNACIONAIS PARA SP<\/strong><\/p>\n\n\n\n<p>Outro destaque na programa\u00e7\u00e3o da Yes M\u00f3vel Show S\u00e3o Paulo Export 2025 \u00e9 o Projeto Comprador, que ocorre nos dias 24 e 25 de mar\u00e7o, por meio do Projeto Brazilian Furniture.<\/p>\n\n\n\n<p>A a\u00e7\u00e3o, organizada pela ABIM\u00d3VEL\u2014 correalizadora da feira \u2014 em parceria com a ApexBrasil promove rodadas de neg\u00f3cios entre ind\u00fastrias brasileiras e compradores internacionais.<\/p>\n\n\n\n<p>Dessa forma, trazendo importadores qualificados para o pa\u00eds, gerando neg\u00f3cios e evidenciando os diferenciais competitivos do setor de m\u00f3veis nacional.<\/p>\n\n\n\n<p>\u201cCom foco nas exporta\u00e7\u00f5es, as expectativas para esta edi\u00e7\u00e3o da Yes M\u00f3vel Show apontam para grandes neg\u00f3cios e parcerias fechadas\u201d, refor\u00e7a Irineu Munhoz, presidente da ABIM\u00d3VEL.<\/p>\n\n\n\n<p><strong>SERVI\u00c7O:<\/strong><\/p>\n\n\n\n<p>Data: 24 a 27 de mar\u00e7o de 2025<\/p>\n\n\n\n<p>Hor\u00e1rio: 12h30 \u00e0s 19h30<\/p>\n\n\n\n<p>Local: Distrito Anhembi, S\u00e3o Paulo (SP)<\/p>\n\n\n\n<p>Site:&nbsp;<a href=\"http:\/\/www.yesmovelshow.com.br\/\" target=\"_blank\" rel=\"noreferrer noopener\">www.yesmovelshow.com.br<\/a><\/p>\n\n\n\n<p><\/p>\n","protected":false},"excerpt":{"rendered":"<p>Mais de 25 mil lojistas do setor de m\u00f3veis, eletros e colch\u00f5es de todo o pa\u00eds e da Am\u00e9rica Latina se preparam para fechar neg\u00f3cios Yes M\u00f3vel Show S\u00e3o Paulo Export 2025. O evento ser\u00e1 realizado entre os pr\u00f3ximos dias 24 e 27 de mar\u00e7o, em uma \u00e1rea expositiva de mais de 45 mil metros [&hellip;]<\/p>\n","protected":false},"author":3,"featured_media":4389,"comment_status":"open","ping_status":"open","sticky":false,"template":"","format":"standard","meta":{"footnotes":""},"categories":[23],"tags":[],"class_list":{"0":"post-4367","1":"post","2":"type-post","3":"status-publish","4":"format-standard","5":"has-post-thumbnail","7":"category-feirasdenegocios"},"_links":{"self":[{"href":"https:\/\/tveventos.tv.br\/index.php?rest_route=\/wp\/v2\/posts\/4367","targetHints":{"allow":["GET"]}}],"collection":[{"href":"https:\/\/tveventos.tv.br\/index.php?rest_route=\/wp\/v2\/posts"}],"about":[{"href":"https:\/\/tveventos.tv.br\/index.php?rest_route=\/wp\/v2\/types\/post"}],"author":[{"embeddable":true,"href":"https:\/\/tveventos.tv.br\/index.php?rest_route=\/wp\/v2\/users\/3"}],"replies":[{"embeddable":true,"href":"https:\/\/tveventos.tv.br\/index.php?rest_route=%2Fwp%2Fv2%2Fcomments&post=4367"}],"version-history":[{"count":1,"href":"https:\/\/tveventos.tv.br\/index.php?rest_route=\/wp\/v2\/posts\/4367\/revisions"}],"predecessor-version":[{"id":4369,"href":"https:\/\/tveventos.tv.br\/index.php?rest_route=\/wp\/v2\/posts\/4367\/revisions\/4369"}],"wp:featuredmedia":[{"embeddable":true,"href":"https:\/\/tveventos.tv.br\/index.php?rest_route=\/wp\/v2\/media\/4389"}],"wp:attachment":[{"href":"https:\/\/tveventos.tv.br\/index.php?rest_route=%2Fwp%2Fv2%2Fmedia&parent=4367"}],"wp:term":[{"taxonomy":"category","embeddable":true,"href":"https:\/\/tveventos.tv.br\/index.php?rest_route=%2Fwp%2Fv2%2Fcategories&post=4367"},{"taxonomy":"post_tag","embeddable":true,"href":"https:\/\/tveventos.tv.br\/index.php?rest_route=%2Fwp%2Fv2%2Ftags&post=4367"}],"curies":[{"name":"wp","href":"https:\/\/api.w.org\/{rel}","templated":true}]}}