{"id":4373,"date":"2025-03-10T17:28:54","date_gmt":"2025-03-10T20:28:54","guid":{"rendered":"https:\/\/tveventos.tv.br\/?p=4373"},"modified":"2025-03-10T17:28:56","modified_gmt":"2025-03-10T20:28:56","slug":"apas-show-2025-destacara-como-o-varejo-esta-se-adaptando-aos-novos-desafios","status":"publish","type":"post","link":"https:\/\/tveventos.tv.br\/?p=4373","title":{"rendered":"APAS Show 2025 destacar\u00e1 como o varejo est\u00e1 se adaptando aos novos desafios"},"content":{"rendered":"\n<p>O APAS SHOW 2025, marcado para 12 a 15 de maior, no Expo Center Norte (SP), ser\u00e1 o palco ideal para as principais tend\u00eancias de consumo do varejo nos pr\u00f3ximos anos.<\/p>\n\n\n\n<p>O evento reunir\u00e1 l\u00edderes globais, especialistas e empresas inovadoras para discutir como as mudan\u00e7as no comportamento dos consumidores e as novas demandas est\u00e3o moldando o mercado.<\/p>\n\n\n\n<p>Em um cen\u00e1rio onde a transforma\u00e7\u00e3o digital e a sustentabilidade se tornam prioridades, o APAS SHOW se destaca ao abordar como o varejo est\u00e1 se adaptando a esses novos desafios.&nbsp;<\/p>\n\n\n\n<p>Uma das tend\u00eancias mais marcantes ser\u00e1 a crescente \u00eanfase na experi\u00eancia do consumidor. Os consumidores est\u00e3o cada vez mais exigentes, buscando n\u00e3o apenas produtos, mas experi\u00eancias personalizadas e imersivas.<\/p>\n\n\n\n<p>Tecnologias como intelig\u00eancia artificial, realidade aumentada e plataformas omnichannel ser\u00e3o ferramentas-chave para atender a todos, criando jornadas de compra mais fluidas e interativas.<\/p>\n\n\n\n<p>E o APAS SHOW ir\u00e1 apresentar solu\u00e7\u00f5es inovadoras que ajudam as empresas a proporcionar uma experi\u00eancia de compra que v\u00e1 al\u00e9m do simples ato de adquirir produtos, colocando o consumidor no centro de todas as opera\u00e7\u00f5es.&nbsp;<\/p>\n\n\n\n<p>A digitaliza\u00e7\u00e3o do varejo ser\u00e1 um dos temas centrais da edi\u00e7\u00e3o de 2025. Com a ascens\u00e3o das tecnologias digitais, as empresas precisam cada vez mais adotar ferramentas que melhorem a efici\u00eancia operacional e integrem os canais de venda f\u00edsicos e online.<\/p>\n\n\n\n<p>A automa\u00e7\u00e3o, o uso de dados para personaliza\u00e7\u00e3o da oferta e a digitaliza\u00e7\u00e3o dos processos de vendas e log\u00edstica estar\u00e3o entre as principais inova\u00e7\u00f5es apresentadas.<\/p>\n\n\n\n<p>E os visitantes ter\u00e3o a oportunidade de explorar solu\u00e7\u00f5es que facilitam essa integra\u00e7\u00e3o, oferecendo aos consumidores uma experi\u00eancia cont\u00ednua e sem fric\u00e7\u00f5es, independentemente de onde realizem suas compras.&nbsp;<\/p>\n\n\n\n<p>Outro ponto importante ser\u00e1 a mudan\u00e7a no perfil de consumo das novas gera\u00e7\u00f5es, como os millennials e a gera\u00e7\u00e3o Z.<\/p>\n\n\n\n<p>Essas gera\u00e7\u00f5es est\u00e3o mais conectadas e informadas do que nunca e buscam por marcas que compartilhem seus valores, como autenticidade, responsabilidade social e transpar\u00eancia.<\/p>\n\n\n\n<p>Com isso, o evento al\u00e9m discutir\u00e1 como as empresas podem adaptar suas ofertas para atrair e fidelizar esses consumidores exigentes, mostrando que n\u00e3o basta mais apenas oferecer produtos de qualidade, mas tamb\u00e9m alinhar as marcas aos princ\u00edpios que essas gera\u00e7\u00f5es defendem.<\/p>\n\n\n\n<p>Antenada a esse contexto, o APAS SHOW 2025 ser\u00e1 palco do congresso \u201cUm novo l\u00edder para um novo varejo\u201d uma oportunidade \u00fanica para os profissionais do setor se atualizarem e se prepararem para os desafios do futuro.<\/p>\n\n\n\n<p>O congresso, que ser\u00e1 realizado durante todos os dias do evento, trar\u00e1 conte\u00fado de ponta sobre as tend\u00eancias de consumo e as transforma\u00e7\u00f5es que o varejo enfrenta.&nbsp;<\/p>\n\n\n\n<p>\u201cUm novo l\u00edder para um novo varejo\u201d, ser\u00e1 o pr\u00f3ximo passo do mercado, uma verdadeira atualiza\u00e7\u00e3o para todos os participantes, do pequeno empreendedor ao grande player.<\/p>\n\n\n\n<p>\u201cNosso objetivo \u00e9 proporcionar uma plataforma onde o varejo possa se atualizar e se conectar com as tend\u00eancias que ir\u00e3o transformar o setor nos pr\u00f3ximos anos\u201d, explica Carlos Correa, Diretor Geral da APAS.<\/p>\n\n\n\n<p>\u201cEstamos comprometidos em oferecer n\u00e3o apenas um evento de neg\u00f3cios, mas uma experi\u00eancia completa que reflita a evolu\u00e7\u00e3o do consumo e as necessidades do mercado\u201d, finaliza.<\/p>\n\n\n\n<p><strong>SERVI\u00c7O:<\/strong><\/p>\n\n\n\n<p>Data: de 12 a 15 de maio de 2025\u202f<\/p>\n\n\n\n<p>Hor\u00e1rios: 12h as 20h\u202f<\/p>\n\n\n\n<p>Local: Expo Center Norte\u202f<\/p>\n\n\n\n<p>Endere\u00e7o: Rua Jos\u00e9 Bernardo Pinto, 333 \u2013 Vila Guilherme. S\u00e3o Paulo, SP\u202f<\/p>\n\n\n\n<p>Site:&nbsp;<a href=\"https:\/\/apasshow.com\/\" target=\"_blank\" rel=\"noreferrer noopener\">https:\/\/apasshow.com\/<\/a><\/p>\n","protected":false},"excerpt":{"rendered":"<p>O APAS SHOW 2025, marcado para 12 a 15 de maior, no Expo Center Norte (SP), ser\u00e1 o palco ideal para as principais tend\u00eancias de consumo do varejo nos pr\u00f3ximos anos. O evento reunir\u00e1 l\u00edderes globais, especialistas e empresas inovadoras para discutir como as mudan\u00e7as no comportamento dos consumidores e as novas demandas est\u00e3o moldando [&hellip;]<\/p>\n","protected":false},"author":3,"featured_media":4374,"comment_status":"open","ping_status":"open","sticky":false,"template":"","format":"standard","meta":{"footnotes":""},"categories":[23],"tags":[],"class_list":{"0":"post-4373","1":"post","2":"type-post","3":"status-publish","4":"format-standard","5":"has-post-thumbnail","7":"category-feirasdenegocios"},"_links":{"self":[{"href":"https:\/\/tveventos.tv.br\/index.php?rest_route=\/wp\/v2\/posts\/4373","targetHints":{"allow":["GET"]}}],"collection":[{"href":"https:\/\/tveventos.tv.br\/index.php?rest_route=\/wp\/v2\/posts"}],"about":[{"href":"https:\/\/tveventos.tv.br\/index.php?rest_route=\/wp\/v2\/types\/post"}],"author":[{"embeddable":true,"href":"https:\/\/tveventos.tv.br\/index.php?rest_route=\/wp\/v2\/users\/3"}],"replies":[{"embeddable":true,"href":"https:\/\/tveventos.tv.br\/index.php?rest_route=%2Fwp%2Fv2%2Fcomments&post=4373"}],"version-history":[{"count":1,"href":"https:\/\/tveventos.tv.br\/index.php?rest_route=\/wp\/v2\/posts\/4373\/revisions"}],"predecessor-version":[{"id":4375,"href":"https:\/\/tveventos.tv.br\/index.php?rest_route=\/wp\/v2\/posts\/4373\/revisions\/4375"}],"wp:featuredmedia":[{"embeddable":true,"href":"https:\/\/tveventos.tv.br\/index.php?rest_route=\/wp\/v2\/media\/4374"}],"wp:attachment":[{"href":"https:\/\/tveventos.tv.br\/index.php?rest_route=%2Fwp%2Fv2%2Fmedia&parent=4373"}],"wp:term":[{"taxonomy":"category","embeddable":true,"href":"https:\/\/tveventos.tv.br\/index.php?rest_route=%2Fwp%2Fv2%2Fcategories&post=4373"},{"taxonomy":"post_tag","embeddable":true,"href":"https:\/\/tveventos.tv.br\/index.php?rest_route=%2Fwp%2Fv2%2Ftags&post=4373"}],"curies":[{"name":"wp","href":"https:\/\/api.w.org\/{rel}","templated":true}]}}