{"id":4379,"date":"2025-03-11T17:17:53","date_gmt":"2025-03-11T20:17:53","guid":{"rendered":"https:\/\/tveventos.tv.br\/?p=4379"},"modified":"2025-03-11T17:17:54","modified_gmt":"2025-03-11T20:17:54","slug":"intimi-expo","status":"publish","type":"post","link":"https:\/\/tveventos.tv.br\/?p=4379","title":{"rendered":"\u00cdNTIMI EXPO"},"content":{"rendered":"\n<p>Em 2025 a \u00cdntimi Expo volta ao Distrito Anhembi, a casa onde foi realizada as suas duas primeiras edi\u00e7\u00f5es. E nos dias 21 a 23 de mar\u00e7o ser\u00e1 realizada a 11\u00aa edi\u00e7\u00e3o, com a expectativa de receber mais de 15 mil visitantes nos tr\u00eas dias de evento. S\u00e3o mais de 18 mil metros quadrados que re\u00fanem estandes das principais marcas do mercado \u00edntimo, sensual e wellness, al\u00e9m de espa\u00e7os para palestras, desfiles e treinamentos. O local tamb\u00e9m contar\u00e1, pela primeira vez, com ilhas tem\u00e1ticas Gourmet, LGBTQIA +, Fetiche, Conhecimento e Lingerie.\u00a0<\/p>\n\n\n\n<p>O evento traz os lan\u00e7amentos das mais importantes marcas do Brasil e do mundo, al\u00e9m de conte\u00fados que ajudam na evolu\u00e7\u00e3o pessoal e profissional, alavancando os neg\u00f3cios a novos patamares. Atendimento, gest\u00e3o financeira, sexualidade, sa\u00fade, m\u00eddias sociais e muitos outros temas ser\u00e3o abordados nos tr\u00eas dias de imers\u00e3o em atividades, palestras e consultorias liberadas aos participantes gratuitamente.<\/p>\n\n\n\n<p>Al\u00e9m de tudo isso, o evento ainda traz atividades como Sala de Desfile, Espa\u00e7o de Dan\u00e7a, Bar Tem\u00e1tico, Stand Up Comedy e Espa\u00e7os Instagram\u00e1veis. Venha para o evento que \u00e9 refer\u00eancia no setor, e fique por dentro de todas as novidades do mercado.<\/p>\n\n\n\n<p>Junte-se a n\u00f3s nos dias 21 a 23 de Mar\u00e7o, das 10:00h \u00e0s 20:00h no Distrito Anhembi<\/p>\n\n\n\n<p>Endere\u00e7o: Avenida Olavo Fontoura, N\u00b0 1. 209\/Santana, S\u00e3o Paulo, SP, 02012-021<br><\/p>\n","protected":false},"excerpt":{"rendered":"<p>Em 2025 a \u00cdntimi Expo volta ao Distrito Anhembi, a casa onde foi realizada as suas duas primeiras edi\u00e7\u00f5es. E nos dias 21 a 23 de mar\u00e7o ser\u00e1 realizada a 11\u00aa edi\u00e7\u00e3o, com a expectativa de receber mais de 15 mil visitantes nos tr\u00eas dias de evento. S\u00e3o mais de 18 mil metros quadrados que [&hellip;]<\/p>\n","protected":false},"author":3,"featured_media":4381,"comment_status":"open","ping_status":"open","sticky":false,"template":"","format":"standard","meta":{"footnotes":""},"categories":[25],"tags":[],"class_list":{"0":"post-4379","1":"post","2":"type-post","3":"status-publish","4":"format-standard","5":"has-post-thumbnail","7":"category-calendariodeeventos"},"_links":{"self":[{"href":"https:\/\/tveventos.tv.br\/index.php?rest_route=\/wp\/v2\/posts\/4379","targetHints":{"allow":["GET"]}}],"collection":[{"href":"https:\/\/tveventos.tv.br\/index.php?rest_route=\/wp\/v2\/posts"}],"about":[{"href":"https:\/\/tveventos.tv.br\/index.php?rest_route=\/wp\/v2\/types\/post"}],"author":[{"embeddable":true,"href":"https:\/\/tveventos.tv.br\/index.php?rest_route=\/wp\/v2\/users\/3"}],"replies":[{"embeddable":true,"href":"https:\/\/tveventos.tv.br\/index.php?rest_route=%2Fwp%2Fv2%2Fcomments&post=4379"}],"version-history":[{"count":1,"href":"https:\/\/tveventos.tv.br\/index.php?rest_route=\/wp\/v2\/posts\/4379\/revisions"}],"predecessor-version":[{"id":4382,"href":"https:\/\/tveventos.tv.br\/index.php?rest_route=\/wp\/v2\/posts\/4379\/revisions\/4382"}],"wp:featuredmedia":[{"embeddable":true,"href":"https:\/\/tveventos.tv.br\/index.php?rest_route=\/wp\/v2\/media\/4381"}],"wp:attachment":[{"href":"https:\/\/tveventos.tv.br\/index.php?rest_route=%2Fwp%2Fv2%2Fmedia&parent=4379"}],"wp:term":[{"taxonomy":"category","embeddable":true,"href":"https:\/\/tveventos.tv.br\/index.php?rest_route=%2Fwp%2Fv2%2Fcategories&post=4379"},{"taxonomy":"post_tag","embeddable":true,"href":"https:\/\/tveventos.tv.br\/index.php?rest_route=%2Fwp%2Fv2%2Ftags&post=4379"}],"curies":[{"name":"wp","href":"https:\/\/api.w.org\/{rel}","templated":true}]}}