{"id":4383,"date":"2025-03-11T17:29:52","date_gmt":"2025-03-11T20:29:52","guid":{"rendered":"https:\/\/tveventos.tv.br\/?p=4383"},"modified":"2025-03-11T17:29:53","modified_gmt":"2025-03-11T20:29:53","slug":"plastico-brasil","status":"publish","type":"post","link":"https:\/\/tveventos.tv.br\/?p=4383","title":{"rendered":"PL\u00c1STICO BRASIL"},"content":{"rendered":"\n<p>A Feira Pl\u00e1stico Brasil re\u00fane tecnologias inovadoras e os principais lan\u00e7amentos destinados aos transformadores do pl\u00e1stico, constru\u00e7\u00e3o civil, alimentos e bebidas, autom\u00f3veis, perfumaria, higiene e limpeza e muito mais.<br><br>Uma iniciativa da ABIMAQ &#8211; Associa\u00e7\u00e3o Brasileira da Ind\u00fastria de M\u00e1quinas e Equipamentos e da ABIPLAST &#8211; Associa\u00e7\u00e3o Brasileira da Ind\u00fastria do Pl\u00e1stico e promovida pela Informa Markets. Ela apresenta os mais recentes avan\u00e7os tecnol\u00f3gicos e as principais tend\u00eancias globais dos segmentos que envolvem a cadeia produtiva do pl\u00e1stico.&nbsp;<\/p>\n\n\n\n<p>A terceira edi\u00e7\u00e3o da feira foi realizada em de mar\u00e7o de 2023 no S\u00e3o Paulo Expo, o mais moderno pavilh\u00e3o de exposi\u00e7\u00f5es da Am\u00e9rica Latina. O evento foi palco da mais alta tecnologia, apresentada em primeira m\u00e3o para o mercado por mais de 800 grandes marcas de toda a cadeia produtiva do pl\u00e1stico: m\u00e1quinas, equipamentos e acess\u00f3rios, mat\u00e9rias primas e resinas, moldes e porta moldes, automa\u00e7\u00e3o industrial e rob\u00f3tica, entre outros produtos, servi\u00e7os e solu\u00e7\u00f5es.<\/p>\n\n\n\n<p>A <strong>Feira Pl\u00e1stico Brasil 2025<\/strong> acontecer\u00e1 de <strong>24 a 28 de mar\u00e7o de 2025<\/strong>, no <strong>S\u00e3o Paulo Expo<\/strong>. Este evento \u00e9 o palco principal para profissionais do setor pl\u00e1stico, reunindo as \u00faltimas inova\u00e7\u00f5es em tecnologia, sustentabilidade e ind\u00fastria 4.0.<\/p>\n\n\n\n<p>Conecte-se com l\u00edderes da ind\u00fastria, explore novas oportunidades de neg\u00f3cios e aprimore seu conhecimento.<\/p>\n\n\n\n<p>Junte-se a n\u00f3s nos dias 24 a 28 de Mar\u00e7o, das 10:00h \u00e0s 19:00h no S\u00e3o Paulo Expo<\/p>\n\n\n\n<p>Endere\u00e7o: Rod. dos Imigrantes 5, S\/N, km. 1, S\u00e3o Paulo, SP, 04329-900<\/p>\n","protected":false},"excerpt":{"rendered":"<p>A Feira Pl\u00e1stico Brasil re\u00fane tecnologias inovadoras e os principais lan\u00e7amentos destinados aos transformadores do pl\u00e1stico, constru\u00e7\u00e3o civil, alimentos e bebidas, autom\u00f3veis, perfumaria, higiene e limpeza e muito mais. Uma iniciativa da ABIMAQ &#8211; Associa\u00e7\u00e3o Brasileira da Ind\u00fastria de M\u00e1quinas e Equipamentos e da ABIPLAST &#8211; Associa\u00e7\u00e3o Brasileira da Ind\u00fastria do Pl\u00e1stico e promovida pela [&hellip;]<\/p>\n","protected":false},"author":3,"featured_media":4384,"comment_status":"open","ping_status":"open","sticky":false,"template":"","format":"standard","meta":{"footnotes":""},"categories":[25],"tags":[],"class_list":{"0":"post-4383","1":"post","2":"type-post","3":"status-publish","4":"format-standard","5":"has-post-thumbnail","7":"category-calendariodeeventos"},"_links":{"self":[{"href":"https:\/\/tveventos.tv.br\/index.php?rest_route=\/wp\/v2\/posts\/4383","targetHints":{"allow":["GET"]}}],"collection":[{"href":"https:\/\/tveventos.tv.br\/index.php?rest_route=\/wp\/v2\/posts"}],"about":[{"href":"https:\/\/tveventos.tv.br\/index.php?rest_route=\/wp\/v2\/types\/post"}],"author":[{"embeddable":true,"href":"https:\/\/tveventos.tv.br\/index.php?rest_route=\/wp\/v2\/users\/3"}],"replies":[{"embeddable":true,"href":"https:\/\/tveventos.tv.br\/index.php?rest_route=%2Fwp%2Fv2%2Fcomments&post=4383"}],"version-history":[{"count":1,"href":"https:\/\/tveventos.tv.br\/index.php?rest_route=\/wp\/v2\/posts\/4383\/revisions"}],"predecessor-version":[{"id":4385,"href":"https:\/\/tveventos.tv.br\/index.php?rest_route=\/wp\/v2\/posts\/4383\/revisions\/4385"}],"wp:featuredmedia":[{"embeddable":true,"href":"https:\/\/tveventos.tv.br\/index.php?rest_route=\/wp\/v2\/media\/4384"}],"wp:attachment":[{"href":"https:\/\/tveventos.tv.br\/index.php?rest_route=%2Fwp%2Fv2%2Fmedia&parent=4383"}],"wp:term":[{"taxonomy":"category","embeddable":true,"href":"https:\/\/tveventos.tv.br\/index.php?rest_route=%2Fwp%2Fv2%2Fcategories&post=4383"},{"taxonomy":"post_tag","embeddable":true,"href":"https:\/\/tveventos.tv.br\/index.php?rest_route=%2Fwp%2Fv2%2Ftags&post=4383"}],"curies":[{"name":"wp","href":"https:\/\/api.w.org\/{rel}","templated":true}]}}