{"id":4386,"date":"2025-03-11T17:41:41","date_gmt":"2025-03-11T20:41:41","guid":{"rendered":"https:\/\/tveventos.tv.br\/?p=4386"},"modified":"2025-03-11T17:41:42","modified_gmt":"2025-03-11T20:41:42","slug":"yes-movel-show-2025","status":"publish","type":"post","link":"https:\/\/tveventos.tv.br\/?p=4386","title":{"rendered":"YES M\u00d3VEL SHOW 2025"},"content":{"rendered":"\n<p>Mais de 200 ind\u00fastrias se preparam para a Yes M\u00f3vel Show S\u00e3o Paulo 2025!<\/p>\n\n\n\n<p>A maior feira de m\u00f3veis, eletros e colch\u00f5es da Am\u00e9rica Latina retorna ao Distrito Anhembi em mar\u00e7o de 2025. Em sua quarta edi\u00e7\u00e3o, a Yes M\u00f3vel Show S\u00e3o Paulo Export ser\u00e1 realizada entre os dias 24 e 27 de mar\u00e7o, com a presen\u00e7a de mais de 200 ind\u00fastrias expositoras dos mais diversos polos do pa\u00eds.<\/p>\n\n\n\n<p>Ocupando uma \u00e1rea expositiva de 42 mil metros quadrados, a edi\u00e7\u00e3o de 2025 ter\u00e1 um dia adicional para o fechamento de neg\u00f3cios e contar\u00e1 com ativa\u00e7\u00f5es espec\u00edficas para o e-commerce. O evento deve receber, ainda, compradores de toda a Am\u00e9rica Latina.<\/p>\n\n\n\n<p>A organiza\u00e7\u00e3o prepara diversas ativa\u00e7\u00f5es, focadas em entrega de conte\u00fado e networking para o varejo e para o e-commerce.<\/p>\n\n\n\n<p>Junte-se a n\u00f3s nos dias 24 a 27 de Mar\u00e7o, das 12:30h \u00e0s 19:30h no Distrito Anhembi<\/p>\n\n\n\n<p>Endere\u00e7o: Avenida Olavo Fontoura, N\u00b0 1. 209\/Santana, S\u00e3o Paulo, SP, 02012-021<br><\/p>\n","protected":false},"excerpt":{"rendered":"<p>Mais de 200 ind\u00fastrias se preparam para a Yes M\u00f3vel Show S\u00e3o Paulo 2025! A maior feira de m\u00f3veis, eletros e colch\u00f5es da Am\u00e9rica Latina retorna ao Distrito Anhembi em mar\u00e7o de 2025. Em sua quarta edi\u00e7\u00e3o, a Yes M\u00f3vel Show S\u00e3o Paulo Export ser\u00e1 realizada entre os dias 24 e 27 de mar\u00e7o, com [&hellip;]<\/p>\n","protected":false},"author":3,"featured_media":4387,"comment_status":"open","ping_status":"open","sticky":false,"template":"","format":"standard","meta":{"footnotes":""},"categories":[25],"tags":[],"class_list":{"0":"post-4386","1":"post","2":"type-post","3":"status-publish","4":"format-standard","5":"has-post-thumbnail","7":"category-calendariodeeventos"},"_links":{"self":[{"href":"https:\/\/tveventos.tv.br\/index.php?rest_route=\/wp\/v2\/posts\/4386","targetHints":{"allow":["GET"]}}],"collection":[{"href":"https:\/\/tveventos.tv.br\/index.php?rest_route=\/wp\/v2\/posts"}],"about":[{"href":"https:\/\/tveventos.tv.br\/index.php?rest_route=\/wp\/v2\/types\/post"}],"author":[{"embeddable":true,"href":"https:\/\/tveventos.tv.br\/index.php?rest_route=\/wp\/v2\/users\/3"}],"replies":[{"embeddable":true,"href":"https:\/\/tveventos.tv.br\/index.php?rest_route=%2Fwp%2Fv2%2Fcomments&post=4386"}],"version-history":[{"count":1,"href":"https:\/\/tveventos.tv.br\/index.php?rest_route=\/wp\/v2\/posts\/4386\/revisions"}],"predecessor-version":[{"id":4388,"href":"https:\/\/tveventos.tv.br\/index.php?rest_route=\/wp\/v2\/posts\/4386\/revisions\/4388"}],"wp:featuredmedia":[{"embeddable":true,"href":"https:\/\/tveventos.tv.br\/index.php?rest_route=\/wp\/v2\/media\/4387"}],"wp:attachment":[{"href":"https:\/\/tveventos.tv.br\/index.php?rest_route=%2Fwp%2Fv2%2Fmedia&parent=4386"}],"wp:term":[{"taxonomy":"category","embeddable":true,"href":"https:\/\/tveventos.tv.br\/index.php?rest_route=%2Fwp%2Fv2%2Fcategories&post=4386"},{"taxonomy":"post_tag","embeddable":true,"href":"https:\/\/tveventos.tv.br\/index.php?rest_route=%2Fwp%2Fv2%2Ftags&post=4386"}],"curies":[{"name":"wp","href":"https:\/\/api.w.org\/{rel}","templated":true}]}}