{"id":4391,"date":"2025-03-11T17:47:48","date_gmt":"2025-03-11T20:47:48","guid":{"rendered":"https:\/\/tveventos.tv.br\/?p=4391"},"modified":"2025-03-11T17:47:49","modified_gmt":"2025-03-11T20:47:49","slug":"salao-nacional-e-internacional-das-motopecas-2025-comeca-hoje-com-250-marcas","status":"publish","type":"post","link":"https:\/\/tveventos.tv.br\/?p=4391","title":{"rendered":"Sal\u00e3o Nacional e Internacional das Motope\u00e7as 2025 come\u00e7a hoje com 250 marcas"},"content":{"rendered":"\n<p>A ANFAMOTO (Associa\u00e7\u00e3o Nacional dos Fabricantes e Atacadistas de Motope\u00e7as) promove, de 11 a 14 de mar\u00e7o de 2025, no Expo Center Norte, o XIV Sal\u00e3o Nacional e Internacional das Motope\u00e7as.<\/p>\n\n\n\n<p>Com mais de 120 expositores e 250 marcas representadas, o Sal\u00e3o das Motope\u00e7as \u00e9 o principal ponto de encontro estrat\u00e9gico para empres\u00e1rios, lojistas, oficinas, concession\u00e1rias, profissionais do setor, entidades de classe, m\u00eddia especializada e compradores.<\/p>\n\n\n\n<p>A organiza\u00e7\u00e3o espera receber mais de 10 mil visitantes durante os quatro dias de evento, com expectativa de gerar milh\u00f5es de reais em neg\u00f3cios entre as empresas.<\/p>\n\n\n\n<p>Em 2025, o evento trar\u00e1 as principais novidades do setor, com expositores apresentando lan\u00e7amentos em capacetes, pe\u00e7as, acess\u00f3rios, equipamentos de seguran\u00e7a e tecnologia para motocicletas.<\/p>\n\n\n\n<p>Entre os destaques, estar\u00e3o presentes marcas como Montanna, Sportsco, Baterias Heliar, FCC, Taurus, Technic, Winner, Fun Motors, Stallion, Casa do Capacete e muitas outras, que exibir\u00e3o produtos inovadores e solu\u00e7\u00f5es para o mercado de duas rodas.<\/p>\n\n\n\n<p>A abertura do evento, no dia 11 de mar\u00e7o, contar\u00e1 com as presen\u00e7as do governador do Estado de S\u00e3o Paulo, Tarc\u00edsio de Freitas, e do ex-presidente, Jair Messias Bolsonaro.<\/p>\n\n\n\n<p>Estar\u00e3o presentes ainda os diretores das empresas expositoras e da comiss\u00e3o organizadora do evento, presidida pelo empres\u00e1rio, Orlando Leone.<\/p>\n\n\n\n<p>\u201cO evento \u00e9 uma das principais refer\u00eancias no segmento de motope\u00e7as atualmente\u201d, afirma Orlando Leone, presidente da Anfamoto.<\/p>\n\n\n\n<p>\u201cTemos a previs\u00e3o de gerar milh\u00f5es de reais em neg\u00f3cios neste evento contando com a participa\u00e7\u00e3o dos principais players do mercado\u201d, completa.<\/p>\n\n\n\n<p>P\u00fablico qualificado e oportunidades de neg\u00f3cio<\/p>\n\n\n\n<p>O evento \u00e9 voltado exclusivamente para profissionais do setor, oferecendo uma plataforma \u00fanica para a gera\u00e7\u00e3o de oportunidades comerciais e o fortalecimento de parcerias.<\/p>\n\n\n\n<p>Com um p\u00fablico altamente qualificado, o Sal\u00e3o das Motope\u00e7as \u00e9 o ambiente ideal para empresas apresentarem suas novidades e fortalecerem sua presen\u00e7a no mercado.<\/p>\n\n\n\n<p>A feira tamb\u00e9m \u00e9 uma oportunidade para networking, discuss\u00f5es t\u00e9cnicas e troca de experi\u00eancias entre os principais players do setor.<\/p>\n\n\n\n<p>Al\u00e9m dos expositores, o evento contar\u00e1 com palestras, workshops e demonstra\u00e7\u00f5es t\u00e9cnicas, proporcionando uma experi\u00eancia completa para os visitantes.<\/p>\n\n\n\n<p><strong>SERVI\u00c7O<\/strong><\/p>\n\n\n\n<p>Data: 11 a 14 de mar\u00e7o de 2025<\/p>\n\n\n\n<p>Local: Expo Center Norte \u2013 Pavilh\u00e3o Vermelho<\/p>\n\n\n\n<p>Endere\u00e7o: Rua Jos\u00e9 Bernardo Pinto, 333 \u2013 S\u00e3o Paulo \u2013 SP<\/p>\n\n\n\n<p>Hor\u00e1rio: 14h \u00e0s 20h<\/p>\n\n\n\n<p>Entrada: Gratuita para profissionais do setor (n\u00e3o \u00e9 aberto ao consumidor final)<\/p>\n\n\n\n<p>Mais informa\u00e7\u00f5es:&nbsp;<a href=\"https:\/\/salaodasmotopecas.com.br\/\" target=\"_blank\" rel=\"noreferrer noopener\">https:\/\/salaodasmotopecas.com.br<\/a><\/p>\n","protected":false},"excerpt":{"rendered":"<p>A ANFAMOTO (Associa\u00e7\u00e3o Nacional dos Fabricantes e Atacadistas de Motope\u00e7as) promove, de 11 a 14 de mar\u00e7o de 2025, no Expo Center Norte, o XIV Sal\u00e3o Nacional e Internacional das Motope\u00e7as. Com mais de 120 expositores e 250 marcas representadas, o Sal\u00e3o das Motope\u00e7as \u00e9 o principal ponto de encontro estrat\u00e9gico para empres\u00e1rios, lojistas, oficinas, [&hellip;]<\/p>\n","protected":false},"author":3,"featured_media":4392,"comment_status":"open","ping_status":"open","sticky":false,"template":"","format":"standard","meta":{"footnotes":""},"categories":[23],"tags":[],"class_list":{"0":"post-4391","1":"post","2":"type-post","3":"status-publish","4":"format-standard","5":"has-post-thumbnail","7":"category-feirasdenegocios"},"_links":{"self":[{"href":"https:\/\/tveventos.tv.br\/index.php?rest_route=\/wp\/v2\/posts\/4391","targetHints":{"allow":["GET"]}}],"collection":[{"href":"https:\/\/tveventos.tv.br\/index.php?rest_route=\/wp\/v2\/posts"}],"about":[{"href":"https:\/\/tveventos.tv.br\/index.php?rest_route=\/wp\/v2\/types\/post"}],"author":[{"embeddable":true,"href":"https:\/\/tveventos.tv.br\/index.php?rest_route=\/wp\/v2\/users\/3"}],"replies":[{"embeddable":true,"href":"https:\/\/tveventos.tv.br\/index.php?rest_route=%2Fwp%2Fv2%2Fcomments&post=4391"}],"version-history":[{"count":1,"href":"https:\/\/tveventos.tv.br\/index.php?rest_route=\/wp\/v2\/posts\/4391\/revisions"}],"predecessor-version":[{"id":4393,"href":"https:\/\/tveventos.tv.br\/index.php?rest_route=\/wp\/v2\/posts\/4391\/revisions\/4393"}],"wp:featuredmedia":[{"embeddable":true,"href":"https:\/\/tveventos.tv.br\/index.php?rest_route=\/wp\/v2\/media\/4392"}],"wp:attachment":[{"href":"https:\/\/tveventos.tv.br\/index.php?rest_route=%2Fwp%2Fv2%2Fmedia&parent=4391"}],"wp:term":[{"taxonomy":"category","embeddable":true,"href":"https:\/\/tveventos.tv.br\/index.php?rest_route=%2Fwp%2Fv2%2Fcategories&post=4391"},{"taxonomy":"post_tag","embeddable":true,"href":"https:\/\/tveventos.tv.br\/index.php?rest_route=%2Fwp%2Fv2%2Ftags&post=4391"}],"curies":[{"name":"wp","href":"https:\/\/api.w.org\/{rel}","templated":true}]}}