{"id":4394,"date":"2025-03-11T17:53:28","date_gmt":"2025-03-11T20:53:28","guid":{"rendered":"https:\/\/tveventos.tv.br\/?p=4394"},"modified":"2025-03-11T17:53:29","modified_gmt":"2025-03-11T20:53:29","slug":"fespa-2025-congresso-inteligencia-grafica-e-comunicacao-visual-com-programa-definido","status":"publish","type":"post","link":"https:\/\/tveventos.tv.br\/?p=4394","title":{"rendered":"FESPA 2025: Congresso Intelig\u00eancia Gr\u00e1fica e Comunica\u00e7\u00e3o Visual com programa definido"},"content":{"rendered":"\n<p>A APS Eventos anuncia o Congresso Intelig\u00eancia Gr\u00e1fica e Comunica\u00e7\u00e3o Visual na FESPA Digital Printing 2025, marcada para 17 a 20 de mar\u00e7o no Expo Center Norte, em S\u00e3o Paulo.<\/p>\n\n\n\n<p>O Congresso acontece dentro da feira durante os quatro dias e ser\u00e1 gratuito, recebendo profissionais que vivem o dia a dia da impress\u00e3o e entendem como ajudar os empres\u00e1rios a otimizarem processos e mudarem a regra do jogo de seus neg\u00f3cios.<\/p>\n\n\n\n<p>\u201cMontamos uma programa\u00e7\u00e3o fant\u00e1stica e convidamos especialistas refer\u00eancias em suas \u00e1reas de atua\u00e7\u00e3o\u201d, explica Alexandre Keese, diretor da FESPA Digital Printing.<\/p>\n\n\n\n<p>\u201cVamos compartilhar um conte\u00fado de relev\u00e2ncia extrema, para que o empres\u00e1rio saia da feira e consiga aplicar imediatamente o conhecimento obtido em suas empresas de impress\u00e3o\u201d, completa.<\/p>\n\n\n\n<p>Cada dia ter\u00e1 um t\u00f3pico central diferente, mas sempre com temas que podem servir a empres\u00e1rios de diferentes \u00e1reas e diferentes portes.<\/p>\n\n\n\n<p><strong>Dia 17 \u2013 Gr\u00e1fica R\u00e1pida \u2013 Cases, tecnologia e oportunidades<\/strong><\/p>\n\n\n\n<p>O dia contar\u00e1 com empres\u00e1rios gr\u00e1ficos que alcan\u00e7aram sucesso e s\u00e3o refer\u00eancias na ind\u00fastria de impress\u00e3o apresentando cases, compartilhando experi\u00eancias e contando como mudaram sua vis\u00e3o estrat\u00e9gica para desenvolver novos processos.<\/p>\n\n\n\n<p>A segunda-feira tamb\u00e9m mostrar\u00e1 como fidelizar clientes elevando sua experi\u00eancia de compra e como os gr\u00e1ficos precisam se preparar para o futuro.<\/p>\n\n\n\n<p><strong>Dia 18 \u2013 Inova\u00e7\u00e3o, Vendas e Gest\u00e3o \u2013 Foco no gestor e lideran\u00e7a<\/strong><\/p>\n\n\n\n<p>O visitante que passar pelo Congresso no segundo dia receber\u00e1 informa\u00e7\u00f5es atuais sobre o panorama da impress\u00e3o, como a ind\u00fastria est\u00e1 posicionada para enfrentar a transforma\u00e7\u00e3o digital, uma nova vis\u00e3o de lideran\u00e7a e gest\u00e3o, mudando regras do passado, e como preparar o seu time para um aumento do desempenho e, como consequ\u00eancia, dos resultados.<\/p>\n\n\n\n<p><strong>Dia 19 \u2013 Comunica\u00e7\u00e3o Visual \u2013 Cases, tecnologia e oportunidades<\/strong><\/p>\n\n\n\n<p>O terceiro dia ser\u00e1 voltado para quem atua na concorrida comunica\u00e7\u00e3o visual, com foco em como o empres\u00e1rio se diferencia da concorr\u00eancia.<\/p>\n\n\n\n<p>Nova vis\u00e3o de fluxo de trabalho, do design \u00e0 produ\u00e7\u00e3o, novos conceitos de precifica\u00e7\u00e3o para aumentar a competitividade, e t\u00e9cnicas comprovadas de vendas estar\u00e3o entre os t\u00f3picos discutidos.<\/p>\n\n\n\n<p><strong>Dia 20 \u2013 Sustentabilidade \u2013 Sua empresa est\u00e1 preparada?<\/strong><\/p>\n\n\n\n<p>N\u00e3o h\u00e1 como debater uma nova vis\u00e3o de empresa sem falar de sustentabilidade. O dia ser\u00e1 dedicado a falar da demanda que se transforma em necessidade na \u00e1rea de impress\u00e3o, seu impacto no mercado de embalagens, como a tecnologia se alia ao pensamento sustent\u00e1vel, e como a ind\u00fastria est\u00e1 preparada para estar ao lado das mais recentes necessidades por produtos ecologicamente corretos.<\/p>\n\n\n\n<p>A programa\u00e7\u00e3o completa est\u00e1 dispon\u00edvel em:&nbsp;<a href=\"http:\/\/www.fespabrasil.com.br\/pt\/inteligencia-grafica\" target=\"_blank\" rel=\"noreferrer noopener\">www.fespabrasil.com.br\/pt\/inteligencia-grafica<\/a><\/p>\n\n\n\n<p>Alexandre Keese relata a relev\u00e2ncia dos temas escolhidos, que foi baseado em uma curadoria com base no profundo conhecimento do mercado que a APS adquiriu ao longo dos anos.<\/p>\n\n\n\n<p>\u201cTemos conte\u00fados sobre gest\u00e3o, vendas, organiza\u00e7\u00e3o financeira, precifica\u00e7\u00e3o, digitaliza\u00e7\u00e3o de processos, montando um guia completo de como adaptar sua empresa aos novos tempos gerando bons neg\u00f3cios, em que cada detalhe \u00e9 definitivo para se destacar da concorr\u00eancia\u201d, aponta.<\/p>\n\n\n\n<p>Outro ponto positivo \u00e9 o fato dos especialistas palestrantes estarem \u00e0 disposi\u00e7\u00e3o dos visitantes ap\u00f3s as palestras para conversar individualmente, tirar d\u00favidas e ajudar em quest\u00f5es diversas.<\/p>\n\n\n\n<p>Muitos fazem parte do FESPA Expert, projeto focado na divulga\u00e7\u00e3o de conte\u00fado de qualidade aos profissionais que atuam no segmento de impress\u00e3o.<\/p>\n\n\n\n<p>A credencial gratuita e antecipada pode ser feita em:&nbsp;<a href=\"http:\/\/www.fespabrasil.com.br\/pt\" target=\"_blank\" rel=\"noreferrer noopener\">www.fespabrasil.com.br\/pt<\/a><\/p>\n\n\n\n<p><\/p>\n","protected":false},"excerpt":{"rendered":"<p>A APS Eventos anuncia o Congresso Intelig\u00eancia Gr\u00e1fica e Comunica\u00e7\u00e3o Visual na FESPA Digital Printing 2025, marcada para 17 a 20 de mar\u00e7o no Expo Center Norte, em S\u00e3o Paulo. O Congresso acontece dentro da feira durante os quatro dias e ser\u00e1 gratuito, recebendo profissionais que vivem o dia a dia da impress\u00e3o e entendem [&hellip;]<\/p>\n","protected":false},"author":3,"featured_media":4395,"comment_status":"open","ping_status":"open","sticky":false,"template":"","format":"standard","meta":{"footnotes":""},"categories":[23],"tags":[],"class_list":{"0":"post-4394","1":"post","2":"type-post","3":"status-publish","4":"format-standard","5":"has-post-thumbnail","7":"category-feirasdenegocios"},"_links":{"self":[{"href":"https:\/\/tveventos.tv.br\/index.php?rest_route=\/wp\/v2\/posts\/4394","targetHints":{"allow":["GET"]}}],"collection":[{"href":"https:\/\/tveventos.tv.br\/index.php?rest_route=\/wp\/v2\/posts"}],"about":[{"href":"https:\/\/tveventos.tv.br\/index.php?rest_route=\/wp\/v2\/types\/post"}],"author":[{"embeddable":true,"href":"https:\/\/tveventos.tv.br\/index.php?rest_route=\/wp\/v2\/users\/3"}],"replies":[{"embeddable":true,"href":"https:\/\/tveventos.tv.br\/index.php?rest_route=%2Fwp%2Fv2%2Fcomments&post=4394"}],"version-history":[{"count":1,"href":"https:\/\/tveventos.tv.br\/index.php?rest_route=\/wp\/v2\/posts\/4394\/revisions"}],"predecessor-version":[{"id":4396,"href":"https:\/\/tveventos.tv.br\/index.php?rest_route=\/wp\/v2\/posts\/4394\/revisions\/4396"}],"wp:featuredmedia":[{"embeddable":true,"href":"https:\/\/tveventos.tv.br\/index.php?rest_route=\/wp\/v2\/media\/4395"}],"wp:attachment":[{"href":"https:\/\/tveventos.tv.br\/index.php?rest_route=%2Fwp%2Fv2%2Fmedia&parent=4394"}],"wp:term":[{"taxonomy":"category","embeddable":true,"href":"https:\/\/tveventos.tv.br\/index.php?rest_route=%2Fwp%2Fv2%2Fcategories&post=4394"},{"taxonomy":"post_tag","embeddable":true,"href":"https:\/\/tveventos.tv.br\/index.php?rest_route=%2Fwp%2Fv2%2Ftags&post=4394"}],"curies":[{"name":"wp","href":"https:\/\/api.w.org\/{rel}","templated":true}]}}