{"id":4398,"date":"2025-03-12T11:52:46","date_gmt":"2025-03-12T14:52:46","guid":{"rendered":"https:\/\/tveventos.tv.br\/?p=4398"},"modified":"2025-03-12T11:52:48","modified_gmt":"2025-03-12T14:52:48","slug":"30a-edicao-da-agrishow-deve-estimular-ate-r-500-milhoes-na-economia-de-ribeirao-preto-sp-e-regiao","status":"publish","type":"post","link":"https:\/\/tveventos.tv.br\/?p=4398","title":{"rendered":"30\u00aa edi\u00e7\u00e3o da Agrishow deve estimular at\u00e9 R$ 500 milh\u00f5es na economia de Ribeir\u00e3o Preto (SP) e regi\u00e3o"},"content":{"rendered":"\n<p class=\"has-text-align-center\"><em>Rede hoteleira, restaurantes e atra\u00e7\u00f5es tur\u00edsticas da regi\u00e3o tamb\u00e9m se beneficiam do evento e geram milhares de empregos<\/em>.<\/p>\n\n\n\n<p>A 30\u00aa edi\u00e7\u00e3o da Agrishow, a principal feira de tecnologia para o agroneg\u00f3cio da Am\u00e9rica Latina, deve estimular o cen\u00e1rio econ\u00f4mico de Ribeir\u00e3o Preto e munic\u00edpios vizinhos, no interior de S\u00e3o Paulo. Com base em levantamentos realizados pela Secretaria de Turismo e Viagens do Estado de S\u00e3o Paulo (Setur-SP) durante as edi\u00e7\u00f5es de 2023 e 2024, estima-se que o evento deve movimentar at\u00e9 R$ 500 milh\u00f5es entre os dias 28 de abril e 2 de maio. Esse montante contemplaria os gastos dos visitantes em transporte, hospedagem, bares e restaurantes, compras em com\u00e9rcios locais, visitas a parentes e amigos, atividades culturais, entretenimento e passeios tur\u00edsticos.<\/p>\n\n\n\n<p>S\u00e3o esperados cerca de 195 mil visitantes ao longo dos cinco dias de feira, repetindo o p\u00fablico da edi\u00e7\u00e3o anterior, quando 85,7% dos participantes eram turistas vindos de outras cidades do estado de S\u00e3o Paulo, que tiveram um gasto m\u00e9dio de R$ 1.100 por pessoa.<\/p>\n\n\n\n<p>De acordo com Liliane Bortoluci, diretora da Informa Markets, empresa organizadora do evento, \u201ca Agrishow movimenta diversos setores, al\u00e9m de estimular a gera\u00e7\u00e3o de diversos empregos tempor\u00e1rios. S\u00f3 no \u00faltimo ano, mais de 7.000 trabalhadores solicitaram credenciamento para atuarem de alguma forma na feira, atendendo expositores em diversas necessidades e tamb\u00e9m durante as opera\u00e7\u00f5es de montagem, realiza\u00e7\u00e3o e desmontagem do evento. Se considerarmos ainda os empregos indiretos, esse impacto positivo \u00e9 bem maior. Com certeza muitas outras oportunidades de trabalho em diversas \u00e1reas tamb\u00e9m s\u00e3o criadas em toda a regi\u00e3o\u201d.<\/p>\n\n\n\n<p>Para Jo\u00e3o Marchesan, presidente da feira desde 2023, \u201da Agrishow reflete a for\u00e7a do agroneg\u00f3cio brasileiro e tem um impacto direto na economia regional, movimentando diversas atividades econ\u00f4micas, mas seu alcance vai al\u00e9m de Ribeir\u00e3o Preto e as cidades vizinhas. Ao longo dessas \u00faltimas d\u00e9cadas, temos aberto espa\u00e7o para investimentos no setor por meio da cria\u00e7\u00e3o e fortalecimento de conex\u00f5es entre empresas e produtores, da apresenta\u00e7\u00e3o de inova\u00e7\u00f5es tecnol\u00f3gicas e da grande variedade de produtos, servi\u00e7os e solu\u00e7\u00f5es oferecidas na feira. Isso, sem d\u00favida, mostra a todo o Brasil e a outros pa\u00edses de todo o mundo o quanto podemos fazer sempre mais e melhor pelo agroneg\u00f3cio. Por isso o impacto \u00e9 t\u00e3o consider\u00e1vel&#8221;.<\/p>\n\n\n\n<p><strong>Fa\u00e7a parte dessa edi\u00e7\u00e3o hist\u00f3rica<\/strong><\/p>\n\n\n\n<p>Os ingressos para a Agrishow 2025 j\u00e1 est\u00e3o sendo comercializados desde 20 de janeiro no&nbsp;<a href=\"https:\/\/www.agrishow.com.br\/pt\/home.html\">site oficial do evento<\/a>. Cada dia de visita\u00e7\u00e3o custa R$ 70,00 no primeiro lote, que estar\u00e1 dispon\u00edvel at\u00e9 23 de fevereiro. Como anteriormente, os interessados dever\u00e3o escolher o dia da semana em que desejam visitar a feira j\u00e1 no ato da compra.<\/p>\n\n\n\n<p>Al\u00e9m da credencial de entrada, que poder\u00e1 ser utilizada por um dia inteiro, tamb\u00e9m \u00e9 poss\u00edvel adquirir antecipadamente o ticket para uso do estacionamento, cujo valor varia de R$ 70,00 a R$ 110,00 por dia a depender do tipo de ve\u00edculo (motos, carros de passeio, vans, \u00f4nibus). Tamb\u00e9m est\u00e3o dispon\u00edveis pacotes de VIP Valet para os cinco dias de evento com acesso facilitado \u00e0 feira por R$ 550,00.<\/p>\n\n\n\n<p>O segundo lote ser\u00e1 disponibilizado a partir de 24 de fevereiro e cada dia custar\u00e1 R$ 80,00. Importante destacar que as quantidades de ingressos por dia e de tickets de estacionamento s\u00e3o limitadas. Por isso, vale antecipar as compras online. Na bilheteria do evento, que acontecer\u00e1 entre 28 de abril e 2 de maio, das 8h \u00e0s 18h, o valor di\u00e1rio da entrada ser\u00e1 de R$ 140,00.<\/p>\n\n\n\n<p>Al\u00e9m do estacionamento exclusivo da feira, haver\u00e1 tamb\u00e9m uma \u00e1rea dedicada a caravanas, que visa promover praticidade e conforto no desembarque e embarque dos participantes desses grupos.<\/p>\n\n\n\n<p><strong>Servi\u00e7o:<\/strong><\/p>\n\n\n\n<p>AGRISHOW 2025 \u2013 30\u00aa Feira Internacional de Tecnologia Agr\u00edcola em A\u00e7\u00e3o<\/p>\n\n\n\n<p>Data: 28 de abril a 2 de maio de 2025<\/p>\n\n\n\n<p>Local: Rodovia Ant\u00f4nio Duarte Nogueira, Km 321 &#8211; Ribeir\u00e3o Preto (SP)<\/p>\n\n\n\n<p>Hor\u00e1rio: das 8h \u00e0s 18h<\/p>\n\n\n\n<p>www.agrishow.com.br<\/p>\n\n\n\n<p><strong>Sobre a Agrishow<\/strong><\/p>\n\n\n\n<p>A Agrishow 2025 \u00e9 uma iniciativa das entidades: Abag \u2013 Associa\u00e7\u00e3o Brasileira do Agroneg\u00f3cio, Abimaq \u2013 Associa\u00e7\u00e3o Brasileira da Ind\u00fastria de M\u00e1quinas e Equipamentos, Anda \u2013 Associa\u00e7\u00e3o Nacional para Difus\u00e3o de Adubos, Faesp \u2013 Federa\u00e7\u00e3o da Agricultura e da Pecu\u00e1ria do Estado de S\u00e3o Paulo e SRB &#8211; Sociedade Rural Brasileira. O evento \u00e9 organizado pela Informa Markets, l\u00edder global em promo\u00e7\u00e3o e conex\u00e3o de audi\u00eancias, conte\u00fado digital especializado, feiras de neg\u00f3cios, eventos h\u00edbridos e intelig\u00eancia de mercado.<\/p>\n\n\n\n<p><\/p>\n","protected":false},"excerpt":{"rendered":"<p>Rede hoteleira, restaurantes e atra\u00e7\u00f5es tur\u00edsticas da regi\u00e3o tamb\u00e9m se beneficiam do evento e geram milhares de empregos. A 30\u00aa edi\u00e7\u00e3o da Agrishow, a principal feira de tecnologia para o agroneg\u00f3cio da Am\u00e9rica Latina, deve estimular o cen\u00e1rio econ\u00f4mico de Ribeir\u00e3o Preto e munic\u00edpios vizinhos, no interior de S\u00e3o Paulo. Com base em levantamentos realizados [&hellip;]<\/p>\n","protected":false},"author":2,"featured_media":4399,"comment_status":"open","ping_status":"open","sticky":false,"template":"","format":"standard","meta":{"footnotes":""},"categories":[23],"tags":[],"class_list":{"0":"post-4398","1":"post","2":"type-post","3":"status-publish","4":"format-standard","5":"has-post-thumbnail","7":"category-feirasdenegocios"},"_links":{"self":[{"href":"https:\/\/tveventos.tv.br\/index.php?rest_route=\/wp\/v2\/posts\/4398","targetHints":{"allow":["GET"]}}],"collection":[{"href":"https:\/\/tveventos.tv.br\/index.php?rest_route=\/wp\/v2\/posts"}],"about":[{"href":"https:\/\/tveventos.tv.br\/index.php?rest_route=\/wp\/v2\/types\/post"}],"author":[{"embeddable":true,"href":"https:\/\/tveventos.tv.br\/index.php?rest_route=\/wp\/v2\/users\/2"}],"replies":[{"embeddable":true,"href":"https:\/\/tveventos.tv.br\/index.php?rest_route=%2Fwp%2Fv2%2Fcomments&post=4398"}],"version-history":[{"count":1,"href":"https:\/\/tveventos.tv.br\/index.php?rest_route=\/wp\/v2\/posts\/4398\/revisions"}],"predecessor-version":[{"id":4400,"href":"https:\/\/tveventos.tv.br\/index.php?rest_route=\/wp\/v2\/posts\/4398\/revisions\/4400"}],"wp:featuredmedia":[{"embeddable":true,"href":"https:\/\/tveventos.tv.br\/index.php?rest_route=\/wp\/v2\/media\/4399"}],"wp:attachment":[{"href":"https:\/\/tveventos.tv.br\/index.php?rest_route=%2Fwp%2Fv2%2Fmedia&parent=4398"}],"wp:term":[{"taxonomy":"category","embeddable":true,"href":"https:\/\/tveventos.tv.br\/index.php?rest_route=%2Fwp%2Fv2%2Fcategories&post=4398"},{"taxonomy":"post_tag","embeddable":true,"href":"https:\/\/tveventos.tv.br\/index.php?rest_route=%2Fwp%2Fv2%2Ftags&post=4398"}],"curies":[{"name":"wp","href":"https:\/\/api.w.org\/{rel}","templated":true}]}}