{"id":4409,"date":"2025-03-12T13:46:00","date_gmt":"2025-03-12T16:46:00","guid":{"rendered":"https:\/\/tveventos.tv.br\/?p=4409"},"modified":"2025-03-12T13:46:01","modified_gmt":"2025-03-12T16:46:01","slug":"fruit-attraction","status":"publish","type":"post","link":"https:\/\/tveventos.tv.br\/?p=4409","title":{"rendered":"FRUIT ATTRACTION"},"content":{"rendered":"\n<p>A Fruit Attraction S\u00e3o Paulo est\u00e1 se consolidando como a principal feira internacional para o mercado de frutas e vegetais do hemisf\u00e9rio Sul , alternando com a Fruit Attraction Madrid, o principal evento do hemisf\u00e9rio Norte. A Fruit Attraction S\u00e3o Paulo \u00e9 o ponto de encontro, n\u00e3o apenas para produtores de todos os estados brasileiros, mas tamb\u00e9m de pa\u00edses da Am\u00e9rica Latina .<\/p>\n\n\n\n<p>Em sua primeira edi\u00e7\u00e3o, a Fruit Atra\u00e7\u00f5es S\u00e3o Paulo contou com o apoio fundamental de organiza\u00e7\u00f5es como ABRAFRUTAS, CEAGESP, APEX e SEBRAE e tamb\u00e9m de 8 estados ( Bahia, Esp\u00edrito Santo, Maranh\u00e3o, Par\u00e1, Paran\u00e1, Pernambuco, Rio Grande do Norte e S\u00e3o Paulo ).<\/p>\n\n\n\n<p>Organizada\u00a0 pela IFEMA MADRID e FIERA MILANO BRASIL, a Fruit Attraction S\u00e3o Paulo\u00a0 realizar\u00e1 sua segunda edi\u00e7\u00e3o de 25 a 27 de mar\u00e7o de 2025 , no\u00a0 S\u00e3o Paulo Expo &amp; Convention Center,\u00a0 onde reunir\u00e1 toda a comunidade de frutas e vegetais.<\/p>\n\n\n\n<p>Junte-se a n\u00f3s nos dias 25 a 27 de Mar\u00e7o, das 10:00h \u00e0s 18:00h no S\u00e3o Paulo Expo<\/p>\n\n\n\n<p>Endere\u00e7o: Rod. dos Imigrantes 5, S\/N, km. 1, S\u00e3o Paulo, SP, 04329-900<\/p>\n\n\n\n<p><\/p>\n","protected":false},"excerpt":{"rendered":"<p>A Fruit Attraction S\u00e3o Paulo est\u00e1 se consolidando como a principal feira internacional para o mercado de frutas e vegetais do hemisf\u00e9rio Sul , alternando com a Fruit Attraction Madrid, o principal evento do hemisf\u00e9rio Norte. A Fruit Attraction S\u00e3o Paulo \u00e9 o ponto de encontro, n\u00e3o apenas para produtores de todos os estados brasileiros, [&hellip;]<\/p>\n","protected":false},"author":3,"featured_media":4410,"comment_status":"open","ping_status":"open","sticky":false,"template":"","format":"standard","meta":{"footnotes":""},"categories":[25],"tags":[],"class_list":{"0":"post-4409","1":"post","2":"type-post","3":"status-publish","4":"format-standard","5":"has-post-thumbnail","7":"category-calendariodeeventos"},"_links":{"self":[{"href":"https:\/\/tveventos.tv.br\/index.php?rest_route=\/wp\/v2\/posts\/4409","targetHints":{"allow":["GET"]}}],"collection":[{"href":"https:\/\/tveventos.tv.br\/index.php?rest_route=\/wp\/v2\/posts"}],"about":[{"href":"https:\/\/tveventos.tv.br\/index.php?rest_route=\/wp\/v2\/types\/post"}],"author":[{"embeddable":true,"href":"https:\/\/tveventos.tv.br\/index.php?rest_route=\/wp\/v2\/users\/3"}],"replies":[{"embeddable":true,"href":"https:\/\/tveventos.tv.br\/index.php?rest_route=%2Fwp%2Fv2%2Fcomments&post=4409"}],"version-history":[{"count":1,"href":"https:\/\/tveventos.tv.br\/index.php?rest_route=\/wp\/v2\/posts\/4409\/revisions"}],"predecessor-version":[{"id":4411,"href":"https:\/\/tveventos.tv.br\/index.php?rest_route=\/wp\/v2\/posts\/4409\/revisions\/4411"}],"wp:featuredmedia":[{"embeddable":true,"href":"https:\/\/tveventos.tv.br\/index.php?rest_route=\/wp\/v2\/media\/4410"}],"wp:attachment":[{"href":"https:\/\/tveventos.tv.br\/index.php?rest_route=%2Fwp%2Fv2%2Fmedia&parent=4409"}],"wp:term":[{"taxonomy":"category","embeddable":true,"href":"https:\/\/tveventos.tv.br\/index.php?rest_route=%2Fwp%2Fv2%2Fcategories&post=4409"},{"taxonomy":"post_tag","embeddable":true,"href":"https:\/\/tveventos.tv.br\/index.php?rest_route=%2Fwp%2Fv2%2Ftags&post=4409"}],"curies":[{"name":"wp","href":"https:\/\/api.w.org\/{rel}","templated":true}]}}