{"id":4413,"date":"2025-03-12T14:15:42","date_gmt":"2025-03-12T17:15:42","guid":{"rendered":"https:\/\/tveventos.tv.br\/?p=4413"},"modified":"2025-03-12T14:15:43","modified_gmt":"2025-03-12T17:15:43","slug":"geduc-2025","status":"publish","type":"post","link":"https:\/\/tveventos.tv.br\/?p=4413","title":{"rendered":"GEDUC 2025"},"content":{"rendered":"\n<p>Reconhecido nacionalmente como o principal congresso de gest\u00e3o educacional do Brasil, desde a sua 1\u00aa edi\u00e7\u00e3o, em 2003, o GEduc re\u00fane os mais relevantes players da \u00e1rea para tr\u00eas dias de imers\u00e3o que envolvem conte\u00fados de alto n\u00edvel.<\/p>\n\n\n\n<p>\u200bConcomitante ao congresso, h\u00e1 uma Exposi\u00e7\u00e3o com a participa\u00e7\u00e3o de mais de 60 empresas que apresentam as \u00faltimas novidades em produtos e servi\u00e7os educacionais.<\/p>\n\n\n\n<p>O evento \u00e9 promovido pela HUMUS, empresa que realiza capacita\u00e7\u00f5es para gestores de universidades e escolas, al\u00e9m de possuir solu\u00e7\u00f5es em consultoria e sele\u00e7\u00e3o de profissionais \u2013 servi\u00e7os tamb\u00e9m exclusivos para o segmento educacional.<\/p>\n\n\n\n<p>\u200bCom palestrantes de renome, o GEduc \u00e9 um evento fundamental para os gestores educacionais brasileiros.<\/p>\n\n\n\n<p>Junte-se a n\u00f3s nos dias 26 a 28 de Mar\u00e7o, das 09:00h \u00e0s 18:30h no Pro Magno<\/p>\n\n\n\n<p>Endere\u00e7o: Avenida Professora Ida Kolb 513, S\u00e3o Paulo, S\u00e3o Paulo, 02518-000<\/p>\n\n\n\n<p><\/p>\n","protected":false},"excerpt":{"rendered":"<p>Reconhecido nacionalmente como o principal congresso de gest\u00e3o educacional do Brasil, desde a sua 1\u00aa edi\u00e7\u00e3o, em 2003, o GEduc re\u00fane os mais relevantes players da \u00e1rea para tr\u00eas dias de imers\u00e3o que envolvem conte\u00fados de alto n\u00edvel. \u200bConcomitante ao congresso, h\u00e1 uma Exposi\u00e7\u00e3o com a participa\u00e7\u00e3o de mais de 60 empresas que apresentam as [&hellip;]<\/p>\n","protected":false},"author":3,"featured_media":4414,"comment_status":"open","ping_status":"open","sticky":false,"template":"","format":"standard","meta":{"footnotes":""},"categories":[25],"tags":[],"class_list":{"0":"post-4413","1":"post","2":"type-post","3":"status-publish","4":"format-standard","5":"has-post-thumbnail","7":"category-calendariodeeventos"},"_links":{"self":[{"href":"https:\/\/tveventos.tv.br\/index.php?rest_route=\/wp\/v2\/posts\/4413","targetHints":{"allow":["GET"]}}],"collection":[{"href":"https:\/\/tveventos.tv.br\/index.php?rest_route=\/wp\/v2\/posts"}],"about":[{"href":"https:\/\/tveventos.tv.br\/index.php?rest_route=\/wp\/v2\/types\/post"}],"author":[{"embeddable":true,"href":"https:\/\/tveventos.tv.br\/index.php?rest_route=\/wp\/v2\/users\/3"}],"replies":[{"embeddable":true,"href":"https:\/\/tveventos.tv.br\/index.php?rest_route=%2Fwp%2Fv2%2Fcomments&post=4413"}],"version-history":[{"count":1,"href":"https:\/\/tveventos.tv.br\/index.php?rest_route=\/wp\/v2\/posts\/4413\/revisions"}],"predecessor-version":[{"id":4415,"href":"https:\/\/tveventos.tv.br\/index.php?rest_route=\/wp\/v2\/posts\/4413\/revisions\/4415"}],"wp:featuredmedia":[{"embeddable":true,"href":"https:\/\/tveventos.tv.br\/index.php?rest_route=\/wp\/v2\/media\/4414"}],"wp:attachment":[{"href":"https:\/\/tveventos.tv.br\/index.php?rest_route=%2Fwp%2Fv2%2Fmedia&parent=4413"}],"wp:term":[{"taxonomy":"category","embeddable":true,"href":"https:\/\/tveventos.tv.br\/index.php?rest_route=%2Fwp%2Fv2%2Fcategories&post=4413"},{"taxonomy":"post_tag","embeddable":true,"href":"https:\/\/tveventos.tv.br\/index.php?rest_route=%2Fwp%2Fv2%2Ftags&post=4413"}],"curies":[{"name":"wp","href":"https:\/\/api.w.org\/{rel}","templated":true}]}}