{"id":4416,"date":"2025-03-13T16:06:04","date_gmt":"2025-03-13T19:06:04","guid":{"rendered":"https:\/\/tveventos.tv.br\/?p=4416"},"modified":"2025-03-13T16:06:07","modified_gmt":"2025-03-13T19:06:07","slug":"expopostos-conveniencia-2026-inicia-comercializacao-de-area-de-exposicao","status":"publish","type":"post","link":"https:\/\/tveventos.tv.br\/?p=4416","title":{"rendered":"ExpoPostos &amp; Conveni\u00eancia 2026 inicia comercializa\u00e7\u00e3o de \u00e1rea de exposi\u00e7\u00e3o"},"content":{"rendered":"\n<p>A ExpoPostos &amp; Conveni\u00eancia 2026, o maior evento da Am\u00e9rica Latina para o setor de postos de servi\u00e7os, equipamentos, lojas de conveni\u00eancia e food service, inicia sua fase de comercializa\u00e7\u00e3o de espa\u00e7o aos expositores.<\/p>\n\n\n\n<p>Al\u00e9m da feira, tamb\u00e9m ser\u00e1 realizado o F\u00f3rum Internacional de Postos de Servi\u00e7os e Equipamentos, Lojas de Conveni\u00eancia e Food Service.<\/p>\n\n\n\n<p>O encontro abordar\u00e1 temas focados na evolu\u00e7\u00e3o do setor, cases de sucesso, opera\u00e7\u00f5es na Am\u00e9rica Latina, tecnologia e perspectivas de mercado.<\/p>\n\n\n\n<p>O evento \u00e9 promovido pela GL events Exhibitions em parceria com a ABIEPS (Associa\u00e7\u00e3o Brasileira das Empresas de Equipamentos e de Servi\u00e7os para o Mercado de Combust\u00edveis e de Conveni\u00eancia) e a Fecombust\u00edveis (Federa\u00e7\u00e3o Nacional do Com\u00e9rcio de Combust\u00edveis e de Lubrificantes).<\/p>\n\n\n\n<p>Nos dias 2 e 3 de abril de 2025, a organiza\u00e7\u00e3o receber\u00e1 as marcas interessadas em participar da edi\u00e7\u00e3o 2026, no S\u00e3o Paulo Expo, espa\u00e7o gerido pela GL events. &nbsp;<\/p>\n\n\n\n<p>O primeiro dia de atendimento ser\u00e1 exclusivo para associados da ABIEPS, que poder\u00e3o agendar um hor\u00e1rio diretamente com a associa\u00e7\u00e3o, e acontecer\u00e1 das 10h \u00e0s 18h.<\/p>\n\n\n\n<p>J\u00e1 no segundo dia, as demais empresas interessadas ser\u00e3o atendidas por ordem de chegada. No evento de lan\u00e7amento que as empresas ter\u00e3o a oportunidade de escolher os melhores lugares na planta, antes de todo o mercado.<\/p>\n\n\n\n<p>Al\u00e9m de descontos exclusivos, os participantes tamb\u00e9m receber\u00e3o novidades sobre a pr\u00f3xima edi\u00e7\u00e3o, possibilidades de ativa\u00e7\u00f5es e merchandising.<\/p>\n\n\n\n<p>A edi\u00e7\u00e3o de 2024 foi um sucesso e registrou recorde de p\u00fablico e expositores. J\u00e1 no lan\u00e7amento, 80% da comercializa\u00e7\u00e3o dos espa\u00e7os foram fechados em apenas 2 dias.<\/p>\n\n\n\n<p>\u201cO mercado de conveni\u00eancia est\u00e1 aquecido e feiras como esta podem atrair novas marcas que abastecem toda a cadeia\u201d, afirma Tatiana Zaccaro, diretora da GL events Exhibitions, respons\u00e1vel pelo evento.<\/p>\n\n\n\n<p>\u201cPara a edi\u00e7\u00e3o de 2026, vamos trazer novas tecnologias para lojas de conveni\u00eancia, solu\u00e7\u00f5es para personaliza\u00e7\u00e3o para o varejo, automa\u00e7\u00e3o e inova\u00e7\u00e3o no food service\u201d, completa.<\/p>\n\n\n\n<p>A executiva tamb\u00e9m adianta que o evento contar\u00e1 com debates estrat\u00e9gicos sobre como adaptar as inova\u00e7\u00f5es globais \u00e0 realidade do mercado brasileiro.<\/p>\n\n\n\n<p><strong>SERVI\u00c7O:<\/strong><\/p>\n\n\n\n<p><em>Evento de lan\u00e7amento<\/em><\/p>\n\n\n\n<p>Data: 2 e 3 de abril de 2025, sendo o primeiro dia apenas para associados da ABIEPS<\/p>\n\n\n\n<p>Hor\u00e1rio: 10h \u00e0s 18h<\/p>\n\n\n\n<p>Local: Sala 206, S\u00e3o Paulo Expo (Mezanino)<\/p>\n\n\n\n<p>Endere\u00e7o: Rodovia dos Imigrantes Km 1,5 \u2013 Vila \u00c1gua Funda, S\u00e3o Paulo \u2013 SP<\/p>\n\n\n\n<p>Inscri\u00e7\u00f5es:&nbsp;<a href=\"https:\/\/relacionamento.expopostos.com.br\/lancamento-expopostos-conveniencia-2026\" target=\"_blank\" rel=\"noreferrer noopener\">https:\/\/relacionamento.expopostos.com.br\/lancamento-expopostos-conveniencia-2026<\/a><\/p>\n\n\n\n<p>Observa\u00e7\u00e3o: O atendimento ser\u00e1 realizado por ordem de chegada.<\/p>\n","protected":false},"excerpt":{"rendered":"<p>A ExpoPostos &amp; Conveni\u00eancia 2026, o maior evento da Am\u00e9rica Latina para o setor de postos de servi\u00e7os, equipamentos, lojas de conveni\u00eancia e food service, inicia sua fase de comercializa\u00e7\u00e3o de espa\u00e7o aos expositores. Al\u00e9m da feira, tamb\u00e9m ser\u00e1 realizado o F\u00f3rum Internacional de Postos de Servi\u00e7os e Equipamentos, Lojas de Conveni\u00eancia e Food Service. [&hellip;]<\/p>\n","protected":false},"author":2,"featured_media":4417,"comment_status":"open","ping_status":"open","sticky":false,"template":"","format":"standard","meta":{"footnotes":""},"categories":[23],"tags":[],"class_list":{"0":"post-4416","1":"post","2":"type-post","3":"status-publish","4":"format-standard","5":"has-post-thumbnail","7":"category-feirasdenegocios"},"_links":{"self":[{"href":"https:\/\/tveventos.tv.br\/index.php?rest_route=\/wp\/v2\/posts\/4416","targetHints":{"allow":["GET"]}}],"collection":[{"href":"https:\/\/tveventos.tv.br\/index.php?rest_route=\/wp\/v2\/posts"}],"about":[{"href":"https:\/\/tveventos.tv.br\/index.php?rest_route=\/wp\/v2\/types\/post"}],"author":[{"embeddable":true,"href":"https:\/\/tveventos.tv.br\/index.php?rest_route=\/wp\/v2\/users\/2"}],"replies":[{"embeddable":true,"href":"https:\/\/tveventos.tv.br\/index.php?rest_route=%2Fwp%2Fv2%2Fcomments&post=4416"}],"version-history":[{"count":1,"href":"https:\/\/tveventos.tv.br\/index.php?rest_route=\/wp\/v2\/posts\/4416\/revisions"}],"predecessor-version":[{"id":4418,"href":"https:\/\/tveventos.tv.br\/index.php?rest_route=\/wp\/v2\/posts\/4416\/revisions\/4418"}],"wp:featuredmedia":[{"embeddable":true,"href":"https:\/\/tveventos.tv.br\/index.php?rest_route=\/wp\/v2\/media\/4417"}],"wp:attachment":[{"href":"https:\/\/tveventos.tv.br\/index.php?rest_route=%2Fwp%2Fv2%2Fmedia&parent=4416"}],"wp:term":[{"taxonomy":"category","embeddable":true,"href":"https:\/\/tveventos.tv.br\/index.php?rest_route=%2Fwp%2Fv2%2Fcategories&post=4416"},{"taxonomy":"post_tag","embeddable":true,"href":"https:\/\/tveventos.tv.br\/index.php?rest_route=%2Fwp%2Fv2%2Ftags&post=4416"}],"curies":[{"name":"wp","href":"https:\/\/api.w.org\/{rel}","templated":true}]}}