{"id":4419,"date":"2025-03-14T14:39:05","date_gmt":"2025-03-14T17:39:05","guid":{"rendered":"https:\/\/tveventos.tv.br\/?p=4419"},"modified":"2025-03-14T14:39:06","modified_gmt":"2025-03-14T17:39:06","slug":"fruit-attraction-sao-paulo-2025-amplia-oportunidades-de-negocios","status":"publish","type":"post","link":"https:\/\/tveventos.tv.br\/?p=4419","title":{"rendered":"Fruit Attraction S\u00e3o Paulo 2025 amplia oportunidades de neg\u00f3cios"},"content":{"rendered":"\n<p>A Fruit Attraction S\u00e3o Paulo, que acontece de 25 a 27 de mar\u00e7o de 2025, no S\u00e3o Paulo Expo, ser\u00e1, uma vez mais, uma grande vitrine para que agricultores familiares.<\/p>\n\n\n\n<p>Eles poder\u00e3o expor sua produ\u00e7\u00e3o de frutas e hortali\u00e7as, estabelecendo contato direto com compradores nacionais e internacionais de mais de 48 pa\u00edses.<\/p>\n\n\n\n<p>\u201cOs principais estados brasileiros estar\u00e3o presentes\u201d, adianta Maur\u00edcio Duval Macedo, CEO da Fiera Milano Brasil, uma das co-realizadoras do evento ao lado da Institui\u00e7\u00e3o de Feiras de Madrid (Ifema).<\/p>\n\n\n\n<p>\u201cE por meio de suas respectivas secretarias de agricultura trazem grupos de produtores, que ter\u00e3o a oportunidade de negociar diretamente com potenciais clientes, nos estandes ou nas diversas rodadas de neg\u00f3cios que acontecer\u00e3o durante o evento\u201d, completa.<\/p>\n\n\n\n<p>O executivo explica que a ideia \u00e9 dar visibilidade \u00e0 diversidade, qualidade e sustentabilidade da fruticultura brasileira para o mundo e reafirmar a feira como uma plataforma global para o produto nacional.<\/p>\n\n\n\n<p>Entre os estados j\u00e1 confirmados est\u00e3o Bahia, Cear\u00e1, Distrito Federal, Esp\u00edrito Santo, Pernambuco e Rio Grande do Norte.<\/p>\n\n\n\n<p>Em sua 2\u00aa edi\u00e7\u00e3o, a Fruit Attraction S\u00e3o Paulo avan\u00e7a para se consolidar como principal evento do segmento de frutas e hortali\u00e7as do hemisf\u00e9rio sul.<\/p>\n\n\n\n<p>\u201cTeremos a participa\u00e7\u00e3o de 400 marcas expositoras, nacionais e internacionais de mais de 18 pa\u00edses; p\u00fablico visitante aguardado entre 15 e 20 mil pessoas\u201d, afirma Macedo.<\/p>\n\n\n\n<p>A estimativa \u00e9 de R$ 1 bilh\u00e3o em vendas. A proje\u00e7\u00e3o \u00e9 apoiada no aumento da \u00e1rea total de um para dois pavilh\u00f5es, aliado \u00e0s rodadas de neg\u00f3cios promovidas com apoio da ApexBrasil e Sebrae.<\/p>\n\n\n\n<p>Al\u00e9m da mostra de produtos, tecnologia e servi\u00e7os, a feira tamb\u00e9m ser\u00e1 palco do Fruit F\u00f3rum, espa\u00e7o de debates e apresenta\u00e7\u00f5es que reunir\u00e1 pesquisadores, empres\u00e1rios e especialistas.<\/p>\n\n\n\n<p>L\u00e1 ser\u00e3o discutidos temas relacionados \u00e0 inova\u00e7\u00e3o e mercados potenciais no segmento hortifrut\u00edcola, que nesta edi\u00e7\u00e3o conta com a participa\u00e7\u00e3o do coordenador do Insper Agro Global, Marcos Jank.<\/p>\n\n\n\n<p><strong>SERVI\u00c7O:<\/strong><\/p>\n\n\n\n<p>Data: 25 a 27 de mar\u00e7o de 2025<\/p>\n\n\n\n<p>Hor\u00e1rio: das 10h \u00e0s 18h<\/p>\n\n\n\n<p>Local: S\u00e3o Paulo Expo<\/p>\n\n\n\n<p>Endere\u00e7o: Rodovia dos Imigrantes, 1,5 km \u2013 Vila \u00c1gua Funda, S\u00e3o Paulo \u2013 SP<\/p>\n\n\n\n<p>Site:\u00a0<a href=\"https:\/\/www.ifema.es\/fruit-attraction-sao-paulo\/\" target=\"_blank\" rel=\"noreferrer noopener\">https:\/\/www.ifema.es\/fruit-attraction-sao-paulo\/<\/a><\/p>\n\n\n\n<p><a href=\"https:\/\/bit.ly\/3ZHx7Lz\" target=\"_blank\" rel=\"noreferrer noopener\"><\/a><\/p>\n","protected":false},"excerpt":{"rendered":"<p>A Fruit Attraction S\u00e3o Paulo, que acontece de 25 a 27 de mar\u00e7o de 2025, no S\u00e3o Paulo Expo, ser\u00e1, uma vez mais, uma grande vitrine para que agricultores familiares. Eles poder\u00e3o expor sua produ\u00e7\u00e3o de frutas e hortali\u00e7as, estabelecendo contato direto com compradores nacionais e internacionais de mais de 48 pa\u00edses. \u201cOs principais estados [&hellip;]<\/p>\n","protected":false},"author":3,"featured_media":4420,"comment_status":"open","ping_status":"open","sticky":false,"template":"","format":"standard","meta":{"footnotes":""},"categories":[23],"tags":[],"class_list":{"0":"post-4419","1":"post","2":"type-post","3":"status-publish","4":"format-standard","5":"has-post-thumbnail","7":"category-feirasdenegocios"},"_links":{"self":[{"href":"https:\/\/tveventos.tv.br\/index.php?rest_route=\/wp\/v2\/posts\/4419","targetHints":{"allow":["GET"]}}],"collection":[{"href":"https:\/\/tveventos.tv.br\/index.php?rest_route=\/wp\/v2\/posts"}],"about":[{"href":"https:\/\/tveventos.tv.br\/index.php?rest_route=\/wp\/v2\/types\/post"}],"author":[{"embeddable":true,"href":"https:\/\/tveventos.tv.br\/index.php?rest_route=\/wp\/v2\/users\/3"}],"replies":[{"embeddable":true,"href":"https:\/\/tveventos.tv.br\/index.php?rest_route=%2Fwp%2Fv2%2Fcomments&post=4419"}],"version-history":[{"count":1,"href":"https:\/\/tveventos.tv.br\/index.php?rest_route=\/wp\/v2\/posts\/4419\/revisions"}],"predecessor-version":[{"id":4421,"href":"https:\/\/tveventos.tv.br\/index.php?rest_route=\/wp\/v2\/posts\/4419\/revisions\/4421"}],"wp:featuredmedia":[{"embeddable":true,"href":"https:\/\/tveventos.tv.br\/index.php?rest_route=\/wp\/v2\/media\/4420"}],"wp:attachment":[{"href":"https:\/\/tveventos.tv.br\/index.php?rest_route=%2Fwp%2Fv2%2Fmedia&parent=4419"}],"wp:term":[{"taxonomy":"category","embeddable":true,"href":"https:\/\/tveventos.tv.br\/index.php?rest_route=%2Fwp%2Fv2%2Fcategories&post=4419"},{"taxonomy":"post_tag","embeddable":true,"href":"https:\/\/tveventos.tv.br\/index.php?rest_route=%2Fwp%2Fv2%2Ftags&post=4419"}],"curies":[{"name":"wp","href":"https:\/\/api.w.org\/{rel}","templated":true}]}}