{"id":4422,"date":"2025-03-14T14:49:11","date_gmt":"2025-03-14T17:49:11","guid":{"rendered":"https:\/\/tveventos.tv.br\/?p=4422"},"modified":"2025-03-14T14:49:12","modified_gmt":"2025-03-14T17:49:12","slug":"estetica-in-sp-2025-celebra-uma-decada-de-inovacao-em-abril","status":"publish","type":"post","link":"https:\/\/tveventos.tv.br\/?p=4422","title":{"rendered":"Est\u00e9tica in SP 2025 celebra uma d\u00e9cada de inova\u00e7\u00e3o em abril"},"content":{"rendered":"\n<p>De 12 a 14 de abril, o Centro de Conven\u00e7\u00f5es do Distrito Anhembi ser\u00e1 palco da 10\u00aa Est\u00e9tica in SP, consolidada como uma das maiores feiras de est\u00e9tica e bem-estar da Am\u00e9rica Latina.<\/p>\n\n\n\n<p>Ao longo de uma d\u00e9cada, o evento reuniu milhares de congressistas, expositores e visitantes, tornando-se refer\u00eancia para profissionais e entusiastas do setor.<\/p>\n\n\n\n<p>A programa\u00e7\u00e3o da Est\u00e9tica in SP foi cuidadosamente elaborada para promover o crescimento profissional por meio da capacita\u00e7\u00e3o e apresenta\u00e7\u00e3o de novidades em t\u00e9cnicas e produtos do mercado.<\/p>\n\n\n\n<p>Entre os destaques, est\u00e3o palestras que abordam as principais tend\u00eancias do setor, como tratamentos minimamente invasivos, procedimentos personalizados e o uso de tecnologias avan\u00e7adas para rejuvenescimento e cuidados com a pele.<\/p>\n\n\n\n<p>Esses temas refletem as demandas atuais dos consumidores por solu\u00e7\u00f5es eficazes e menos invasivas, alinhadas \u00e0s inova\u00e7\u00f5es tecnol\u00f3gicas que t\u00eam revolucionado o mercado de est\u00e9tica.<\/p>\n\n\n\n<p>A presen\u00e7a das mais conceituadas marcas de produtos e servi\u00e7os proporcionar\u00e1 aos participantes a oportunidade de conhecer lan\u00e7amentos e tend\u00eancias mercadol\u00f3gicas de ponta.<\/p>\n\n\n\n<p>Al\u00e9m disso, o evento oferecer\u00e1 workshops e demonstra\u00e7\u00f5es pr\u00e1ticas, permitindo que profissionais aprimorem suas habilidades e ampliem seu conhecimento sobre as novidades do setor.<\/p>\n\n\n\n<p>A Est\u00e9tica in SP n\u00e3o \u00e9 apenas uma feira; \u00e9 um ponto de encontro para networking, troca de experi\u00eancias e atualiza\u00e7\u00e3o profissional.<\/p>\n\n\n\n<p>Participar deste evento \u00e9 essencial para quem deseja se destacar no mercado de est\u00e9tica e bem-estar, aproveitando as oportunidades de crescimento e inova\u00e7\u00e3o que o setor oferece.<\/p>\n\n\n\n<p>Esses 10 anos ser\u00e3o comemorados com muito conhecimento e tamb\u00e9m m\u00fasica, com show da banda mineira Jota Quest.<\/p>\n\n\n\n<p>\u201cEstamos muito felizes por celebrar uma d\u00e9cada de Est\u00e9tica in SP, um evento que se tornou refer\u00eancia para profissionais e empresas do setor de est\u00e9tica e bem-estar\u201d, diz Eduardo Gouv\u00eaa, diretor do Grupo Est\u00e9tica In, organizador do evento.<\/p>\n\n\n\n<p>\u201cAo longo desses 10 anos, buscamos sempre oferecer o melhor conte\u00fado, as \u00faltimas tend\u00eancias e as inova\u00e7\u00f5es que impactam a sa\u00fade e o bem-estar das pessoas\u201d, completa.<\/p>\n\n\n\n<p>Eduardo explica que este evento \u00e9 a materializa\u00e7\u00e3o do compromisso da empresa com a evolu\u00e7\u00e3o do setor, proporcionando um espa\u00e7o onde todos podem se atualizar e se conectar.<\/p>\n\n\n\n<p>\u201cEsperamos que, nesta edi\u00e7\u00e3o, nossos participantes vivenciem uma experi\u00eancia inesquec\u00edvel, com muito aprendizado e upgrade profissional\u201d, finaliza.<\/p>\n\n\n\n<p><strong>SERVI\u00c7O:<\/strong><\/p>\n\n\n\n<p>Data: 12 a 14 de abril 2025<\/p>\n\n\n\n<p>Local: Centro de Conven\u00e7\u00f5es do Distrito Anhembi<\/p>\n\n\n\n<p>Site:&nbsp;<a href=\"http:\/\/www.esteticainsp.com.br\/\" target=\"_blank\" rel=\"noreferrer noopener\">www.esteticainsp.com.br<\/a><\/p>\n\n\n\n<p><\/p>\n","protected":false},"excerpt":{"rendered":"<p>De 12 a 14 de abril, o Centro de Conven\u00e7\u00f5es do Distrito Anhembi ser\u00e1 palco da 10\u00aa Est\u00e9tica in SP, consolidada como uma das maiores feiras de est\u00e9tica e bem-estar da Am\u00e9rica Latina. Ao longo de uma d\u00e9cada, o evento reuniu milhares de congressistas, expositores e visitantes, tornando-se refer\u00eancia para profissionais e entusiastas do setor. [&hellip;]<\/p>\n","protected":false},"author":3,"featured_media":4423,"comment_status":"open","ping_status":"open","sticky":false,"template":"","format":"standard","meta":{"footnotes":""},"categories":[23],"tags":[],"class_list":{"0":"post-4422","1":"post","2":"type-post","3":"status-publish","4":"format-standard","5":"has-post-thumbnail","7":"category-feirasdenegocios"},"_links":{"self":[{"href":"https:\/\/tveventos.tv.br\/index.php?rest_route=\/wp\/v2\/posts\/4422","targetHints":{"allow":["GET"]}}],"collection":[{"href":"https:\/\/tveventos.tv.br\/index.php?rest_route=\/wp\/v2\/posts"}],"about":[{"href":"https:\/\/tveventos.tv.br\/index.php?rest_route=\/wp\/v2\/types\/post"}],"author":[{"embeddable":true,"href":"https:\/\/tveventos.tv.br\/index.php?rest_route=\/wp\/v2\/users\/3"}],"replies":[{"embeddable":true,"href":"https:\/\/tveventos.tv.br\/index.php?rest_route=%2Fwp%2Fv2%2Fcomments&post=4422"}],"version-history":[{"count":1,"href":"https:\/\/tveventos.tv.br\/index.php?rest_route=\/wp\/v2\/posts\/4422\/revisions"}],"predecessor-version":[{"id":4424,"href":"https:\/\/tveventos.tv.br\/index.php?rest_route=\/wp\/v2\/posts\/4422\/revisions\/4424"}],"wp:featuredmedia":[{"embeddable":true,"href":"https:\/\/tveventos.tv.br\/index.php?rest_route=\/wp\/v2\/media\/4423"}],"wp:attachment":[{"href":"https:\/\/tveventos.tv.br\/index.php?rest_route=%2Fwp%2Fv2%2Fmedia&parent=4422"}],"wp:term":[{"taxonomy":"category","embeddable":true,"href":"https:\/\/tveventos.tv.br\/index.php?rest_route=%2Fwp%2Fv2%2Fcategories&post=4422"},{"taxonomy":"post_tag","embeddable":true,"href":"https:\/\/tveventos.tv.br\/index.php?rest_route=%2Fwp%2Fv2%2Ftags&post=4422"}],"curies":[{"name":"wp","href":"https:\/\/api.w.org\/{rel}","templated":true}]}}